{"id":40883,"date":"2024-05-27T14:21:04","date_gmt":"2024-05-27T17:21:04","guid":{"rendered":"https:\/\/www.mpal.mp.br\/?p=40883"},"modified":"2024-05-27T14:21:54","modified_gmt":"2024-05-27T17:21:54","slug":"ministerio-publico-comeca-a-discutir-planos-de-atuacao-e-gestao-para-o-bienio-2024-2025","status":"publish","type":"post","link":"https:\/\/www.mpal.mp.br\/?p=40883","title":{"rendered":"Minist\u00e9rio P\u00fablico come\u00e7a a discutir Planos de Atua\u00e7\u00e3o e Gest\u00e3o para o bi\u00eanio 2024-2025"},"content":{"rendered":"<div class=\"fusion-fullwidth fullwidth-box fusion-builder-row-1 nonhundred-percent-fullwidth non-hundred-percent-height-scrolling\"  style='background-color: #ffffff;background-position: center center;background-repeat: no-repeat;padding-top:0px;padding-right:0px;padding-bottom:0px;padding-left:0px;'><div class=\"fusion-builder-row fusion-row \"><div  class=\"fusion-layout-column fusion_builder_column fusion_builder_column_1_1 fusion-builder-column-1 fusion-one-full fusion-column-first fusion-column-last 1_1\"  style='margin-top:0px;margin-bottom:0px;'>\n\t\t\t\t\t<div class=\"fusion-column-wrapper\" style=\"padding: 0px 0px 0px 0px;background-position:left top;background-repeat:no-repeat;-webkit-background-size:cover;-moz-background-size:cover;-o-background-size:cover;background-size:cover;\"   data-bg-url=\"\">\n\t\t\t\t\t\t<div class=\"fusion-text\"><p class=\"western\" align=\"justify\"><span style=\"font-family: helvetica, arial, sans-serif; font-size: 10pt;\">O assunto foi Plano de A\u00e7\u00e3o e Gest\u00e3o e a primeira oficina ocorreu na sexta-feira (24), no Centro de Apoio Operacional \u00e0s Promotorias de Justi\u00e7a (Caop), em Macei\u00f3, contando com a participa\u00e7\u00e3o do corregedor-geral do MPAL, Maur\u00edcio Pitta, do diretor do Caop, Jos\u00e9 Ant\u00f4nio Malta Marques, da assessora de <span style=\"color: #000000;\">Planejamento e Gest\u00e3o Estrat\u00e9gica, Stela Cavalcanti, e <\/span><span style=\"color: #000000;\">de <\/span><span style=\"color: #000000;\">todos os <\/span><span style=\"color: #000000;\"><span lang=\"pt-BR\">coordenad<\/span><\/span><span style=\"color: #000000;\">ores de n\u00facleos da capital. <\/span><span style=\"color: #000000;\">Considerada de extrema <\/span><span style=\"color: #000000;\"><span lang=\"pt-BR\">r<\/span><\/span><span style=\"color: #000000;\"><span lang=\"pt-BR\">elev\u00e2nci<\/span><\/span><span style=\"color: #000000;\">a, foi o pontap\u00e9 para procuradores e promotores de Justi\u00e7a discutirem metas <\/span><span style=\"color: #000000;\">institucionais <\/span><span style=\"color: #000000;\">priorizando o fator resolutividade que deve ser uma caracter\u00edstica cada vez mais forte do Minist\u00e9rio P\u00fablico brasileiro. <\/span><span style=\"color: #000000;\">As defini\u00e7\u00f5es devem ser executadas no bi\u00eanio 20224-2025.<\/span><\/span><\/p>\n<p class=\"western\" align=\"justify\"><span style=\"font-family: helvetica, arial, sans-serif; font-size: 10pt;\">Por orienta\u00e7\u00e3o do procurador-geral de Justi\u00e7a, Lean Ara\u00fajo, <span style=\"color: #000000;\"><span lang=\"pt-BR\">e<\/span><\/span><span style=\"color: #000000;\"><span lang=\"pt-BR\">m sequ\u00eancia ser\u00e1 a<\/span><\/span> vez <span style=\"color: #000000;\"><span lang=\"pt-BR\">d<\/span><\/span>as promotorias de Justi\u00e7a de primeira entr\u00e2ncia discutirem a elabora\u00e7\u00e3o dos seus planos de atua\u00e7\u00e3o.<\/span><\/p>\n<p class=\"western\" align=\"justify\"><span style=\"font-family: helvetica, arial, sans-serif; font-size: 10pt;\"><span style=\"color: #000000;\">A <\/span><span style=\"color: #000000;\">Procuradoria-Geral de Justi\u00e7a, <\/span><span style=\"color: #000000;\">a <\/span><span style=\"color: #000000;\">Procuradoria de Justi\u00e7a Criminal, <\/span><span style=\"color: #000000;\">a <\/span><span style=\"color: #000000;\">Procuradoria de Justi\u00e7a C\u00edvel, <\/span><span style=\"color: #000000;\">as <\/span><span style=\"color: #000000;\">Promotorias de Justi\u00e7a, <\/span><span style=\"color: #000000;\">o <\/span><span style=\"color: #000000;\">Centro de Apoio Operacional \u00e0s Promotorias de Justi\u00e7a (Caop), <\/span><span style=\"color: #000000;\">o <\/span><span style=\"color: #000000;\">Grupo de Atua\u00e7\u00e3o Especial de Combate ao Crime Organizado (Gaeco) e <\/span><span style=\"color: #000000;\">o <\/span><span style=\"color: #000000;\">Grupo de Atua\u00e7\u00e3o Especial em Sonega\u00e7\u00e3o Fiscal e Lavagem de Bens (<\/span><span style=\"color: #000000;\">Gaesf<\/span><span style=\"color: #000000;\">) s\u00e3o os indicados para o cumprimento d<\/span><span style=\"color: #000000;\"><span lang=\"pt-BR\">o <\/span><\/span><span style=\"color: #000000;\"><span lang=\"pt-BR\">que for discutido, elaborado e e<\/span><\/span><span style=\"color: #000000;\"><span lang=\"pt-BR\">xecutado<\/span><\/span><span style=\"color: #000000;\">.<\/span><\/span><\/p>\n<p class=\"western\" align=\"justify\"><span style=\"font-family: helvetica, arial, sans-serif; font-size: 10pt;\">A <span style=\"color: #000000;\">Assessoria de Planejamento e Gest\u00e3o Estrat\u00e9gica<\/span> (Asplage) ficou incumbida de dar suporte ao processo <span style=\"color: #000000;\"><span lang=\"pt-BR\">atuan<\/span><\/span><span style=\"color: #000000;\"><span lang=\"pt-BR\">do<\/span><\/span><span style=\"color: #000000;\"><span lang=\"pt-BR\"> na <\/span><\/span>divulga\u00e7\u00e3o e capacita\u00e7\u00e3o, al\u00e9m de auxiliar todos os \u00f3rg\u00e3os acima mencionados.<\/span><\/p>\n<p class=\"western\" align=\"justify\"><span style=\"font-family: helvetica, arial, sans-serif; font-size: 10pt;\"><span style=\"color: #000000;\">\u201c<\/span><span style=\"color: #000000;\"><span lang=\"pt-BR\">Na sexta-feira tivemos a<\/span><\/span><span style=\"color: #000000;\"> primeira experi\u00eancia <\/span><span style=\"color: #000000;\"><span lang=\"pt-BR\">para a<\/span><\/span><span style=\"color: #000000;\"> cria\u00e7\u00e3o de planos de atua\u00e7\u00e3o e gest\u00e3o do Minist\u00e9rio P\u00fablico de Alagoas, foi uma determina\u00e7\u00e3o do <\/span><span style=\"color: #000000;\"><span lang=\"pt-BR\">CNMP<\/span><\/span><span style=\"color: #000000;\">, recepcionada por nossa institui\u00e7\u00e3o, <\/span><span style=\"color: #000000;\"><span lang=\"pt-BR\">a<\/span><\/span><span style=\"color: #000000;\"><span lang=\"pt-BR\">trav\u00e9s<\/span><\/span><span style=\"color: #000000;\"> da sua corregedoria. <\/span><span style=\"color: #000000;\"><span lang=\"pt-BR\">C<\/span><\/span><span style=\"color: #000000;\">ome\u00e7amos o trabalho com a participa\u00e7\u00e3o d<\/span><span style=\"color: #000000;\">e<\/span><span style=\"color: #000000;\"> pessoas que, certamente, ser\u00e3o nossos multiplicadores desse conhecimento adquirido de forma pr\u00e1tica, por meio da oficina. Vale salientar que a ades\u00e3o e a participa\u00e7\u00e3o de todos \u00e9 imprescind\u00edvel para que <\/span><span style=\"color: #000000;\"><span lang=\"pt-BR\">o <\/span><\/span><span style=\"color: #000000;\"><span lang=\"pt-BR\">Minist\u00e9rio P\u00fablico<\/span><\/span><span style=\"color: #000000;\">, como um todo, tenha seu plano de atua\u00e7\u00e3o e gest\u00e3o\u201d, <\/span><span style=\"color: #000000;\">afirma a promotora de Justi\u00e7a Stela Cavalcanti.<\/span><\/span><\/p>\n<p class=\"western\" align=\"justify\"><span style=\"font-family: helvetica, arial, sans-serif; font-size: 10pt;\"><span style=\"color: #000000;\">De acordo com o assentado no artigo 2\u00ba da Resolu\u00e7\u00e3o CPJ n\u00ba 26\/2023, do Col\u00e9gio de Procuradores de Justi\u00e7a do Minist\u00e9rio P\u00fablico de Alagoas , <\/span><span style=\"color: #000000;\">seguindo a <\/span><span style=\"color: #000000;\">Recomenda\u00e7\u00e3o de n\u00ba 1\/2023 do Conselho Nacional do Minist\u00e9rio P\u00fablico (CNMP), tais Planos de Atua\u00e7\u00e3o e Gest\u00e3o devem perdurar por dois anos. <\/span><span style=\"color: #000000;\">Eles s\u00e3o <\/span><span style=\"color: #000000;\">direcionad<\/span><span style=\"color: #000000;\">os<\/span><span style=\"color: #000000;\"> a \u00f3rg\u00e3os de execu\u00e7\u00e3o e de apoio operacional.<\/span><\/span><\/p>\n<p class=\"western\" align=\"justify\"><span style=\"font-family: helvetica, arial, sans-serif; font-size: 10pt;\">A oficina serviu para a constru\u00e7\u00e3o dos planos e na ocasi\u00e3o os participantes preencheram <span style=\"color: #000000;\"><span lang=\"pt-BR\">u<\/span><\/span><span style=\"color: #000000;\"><span lang=\"pt-BR\">m<\/span><\/span> formul\u00e1rio criado pelo setor de Tecnologia da Informa\u00e7\u00e3o, espec\u00edfico para os n\u00facleos que comp\u00f5em o Caop, Ao final da manh\u00e3 todos os planos estavam conclu\u00eddos, foram impressos e, segundo a promotora de Justi\u00e7a Stela Cavalcanti, ser\u00e3o publicados no Di\u00e1rio Oficial.<\/span><\/p>\n<\/div><style type=\"text\/css\">.fusion-gallery-1 .fusion-gallery-image {border:0px solid #f6f6f6;-webkit-border-radius:5px;-moz-border-radius:5px;border-radius:5px;}<\/style><div class=\"fusion-gallery fusion-gallery-container fusion-grid-3 fusion-columns-total-0 fusion-gallery-layout-grid fusion-gallery-1\" style=\"margin:-5px;\"><div style=\"padding:5px;\" class=\"fusion-grid-column fusion-gallery-column fusion-gallery-column-3 hover-type-none\"><div class=\"fusion-gallery-image\"><a href=\"https:\/\/www.mpal.mp.br\/wp-content\/uploads\/2024\/05\/IMG-20240527-WA0007.jpg\" rel=\"noreferrer\" data-rel=\"iLightbox[gallery_image_1]\" class=\"fusion-lightbox\" target=\"_self\"><img loading=\"lazy\" decoding=\"async\" src=\"https:\/\/www.mpal.mp.br\/wp-content\/uploads\/2024\/05\/IMG-20240527-WA0007.jpg\" width=\"1280\" height=\"751\" alt=\"\" title=\"IMG-20240527-WA0007\" aria-label=\"IMG-20240527-WA0007\" class=\"img-responsive wp-image-40797\" \/><\/a><\/div><\/div><\/div><div class=\"fusion-clearfix\"><\/div>\n\n\t\t\t\t\t<\/div>\n\t\t\t\t<\/div><\/div><\/div>\n","protected":false},"excerpt":{"rendered":"","protected":false},"author":8,"featured_media":40801,"comment_status":"open","ping_status":"open","sticky":false,"template":"","format":"standard","meta":{"om_disable_all_campaigns":false,"_monsterinsights_skip_tracking":false,"_monsterinsights_sitenote_active":false,"_monsterinsights_sitenote_note":"","_monsterinsights_sitenote_category":0,"_uf_show_specific_survey":0,"_uf_disable_surveys":false,"footnotes":""},"categories":[2],"tags":[],"class_list":["post-40883","post","type-post","status-publish","format-standard","has-post-thumbnail","hentry","category-not_mpal"],"aioseo_notices":[],"_links":{"self":[{"href":"https:\/\/www.mpal.mp.br\/index.php?rest_route=\/wp\/v2\/posts\/40883","targetHints":{"allow":["GET"]}}],"collection":[{"href":"https:\/\/www.mpal.mp.br\/index.php?rest_route=\/wp\/v2\/posts"}],"about":[{"href":"https:\/\/www.mpal.mp.br\/index.php?rest_route=\/wp\/v2\/types\/post"}],"author":[{"embeddable":true,"href":"https:\/\/www.mpal.mp.br\/index.php?rest_route=\/wp\/v2\/users\/8"}],"replies":[{"embeddable":true,"href":"https:\/\/www.mpal.mp.br\/index.php?rest_route=%2Fwp%2Fv2%2Fcomments&post=40883"}],"version-history":[{"count":1,"href":"https:\/\/www.mpal.mp.br\/index.php?rest_route=\/wp\/v2\/posts\/40883\/revisions"}],"predecessor-version":[{"id":40884,"href":"https:\/\/www.mpal.mp.br\/index.php?rest_route=\/wp\/v2\/posts\/40883\/revisions\/40884"}],"wp:featuredmedia":[{"embeddable":true,"href":"https:\/\/www.mpal.mp.br\/index.php?rest_route=\/wp\/v2\/media\/40801"}],"wp:attachment":[{"href":"https:\/\/www.mpal.mp.br\/index.php?rest_route=%2Fwp%2Fv2%2Fmedia&parent=40883"}],"wp:term":[{"taxonomy":"category","embeddable":true,"href":"https:\/\/www.mpal.mp.br\/index.php?rest_route=%2Fwp%2Fv2%2Fcategories&post=40883"},{"taxonomy":"post_tag","embeddable":true,"href":"https:\/\/www.mpal.mp.br\/index.php?rest_route=%2Fwp%2Fv2%2Ftags&post=40883"}],"curies":[{"name":"wp","href":"https:\/\/api.w.org\/{rel}","templated":true}]}}