{"id":40130,"date":"2024-05-06T17:21:26","date_gmt":"2024-05-06T20:21:26","guid":{"rendered":"https:\/\/www.mpal.mp.br\/?p=40130"},"modified":"2024-08-07T14:04:13","modified_gmt":"2024-08-07T17:04:13","slug":"mpal-ngi-colabora-e-mandado-de-prisao-expedido-pela-justica-do-parana-e-cumprido-em-maceio","status":"publish","type":"post","link":"https:\/\/www.mpal.mp.br\/?p=40130","title":{"rendered":"MPAL: NGI colabora e mandado de pris\u00e3o expedido pela Justi\u00e7a do Paran\u00e1 \u00e9 cumprido em Macei\u00f3"},"content":{"rendered":"<p style=\"text-align: justify;\">Em mais uma atua\u00e7\u00e3o do N\u00facleo de Gest\u00e3o da Informa\u00e7\u00e3o (NGI), do Minist\u00e9rio P\u00fablico de Alagoas (MPAL), com operacionalidade do Batalh\u00e3o de Ronda Ostensiva T\u00e1tica Motorizada (Rotam), antiga Radiopatrulha, ocorreu mais uma pris\u00e3o em Macei\u00f3, na manh\u00e3 desta segunda-feira (6). O mandado de pris\u00e3o em aberto, era em desfavor de um homem e foi expedido pela Vara Criminal do Cruzeiro do Oeste, do Tribunal de Justi\u00e7a do Estado do Paran\u00e1.<\/p>\n<p style=\"text-align: justify;\">No assentamento do mandando de pris\u00e3o, consta que a pris\u00e3o teria sido decretada pelo cometimento de roubo, acontecido naquele estado. A pris\u00e3o em Macei\u00f3, contou, \u00e0 dist\u00e2ncia, com o apoio da Pol\u00edcia Civil do Paran\u00e1 e tamb\u00e9m com a For\u00e7a Nacional colaborando com informa\u00e7\u00f5es. O homem foi levado para a Delegacia do 2\u00ba Distrito Policial.<\/p>\n<p style=\"text-align: justify;\">O NGI do MPAL, apesar de n\u00e3o ter como incumb\u00eancia investigar, contribui com suas ferramentas dando suporte operacional \u00e0s pol\u00edcias em toda Alagoas. Ele \u00e9 composto por um promotor de Justi\u00e7a e integrantes das pol\u00edcias Militar e Penal.<\/p>\n<p style=\"text-align: justify;\">Com a pris\u00e3o efetuada nesta segunda-feira, o Paran\u00e1 foi inserido na lista dos estados que j\u00e1 contaram com o apoio do NGI em suas buscas, a exemplo da Bahia, Pernambuco, Minas gerais, Mato Grosso do Sul, Rio de Janeiro, Sergipe, al\u00e9m da Pol\u00edcia Federal de Alagoas.<\/p>\n","protected":false},"excerpt":{"rendered":"<p> [&hellip;]<\/p>\n","protected":false},"author":8,"featured_media":44448,"comment_status":"closed","ping_status":"closed","sticky":false,"template":"","format":"standard","meta":{"om_disable_all_campaigns":false,"_monsterinsights_skip_tracking":false,"_monsterinsights_sitenote_active":false,"_monsterinsights_sitenote_note":"","_monsterinsights_sitenote_category":0,"_uf_show_specific_survey":0,"_uf_disable_surveys":false,"footnotes":""},"categories":[2,61],"tags":[],"class_list":["post-40130","post","type-post","status-publish","format-standard","has-post-thumbnail","hentry","category-not_mpal","category-not_ngi"],"aioseo_notices":[],"_links":{"self":[{"href":"https:\/\/www.mpal.mp.br\/index.php?rest_route=\/wp\/v2\/posts\/40130","targetHints":{"allow":["GET"]}}],"collection":[{"href":"https:\/\/www.mpal.mp.br\/index.php?rest_route=\/wp\/v2\/posts"}],"about":[{"href":"https:\/\/www.mpal.mp.br\/index.php?rest_route=\/wp\/v2\/types\/post"}],"author":[{"embeddable":true,"href":"https:\/\/www.mpal.mp.br\/index.php?rest_route=\/wp\/v2\/users\/8"}],"replies":[{"embeddable":true,"href":"https:\/\/www.mpal.mp.br\/index.php?rest_route=%2Fwp%2Fv2%2Fcomments&post=40130"}],"version-history":[{"count":2,"href":"https:\/\/www.mpal.mp.br\/index.php?rest_route=\/wp\/v2\/posts\/40130\/revisions"}],"predecessor-version":[{"id":44449,"href":"https:\/\/www.mpal.mp.br\/index.php?rest_route=\/wp\/v2\/posts\/40130\/revisions\/44449"}],"wp:featuredmedia":[{"embeddable":true,"href":"https:\/\/www.mpal.mp.br\/index.php?rest_route=\/wp\/v2\/media\/44448"}],"wp:attachment":[{"href":"https:\/\/www.mpal.mp.br\/index.php?rest_route=%2Fwp%2Fv2%2Fmedia&parent=40130"}],"wp:term":[{"taxonomy":"category","embeddable":true,"href":"https:\/\/www.mpal.mp.br\/index.php?rest_route=%2Fwp%2Fv2%2Fcategories&post=40130"},{"taxonomy":"post_tag","embeddable":true,"href":"https:\/\/www.mpal.mp.br\/index.php?rest_route=%2Fwp%2Fv2%2Ftags&post=40130"}],"curies":[{"name":"wp","href":"https:\/\/api.w.org\/{rel}","templated":true}]}}