{"id":39975,"date":"2024-05-03T11:54:34","date_gmt":"2024-05-03T14:54:34","guid":{"rendered":"https:\/\/www.mpal.mp.br\/?p=39975"},"modified":"2025-06-03T13:17:07","modified_gmt":"2025-06-03T16:17:07","slug":"pgj-lean-araujo-nomeia-walber-valente-para-subprocurador-e-marcus-romulo-para-dirigir-a-escola-superior-do-mpal","status":"publish","type":"post","link":"https:\/\/www.mpal.mp.br\/?p=39975","title":{"rendered":"PGJ Lean Ara\u00fajo nomeia Walber Valente para subprocurador e Marcus R\u00f4mulo para dirigir a Escola Superior do MPAL"},"content":{"rendered":"<p align=\"justify\"><span style=\"font-family: helvetica, arial, sans-serif; font-size: 12pt;\"><span style=\"color: #000000;\">O procurador-geral de Justi\u00e7a, <\/span><span style=\"color: #000000;\">Lean Ara\u00fajo<\/span><span style=\"color: #000000;\">, nomeo<\/span><span style=\"color: #000000;\">u<\/span><span style=\"color: #000000;\"> dois membros do Minist\u00e9rio P\u00fablico do Estado de Alagoas para compor<\/span><span style=\"color: #000000;\">em<\/span><span style=\"color: #000000;\"> cargos de chefia na administra\u00e7\u00e3o superior. O novo s<\/span><span style=\"color: #000000;\">ubprocurador-<\/span><span style=\"color: #000000;\">g<\/span><span style=\"color: #000000;\">eral Administrativo-Institucional <\/span><span style=\"color: #000000;\">ser\u00e1 o <\/span><span style=\"color: #000000;\">procurador <\/span><span style=\"color: #000000;\">de Justi\u00e7a<\/span><span style=\"color: #000000;\"> Walber Jos\u00e9 Valente de Lima. <\/span><span style=\"color: #000000;\">J\u00e1 para a Escola Superior foi nomeado o promotor de Justi\u00e7a Marcus R\u00f4mulo Maia de Mello. Os atos de nomea\u00e7<\/span><span style=\"color: #000000;\">\u00e3o <\/span><span style=\"color: #000000;\">n\u00ba 89\/2024 e n\u00ba 90\/2024 <\/span><span style=\"color: #000000;\">est\u00e3o <\/span><span style=\"color: #000000;\">no <\/span><span style=\"color: #000000;\">D<\/span><span style=\"color: #000000;\">i\u00e1rio <\/span><span style=\"color: #000000;\">O<\/span><span style=\"color: #000000;\">ficial desta sexta-feira <\/span><span style=\"color: #000000;\">(3). <\/span><\/span><\/p>\n<p align=\"justify\"><span style=\"color: #000000; font-family: helvetica, arial, sans-serif; font-size: 12pt;\">Como subprocurador-geral Administrativo-Institucional, Walber Valente exercer\u00e1 fun\u00e7\u00f5es delegadas como \u00f3rg\u00e3o da administra\u00e7\u00e3o-geral, a coordena\u00e7\u00e3o de servi\u00e7os auxiliares de apoio t\u00e9cnico e administrativo e outras previstas em ato da Procuradoria-Geral de Justi\u00e7a. \u201cAceitei o desafio que me foi proposto pelo procurador-geral de Justi\u00e7a, Lean Ara\u00fajo, para assumir a Subprocuradoria-geral Administrativa-Institucional. Encaro como uma miss\u00e3o, espero corresponder cumprindo com responsabilidade as atribui\u00e7\u00f5es e as demandas\u201d, disse Walber Valente. <\/span><\/p>\n<p align=\"justify\"><span style=\"font-family: helvetica, arial, sans-serif; font-size: 12pt;\"><span style=\"color: #000000;\">O <\/span><span style=\"color: #000000;\">subprocurador-geral Judicial <\/span><span style=\"color: #000000;\">continuar\u00e1 sendo o procurador de Justi\u00e7a S\u00e9rgio Juc\u00e1, que segue como<\/span><span style=\"color: #000000;\"> respons\u00e1vel, principalmente, pelo exerc\u00edcio de fun\u00e7\u00f5es delegadas como \u00f3rg\u00e3o de execu\u00e7\u00e3o, atuando perante o Tribunal de Justi\u00e7a <\/span><span style=\"color: #000000;\">de Alagoas <\/span><span style=\"color: #000000;\">e a supervis\u00e3o da Assessoria T\u00e9cnica.<\/span><\/span><\/p>\n<p align=\"justify\"><span style=\"color: #000000; font-family: helvetica, arial, sans-serif; font-size: 12pt;\">Os dois subprocuradores-gerais substituem, de forma autom\u00e1tica e sucessiva, o procurador-geral de Justi\u00e7a em casos de afastamento e impedimento. Na falta ou aus\u00eancia de ambos, o procurador de Justi\u00e7a mais antigo \u00e9 quem responde pelo MPAL. <\/span><\/p>\n<p align=\"justify\"><span style=\"color: #000000; font-family: helvetica, arial, sans-serif; font-size: 12pt;\"><b>Escola Superior<\/b><\/span><\/p>\n<p align=\"justify\"><span style=\"color: #000000; font-size: 12pt; font-family: helvetica, arial, sans-serif;\">A Escola Superior do Minist\u00e9rio P\u00fablico do Estado de Alagoas ser\u00e1 dirigida pelo promotor de Justi\u00e7a Marcus R\u00f4mulo Maia de Mello. Dentre outras atribui\u00e7\u00f5es, ele ficar\u00e1 respons\u00e1vel por planejar e promover cursos, semin\u00e1rios, congressos, simp\u00f3sios, pesquisas, estudos e publica\u00e7\u00f5es, visando o aprimoramento profissional e cultural dos membros e servidores da institui\u00e7\u00e3o. \u201cEstou honrado e feliz pelo convite feito pela chefia do Minist\u00e9rio P\u00fablico. Vamos trabalhar para retomar a nossa Revista Jur\u00eddica, realizar o Congresso Estadual do Minist\u00e9rio P\u00fablico de Alagoas e tra\u00e7ar estrat\u00e9gias para oferecermos cursos de desenvolvimento de compet\u00eancias, a exemplo de como utilizar intelig\u00eancia artificial\u201d, detalhou o novo diretor da ESM. <\/span><\/p>\n<p align=\"justify\">\n","protected":false},"excerpt":{"rendered":"<p> [&hellip;]<\/p>\n","protected":false},"author":17,"featured_media":39977,"comment_status":"closed","ping_status":"closed","sticky":false,"template":"","format":"standard","meta":{"om_disable_all_campaigns":false,"_monsterinsights_skip_tracking":false,"_monsterinsights_sitenote_active":false,"_monsterinsights_sitenote_note":"","_monsterinsights_sitenote_category":0,"_uf_show_specific_survey":0,"_uf_disable_surveys":false,"footnotes":""},"categories":[19],"tags":[],"class_list":["post-39975","post","type-post","status-publish","format-standard","has-post-thumbnail","hentry","category-not_esmp"],"aioseo_notices":[],"_links":{"self":[{"href":"https:\/\/www.mpal.mp.br\/index.php?rest_route=\/wp\/v2\/posts\/39975","targetHints":{"allow":["GET"]}}],"collection":[{"href":"https:\/\/www.mpal.mp.br\/index.php?rest_route=\/wp\/v2\/posts"}],"about":[{"href":"https:\/\/www.mpal.mp.br\/index.php?rest_route=\/wp\/v2\/types\/post"}],"author":[{"embeddable":true,"href":"https:\/\/www.mpal.mp.br\/index.php?rest_route=\/wp\/v2\/users\/17"}],"replies":[{"embeddable":true,"href":"https:\/\/www.mpal.mp.br\/index.php?rest_route=%2Fwp%2Fv2%2Fcomments&post=39975"}],"version-history":[{"count":3,"href":"https:\/\/www.mpal.mp.br\/index.php?rest_route=\/wp\/v2\/posts\/39975\/revisions"}],"predecessor-version":[{"id":39979,"href":"https:\/\/www.mpal.mp.br\/index.php?rest_route=\/wp\/v2\/posts\/39975\/revisions\/39979"}],"wp:featuredmedia":[{"embeddable":true,"href":"https:\/\/www.mpal.mp.br\/index.php?rest_route=\/wp\/v2\/media\/39977"}],"wp:attachment":[{"href":"https:\/\/www.mpal.mp.br\/index.php?rest_route=%2Fwp%2Fv2%2Fmedia&parent=39975"}],"wp:term":[{"taxonomy":"category","embeddable":true,"href":"https:\/\/www.mpal.mp.br\/index.php?rest_route=%2Fwp%2Fv2%2Fcategories&post=39975"},{"taxonomy":"post_tag","embeddable":true,"href":"https:\/\/www.mpal.mp.br\/index.php?rest_route=%2Fwp%2Fv2%2Ftags&post=39975"}],"curies":[{"name":"wp","href":"https:\/\/api.w.org\/{rel}","templated":true}]}}