{"id":3996,"date":"2022-03-24T13:35:15","date_gmt":"2022-03-24T16:35:15","guid":{"rendered":"https:\/\/www.mpal.mp.br\/?p=3996"},"modified":"2022-04-18T13:36:07","modified_gmt":"2022-04-18T16:36:07","slug":"ministerio-publico-de-alagoas-empossa-novo-servidor-aprovado-em-concurso-publico","status":"publish","type":"post","link":"https:\/\/www.mpal.mp.br\/?p=3996","title":{"rendered":"Minist\u00e9rio P\u00fablico de Alagoas empossa novo servidor aprovado em concurso p\u00fablico"},"content":{"rendered":"<div class=\"fusion-fullwidth fullwidth-box fusion-builder-row-1 nonhundred-percent-fullwidth non-hundred-percent-height-scrolling\"  style='background-color: #ffffff;background-position: center center;background-repeat: no-repeat;padding-top:0px;padding-right:0px;padding-bottom:0px;padding-left:0px;'><div class=\"fusion-builder-row fusion-row \"><div  class=\"fusion-layout-column fusion_builder_column fusion_builder_column_1_1 fusion-builder-column-1 fusion-one-full fusion-column-first fusion-column-last 1_1\"  style='margin-top:0px;margin-bottom:20px;'>\n\t\t\t\t\t<div class=\"fusion-column-wrapper\" style=\"padding: 0px 0px 0px 0px;background-position:left top;background-repeat:no-repeat;-webkit-background-size:cover;-moz-background-size:cover;-o-background-size:cover;background-size:cover;\"   data-bg-url=\"\">\n\t\t\t\t\t\t<div class=\"fusion-text\"><p style=\"text-align: justify;\" align=\"justify\" data-raofz=\"14\"><span style=\"font-size: 14pt;\" data-raofz=\"13\">O Minist\u00e9rio P\u00fablico do Estado de Alagoas, por meio do procurador-geral de Justi\u00e7a em exerc\u00edcio, Valter Acioly, deu posse, nesta quinta-feira (24), a um novo servidor aprovado no concurso p\u00fablico realizado no segundo semestre de 2018. Luciano Tadeu Rios Queiroz vai desempenhar suas atividades na sede das Promotorias de Justi\u00e7a do munic\u00edpio de Arapiraca.<\/span><\/p>\n<p style=\"text-align: justify;\" align=\"justify\" data-raofz=\"14\"><span style=\"font-size: 14pt;\" data-raofz=\"13\">Com o ato solene de posse realizado, o novo funcion\u00e1rio p\u00fablico do MPAL j\u00e1 entra em exerc\u00edcio imediatamente. Ele vai ocupar a fun\u00e7\u00e3o de analista da \u00e1rea jur\u00eddica, na 8\u00aa Promotoria de Justi\u00e7a de Arapiraca, cujo cargo estava em aberto em raz\u00e3o da exonera\u00e7\u00e3o de um ex-servidor.<\/span><\/p>\n<p style=\"text-align: justify;\" align=\"justify\" data-raofz=\"14\"><span style=\"font-size: 14pt;\" data-raofz=\"13\">Ap\u00f3s assinar o ato de nomea\u00e7\u00e3o, Valter Acioly desejou boas-vindas a Luciano Tadeu e falou da sua certeza de que o novo analista dar\u00e1 grande contribui\u00e7\u00e3o jur\u00eddica ao Minist\u00e9rio P\u00fablico: \u201cNossos esfor\u00e7os s\u00e3o no sentindo de preencher os cargos vagos para que a institui\u00e7\u00e3o, com o trabalho e dedica\u00e7\u00e3o de cada novo integrante que chega, possa prestar servi\u00e7os ainda melhores \u00e0 popula\u00e7\u00e3o. Tenha certeza que voc\u00ea ser\u00e1 bem acolhido, saiba que o Minist\u00e9rio P\u00fablico de Alagoas \u00e9 uma fam\u00edlia e obrigada por ter escolhido fazer parte dela. Desde j\u00e1, estamos confiando no seu trabalho e na contribui\u00e7\u00e3o que dar\u00e1 \u00e0 sociedade aqui dentro\u201d, disse o procurador-geral de Justi\u00e7a em exerc\u00edcio.<\/span><\/p>\n<p style=\"text-align: justify;\" align=\"justify\" data-raofz=\"14\"><span style=\"font-size: 14pt;\" data-raofz=\"13\">De Fortaleza, de onde participa do Congresso Nacional do Minist\u00e9rio P\u00fablico, o procurador-geral de Justi\u00e7a de Alagoas, M\u00e1rcio Roberto Ten\u00f3rio de Albuquerque, tamb\u00e9m falou da alegria em receber o novo servidor. \u201cQuem chega \u00e0 nossa casa \u00e9 sempre bem-vindo, estamos felizes com mais um servidor que passa a integrar os quadros da institui\u00e7\u00e3o. Que seu saber jur\u00eddico nos ajude na promo\u00e7\u00e3o de justi\u00e7a\u201d, afirmou o chefe do Minist\u00e9rio P\u00fablico.<\/span><br \/>\n<span style=\"font-size: 14pt;\" data-raofz=\"13\">Luciano Tadeu \u00e9 baiano, mas j\u00e1 trabalhava em Alagoas como t\u00e9cnico judici\u00e1rio do Tribunal de Justi\u00e7a de Alagoas. \u201cA minha maior alegria \u00e9 poder permanecer em Alagoas, esse estado que tanto me acolheu, e ainda mais dentro de uma institui\u00e7\u00e3o pela qual eu tenho tanto respeito, que \u00e9 o Minist\u00e9rio P\u00fablico.<\/span><\/p>\n<p style=\"text-align: justify;\" align=\"justify\" data-raofz=\"14\"><span style=\"font-size: 14pt;\" data-raofz=\"13\">A solenidade de posse foi prestigiada pelo diretor-geral do MPAL, Carlos Eduardo \u00c1vila Cabral, e pela servidora Dilma Queir\u00f3s, diretora de Pessoal.<\/span><\/p>\n<\/div><div class=\"fusion-clearfix\"><\/div>\n\n\t\t\t\t\t<\/div>\n\t\t\t\t<\/div><\/div><\/div>\n","protected":false},"excerpt":{"rendered":"","protected":false},"author":2,"featured_media":3997,"comment_status":"open","ping_status":"open","sticky":false,"template":"","format":"standard","meta":{"om_disable_all_campaigns":false,"_monsterinsights_skip_tracking":false,"_monsterinsights_sitenote_active":false,"_monsterinsights_sitenote_note":"","_monsterinsights_sitenote_category":0,"_uf_show_specific_survey":0,"_uf_disable_surveys":false,"footnotes":""},"categories":[18],"tags":[],"class_list":["post-3996","post","type-post","status-publish","format-standard","has-post-thumbnail","hentry","category-not_concursos"],"aioseo_notices":[],"_links":{"self":[{"href":"https:\/\/www.mpal.mp.br\/index.php?rest_route=\/wp\/v2\/posts\/3996","targetHints":{"allow":["GET"]}}],"collection":[{"href":"https:\/\/www.mpal.mp.br\/index.php?rest_route=\/wp\/v2\/posts"}],"about":[{"href":"https:\/\/www.mpal.mp.br\/index.php?rest_route=\/wp\/v2\/types\/post"}],"author":[{"embeddable":true,"href":"https:\/\/www.mpal.mp.br\/index.php?rest_route=\/wp\/v2\/users\/2"}],"replies":[{"embeddable":true,"href":"https:\/\/www.mpal.mp.br\/index.php?rest_route=%2Fwp%2Fv2%2Fcomments&post=3996"}],"version-history":[{"count":2,"href":"https:\/\/www.mpal.mp.br\/index.php?rest_route=\/wp\/v2\/posts\/3996\/revisions"}],"predecessor-version":[{"id":3999,"href":"https:\/\/www.mpal.mp.br\/index.php?rest_route=\/wp\/v2\/posts\/3996\/revisions\/3999"}],"wp:featuredmedia":[{"embeddable":true,"href":"https:\/\/www.mpal.mp.br\/index.php?rest_route=\/wp\/v2\/media\/3997"}],"wp:attachment":[{"href":"https:\/\/www.mpal.mp.br\/index.php?rest_route=%2Fwp%2Fv2%2Fmedia&parent=3996"}],"wp:term":[{"taxonomy":"category","embeddable":true,"href":"https:\/\/www.mpal.mp.br\/index.php?rest_route=%2Fwp%2Fv2%2Fcategories&post=3996"},{"taxonomy":"post_tag","embeddable":true,"href":"https:\/\/www.mpal.mp.br\/index.php?rest_route=%2Fwp%2Fv2%2Ftags&post=3996"}],"curies":[{"name":"wp","href":"https:\/\/api.w.org\/{rel}","templated":true}]}}