{"id":39624,"date":"2024-04-26T16:32:00","date_gmt":"2024-04-26T19:32:00","guid":{"rendered":"https:\/\/www.mpal.mp.br\/?p=39624"},"modified":"2024-04-26T17:18:45","modified_gmt":"2024-04-26T20:18:45","slug":"rede-de-busca-imediata-do-plid-al-recebe-familiares-de-turista-baiano-desaparecido","status":"publish","type":"post","link":"https:\/\/www.mpal.mp.br\/?p=39624","title":{"rendered":"Rede de busca imediata do PLID\/AL recebe familiares de turista baiano desaparecido"},"content":{"rendered":"<p class=\"western\" align=\"justify\"><span style=\"font-family: helvetica, arial, sans-serif; font-size: 10pt; color: #000000;\">O caso estava com o Programa de Localiza\u00e7\u00e3o e Identifica\u00e7\u00e3o de Desaparecidos (PLID) e foram muitas horas de buscas com a integra\u00e7\u00e3o da rede, na tentativa de encontrar com vida o turista baiano Teobaldo Ara\u00fajo Lima, de 82 anos, cujo corpo foi localizado por populares e resgatado por militares do Corpo de Bombeiros na Praia de Riacho Doce, no \u00faltimo dia 24, sendo encaminhado ao IML de Macei\u00f3.<\/span><\/p>\n<p class=\"western\" align=\"justify\"><span style=\"font-family: helvetica, arial, sans-serif; font-size: 10pt; color: #000000;\">Desde a ter\u00e7a-feira (23) a coordena\u00e7\u00e3o do Plid, tendo \u00e0 frente a promotora de Justi\u00e7a Marluce Falc\u00e3o, ap\u00f3s receber o Boletim de Ocorr\u00eancia da Pol\u00edcia Civil comunicou \u00e0 rede de busca imediata do PLID\/AL o desaparecimento do idoso, entrando em a\u00e7\u00e3o com prioridade neste caso, por se tratar de pessoa vulner\u00e1vel. Iniciado o protocolo de buscas, envolvendo v\u00e1rios \u00f3rg\u00e3os p\u00fablicos, foram reunidas diversas informa\u00e7\u00f5es, inclusive, atrav\u00e9s dos familiares atendidos pela equipe do Minist\u00e9rio P\u00fablico.<\/span><\/p>\n<p class=\"western\" align=\"justify\"><span style=\"font-family: helvetica, arial, sans-serif; font-size: 10pt; color: #000000;\">Com a not\u00edcia compartilhada pelo delegado Jo\u00e3o Marcelo, da Pol\u00edcia Civil, e confirmada pelo IML de Macei\u00f3, que teria sido encontrado um corpo na Praia de Riacho Doce, nesta capital, contamos com a a\u00e7\u00e3o eficiente do Corpo de Bombeiros Militar de Alagoas no resgate do corpo, dando in\u00edcio o processo de per\u00edcia m\u00e9dico-legal e identifica\u00e7\u00e3o do cad\u00e1ver pelos m\u00e9dico-legistas do IML, bem como\u00a0 pelos papiloscopistas do Instituto de Identifica\u00e7\u00e3o de Alagoas, ambos da Pol\u00edcia Cient\u00edfica, \u00f3rg\u00e3o que integra o PLIDAL.<\/span><\/p>\n<p class=\"western\" align=\"justify\"><span style=\"font-family: helvetica, arial, sans-serif; font-size: 10pt; color: #000000;\">O PLID\/AL, atrav\u00e9s da equipe do MPAL, manteve contato e recepcionou os familiares do idoso desaparecido, que vieram \u00e0 Macei\u00f3\/AL, possibilitando um atendimento humanizado diante de uma situa\u00e7\u00e3o de afli\u00e7\u00e3o e incertezas, reunindo todas as informa\u00e7\u00f5es e documentos necess\u00e1rios para subsidiar o trabalho eficiente da Pol\u00edcia Cient\u00edfica.<\/span><\/p>\n<p class=\"western\" align=\"justify\"><span style=\"font-family: helvetica, arial, sans-serif; font-size: 10pt;\"><span style=\"color: #000000;\">\u201cEsta \u00e9 uma realidade quase que di\u00e1ria do trabalho desenvolvido por pessoas capacitadas e vocacionadas, servidores p\u00fablicos que representam diversos \u00f3rg\u00e3os p\u00fablicos que integram a rede de busca imediata do PLID\/AL. Nossa miss\u00e3o \u00e9 encontrar a pessoa desaparecida e restitu\u00ed-la \u00e0 fam\u00edlia, mesmo que a not\u00edcia n\u00e3o seja encontr\u00e1-lo com vida, como ocorreu neste caso. A identifica\u00e7\u00e3o do d<\/span><span style=\"color: #0070c0;\"><span style=\"color: #000000;\">esaparecido, ap\u00f3s sua morte, possibilitou que a fam\u00edlia pudesse se despedir dignamente do seu ente querido, realizando as homenagens p\u00f3stumas, o que muitas vezes n\u00e3o ocorre nestas circunst\u00e2ncias, perpetuando-se um c\u00edrculo de luto permanente, que causa dor e sofrimento a tantas fam\u00edlias que ainda esperam por alguma not\u00edcia. Agrade\u00e7o imensamente a esses her\u00f3is an\u00f4nimos que prestam um servi\u00e7o de relev\u00e2ncia p\u00fablica\u201d<\/span> , <\/span>declara a promotora.<\/span><\/p>\n<p class=\"western\" align=\"justify\"><strong><span style=\"font-family: helvetica, arial, sans-serif; font-size: 10pt;\">Caso<\/span><\/strong><\/p>\n<p class=\"western\" align=\"justify\"><span style=\"font-family: helvetica, arial, sans-serif; font-size: 10pt;\">O idoso Teobaldo Ara\u00fajo Lima veio a Macei\u00f3 em uma excurs\u00e3o da terceira idade, com sa\u00edda de Salvador. Segundo a filha tinha o costume de caminhar na praia e repetiu o h\u00e1bito, na segunda-feira (22) ao sair do Porto Kaet\u00e9 Hotel, \u00e0s 7h08, conforme imagens de c\u00e2meras de seguran\u00e7a levantadas nos primeiros momentos das buscas pela Seguran\u00e7a P\u00fablica.<\/span><\/p>\n<p class=\"western\" align=\"justify\"><span style=\"font-family: helvetica, arial, sans-serif; font-size: 10pt;\">Noutra imagem, encontrada e extra\u00edda do site Foco Radical, levantada pela Per\u00edcia da Pol\u00edcia Federal, a v\u00edtima do desaparecimento foi identificada caminhando no cal\u00e7ad\u00e3o da orla de Macei\u00f3, sem camisa, aparentando tranquilidade. No final da tarde da quarta-feira (24) um corpo foi avistado boiando na Praia de Riacho doce, sendo resgatado a nado pelos salva-vidas do Corpo de Bombeiros do Mirante da Sereia, e identificado um dia ap\u00f3s como sendo do turista baiano, ap\u00f3s a Pol\u00edcia Cient\u00edfica confirmar tecnicamente a identidade do corpo pelos profissionais do setor de Necropapiloscopia.<\/span><\/p>\n<p class=\"western\" align=\"justify\"><span style=\"font-family: helvetica, arial, sans-serif; font-size: 10pt;\">Ainda permanece desaparecido o idoso JOS\u00c9 APARECIDO CEZ\u00c1RIO DA SILVA, de 72 anos, residente na Cidade de Mata Grande\/AL &#8211; @sinalidplidal. Informa\u00e7\u00f5es (82) 99182-0121\/2122-5220.<\/span><\/p>\n<ul>\n<li><span style=\"font-family: helvetica, arial, sans-serif; font-size: 10pt;\">foto mostra idoso saindo do hotel<\/span><\/li>\n<\/ul>\n","protected":false},"excerpt":{"rendered":"<p> [&hellip;]<\/p>\n","protected":false},"author":8,"featured_media":39625,"comment_status":"open","ping_status":"open","sticky":false,"template":"","format":"standard","meta":{"om_disable_all_campaigns":false,"_monsterinsights_skip_tracking":false,"_monsterinsights_sitenote_active":false,"_monsterinsights_sitenote_note":"","_monsterinsights_sitenote_category":0,"_uf_show_specific_survey":0,"_uf_disable_surveys":false,"footnotes":""},"categories":[20],"tags":[],"class_list":["post-39624","post","type-post","status-publish","format-standard","has-post-thumbnail","hentry","category-not_sinalid"],"aioseo_notices":[],"_links":{"self":[{"href":"https:\/\/www.mpal.mp.br\/index.php?rest_route=\/wp\/v2\/posts\/39624","targetHints":{"allow":["GET"]}}],"collection":[{"href":"https:\/\/www.mpal.mp.br\/index.php?rest_route=\/wp\/v2\/posts"}],"about":[{"href":"https:\/\/www.mpal.mp.br\/index.php?rest_route=\/wp\/v2\/types\/post"}],"author":[{"embeddable":true,"href":"https:\/\/www.mpal.mp.br\/index.php?rest_route=\/wp\/v2\/users\/8"}],"replies":[{"embeddable":true,"href":"https:\/\/www.mpal.mp.br\/index.php?rest_route=%2Fwp%2Fv2%2Fcomments&post=39624"}],"version-history":[{"count":3,"href":"https:\/\/www.mpal.mp.br\/index.php?rest_route=\/wp\/v2\/posts\/39624\/revisions"}],"predecessor-version":[{"id":39632,"href":"https:\/\/www.mpal.mp.br\/index.php?rest_route=\/wp\/v2\/posts\/39624\/revisions\/39632"}],"wp:featuredmedia":[{"embeddable":true,"href":"https:\/\/www.mpal.mp.br\/index.php?rest_route=\/wp\/v2\/media\/39625"}],"wp:attachment":[{"href":"https:\/\/www.mpal.mp.br\/index.php?rest_route=%2Fwp%2Fv2%2Fmedia&parent=39624"}],"wp:term":[{"taxonomy":"category","embeddable":true,"href":"https:\/\/www.mpal.mp.br\/index.php?rest_route=%2Fwp%2Fv2%2Fcategories&post=39624"},{"taxonomy":"post_tag","embeddable":true,"href":"https:\/\/www.mpal.mp.br\/index.php?rest_route=%2Fwp%2Fv2%2Ftags&post=39624"}],"curies":[{"name":"wp","href":"https:\/\/api.w.org\/{rel}","templated":true}]}}