{"id":39528,"date":"2024-04-26T16:52:43","date_gmt":"2024-04-26T19:52:43","guid":{"rendered":"https:\/\/www.mpal.mp.br\/?p=39528"},"modified":"2024-04-26T16:56:41","modified_gmt":"2024-04-26T19:56:41","slug":"ministerio-publico-firmara-convenio-com-o-estado-para-promover-acoes-em-prol-do-programa-alagoas-sem-fome","status":"publish","type":"post","link":"https:\/\/www.mpal.mp.br\/?p=39528","title":{"rendered":"Minist\u00e9rio P\u00fablico firmar\u00e1 conv\u00eanio com o Estado para promover a\u00e7\u00f5es em prol do programa Alagoas sem Fome"},"content":{"rendered":"<div class=\"fusion-fullwidth fullwidth-box fusion-builder-row-1 nonhundred-percent-fullwidth non-hundred-percent-height-scrolling\"  style='background-color: #ffffff;background-position: center center;background-repeat: no-repeat;padding-top:0px;padding-right:0px;padding-bottom:0px;padding-left:0px;'><div class=\"fusion-builder-row fusion-row \"><div  class=\"fusion-layout-column fusion_builder_column fusion_builder_column_1_1 fusion-builder-column-1 fusion-one-full fusion-column-first fusion-column-last 1_1\"  style='margin-top:0px;margin-bottom:0px;'>\n\t\t\t\t\t<div class=\"fusion-column-wrapper\" style=\"padding: 0px 0px 0px 0px;background-position:left top;background-repeat:no-repeat;-webkit-background-size:cover;-moz-background-size:cover;-o-background-size:cover;background-size:cover;\"   data-bg-url=\"\">\n\t\t\t\t\t\t<div class=\"fusion-text\"><p class=\"p1\" style=\"text-align: justify;\"><span class=\"s1\">Durante reuni\u00e3o ocorrida nesta sexta-feira (26), o Minist\u00e9rio P\u00fablico do Estado de Alagoas (MPAL) e o Governo de Alagoas discutiram formas de parcerias para que o \u00f3rg\u00e3o ministerial possa atuar de forma colaborativa com o programa Alagoas sem Fome, uma inciativa do Poder Executivo de combate a inseguran\u00e7a alimentar e nutricional, com foco nas pessoas em situa\u00e7\u00e3o de pobreza extrema. Ficou acordado que um conv\u00eanio ser\u00e1 formalizado, na pr\u00f3xima semana, para que as atividades possam ser iniciadas pelo MPAL.<\/span><\/p>\n<p class=\"p1\" style=\"text-align: justify;\"><span class=\"s1\">O encontro contou com a participa\u00e7\u00e3o do procurador-geral de Justi\u00e7a em exerc\u00edcio, Lean Ara\u00fajo, com a secret\u00e1ria executiva do Gabinete Civil, J\u00falia Carolina Barros Casado Beltr\u00e3o, e com a assessora especial J\u00e9ssica Mayara Andr\u00e9 Antunes. Elas duas fazem parte do N\u00facleo do Programa Alagoas sem Fome, vinculado a Secretaria de Estado do Planejamento, Gest\u00e3o e Patrim\u00f4nio (SEPLAG), cuja titular \u00e9 a secret\u00e1ria Paula Cintra Dantas.<\/span><\/p>\n<p class=\"p1\" style=\"text-align: justify;\"><span class=\"s1\">\u201cEste \u00e9 um di\u00e1logo importante para o pr\u00f3ximo passo que o Minist\u00e9rio P\u00fablico dar\u00e1 como parceiro do programa, ap\u00f3s ter assinado o documento para integrar o<span class=\"Apple-converted-space\">\u00a0 <\/span>Alagoas sem Fome, h\u00e1 dois dias, durante cerim\u00f4nia no Pal\u00e1cio Rep\u00fablica dos Palmares. Queremos, incialmente, promover uma a\u00e7\u00e3o interna, com a arrecada\u00e7\u00e3o de cestas b\u00e1sicas entre promotores e procuradores de Justi\u00e7a e servidores\u201d, explicou Lean Ara\u00fajo.<\/span><\/p>\n<p class=\"p1\" style=\"text-align: justify;\"><span class=\"s1\">Segundo ele, na sequ\u00eancia, o Minist\u00e9rio P\u00fablico pretende atuar como agente articulador em busca de novos parceiros p\u00fablicos e privados. \u201cFaremos essa articula\u00e7\u00e3o com o objetivo de sensibilizar outros agentes p\u00fablicos e privados. Contem conosco para formarmos uma corrente ainda maior de solidariedade, de maneira que possamos levar comida para popula\u00e7\u00f5es vulner\u00e1veis e que precisam da atua\u00e7\u00e3o das institui\u00e7\u00f5es e da sociedade civil como um todo\u201d, acrescentou o procurador-geral de Justi\u00e7a.<\/span><\/p>\n<p class=\"p1\" style=\"text-align: justify;\"><span class=\"s1\">Para a secret\u00e1ria executiva do Gabinete Civil, o envolvimento<span class=\"Apple-converted-space\">\u00a0 <\/span>do MPAL no programa trar\u00e1 grande contribui\u00e7\u00e3o para os futuros resultados: \u201cQuanto mais institui\u00e7\u00f5es e pessoas estiverem envolvidas no Alagoas sem Fome, mais conseguiremos reduzir a inseguran\u00e7a alimentar em nosso Estado. E ter o Minist\u00e9rio P\u00fablico como parceiro d\u00e1 um peso importante \u00e0 a\u00e7\u00e3o. J\u00e1 vamos providenciar o conv\u00eanio para que possamos come\u00e7ar esse trabalho o quanto antes\u201d, afirmou J\u00falia Carolina Barros Casado Beltr\u00e3o. <\/span><\/p>\n<\/div><style type=\"text\/css\">.fusion-gallery-1 .fusion-gallery-image {border:0px solid #f6f6f6;-webkit-border-radius:5px;-moz-border-radius:5px;border-radius:5px;}<\/style><div class=\"fusion-gallery fusion-gallery-container fusion-grid-3 fusion-columns-total-0 fusion-gallery-layout-grid fusion-gallery-1\" style=\"margin:-5px;\"><div style=\"padding:5px;\" class=\"fusion-grid-column fusion-gallery-column fusion-gallery-column-3 hover-type-none\"><div class=\"fusion-gallery-image\"><a href=\"https:\/\/www.mpal.mp.br\/wp-content\/uploads\/2024\/04\/IMG_1559.jpg\" rel=\"noreferrer\" data-rel=\"iLightbox[gallery_image_1]\" class=\"fusion-lightbox\" target=\"_self\"><img loading=\"lazy\" decoding=\"async\" src=\"https:\/\/www.mpal.mp.br\/wp-content\/uploads\/2024\/04\/IMG_1559.jpg\" width=\"6960\" height=\"4640\" alt=\"\" title=\"IMG_1559\" aria-label=\"IMG_1559\" class=\"img-responsive wp-image-39527\" \/><\/a><\/div><\/div><div style=\"padding:5px;\" class=\"fusion-grid-column fusion-gallery-column fusion-gallery-column-3 hover-type-none\"><div class=\"fusion-gallery-image\"><a href=\"https:\/\/www.mpal.mp.br\/wp-content\/uploads\/2024\/04\/IMG_1601.jpg\" rel=\"noreferrer\" data-rel=\"iLightbox[gallery_image_1]\" class=\"fusion-lightbox\" target=\"_self\"><img loading=\"lazy\" decoding=\"async\" src=\"https:\/\/www.mpal.mp.br\/wp-content\/uploads\/2024\/04\/IMG_1601.jpg\" width=\"6960\" height=\"4640\" alt=\"\" title=\"IMG_1601\" aria-label=\"IMG_1601\" class=\"img-responsive wp-image-39526\" \/><\/a><\/div><\/div><div style=\"padding:5px;\" class=\"fusion-grid-column fusion-gallery-column fusion-gallery-column-3 hover-type-none\"><div class=\"fusion-gallery-image\"><a href=\"https:\/\/www.mpal.mp.br\/wp-content\/uploads\/2024\/04\/IMG_1582.jpg\" rel=\"noreferrer\" data-rel=\"iLightbox[gallery_image_1]\" class=\"fusion-lightbox\" target=\"_self\"><img loading=\"lazy\" decoding=\"async\" src=\"https:\/\/www.mpal.mp.br\/wp-content\/uploads\/2024\/04\/IMG_1582.jpg\" width=\"6960\" height=\"4640\" alt=\"\" title=\"IMG_1582\" aria-label=\"IMG_1582\" class=\"img-responsive wp-image-39525\" \/><\/a><\/div><\/div><div class=\"clearfix\"><\/div><div style=\"padding:5px;\" class=\"fusion-grid-column fusion-gallery-column fusion-gallery-column-3 hover-type-none\"><div class=\"fusion-gallery-image\"><a href=\"https:\/\/www.mpal.mp.br\/wp-content\/uploads\/2024\/04\/IMG_1568.jpg\" rel=\"noreferrer\" data-rel=\"iLightbox[gallery_image_1]\" class=\"fusion-lightbox\" target=\"_self\"><img loading=\"lazy\" decoding=\"async\" src=\"https:\/\/www.mpal.mp.br\/wp-content\/uploads\/2024\/04\/IMG_1568.jpg\" width=\"6960\" height=\"4640\" alt=\"\" title=\"IMG_1568\" aria-label=\"IMG_1568\" class=\"img-responsive wp-image-39524\" \/><\/a><\/div><\/div><div style=\"padding:5px;\" class=\"fusion-grid-column fusion-gallery-column fusion-gallery-column-3 hover-type-none\"><div class=\"fusion-gallery-image\"><a href=\"https:\/\/www.mpal.mp.br\/wp-content\/uploads\/2024\/04\/IMG_1560.jpg\" rel=\"noreferrer\" data-rel=\"iLightbox[gallery_image_1]\" class=\"fusion-lightbox\" target=\"_self\"><img loading=\"lazy\" decoding=\"async\" src=\"https:\/\/www.mpal.mp.br\/wp-content\/uploads\/2024\/04\/IMG_1560.jpg\" width=\"6960\" height=\"4640\" alt=\"\" title=\"IMG_1560\" aria-label=\"IMG_1560\" class=\"img-responsive wp-image-39523\" \/><\/a><\/div><\/div><\/div><div class=\"fusion-clearfix\"><\/div>\n\n\t\t\t\t\t<\/div>\n\t\t\t\t<\/div><\/div><\/div>\n","protected":false},"excerpt":{"rendered":"","protected":false},"author":1,"featured_media":39525,"comment_status":"open","ping_status":"open","sticky":false,"template":"","format":"standard","meta":{"om_disable_all_campaigns":false,"_monsterinsights_skip_tracking":false,"_monsterinsights_sitenote_active":false,"_monsterinsights_sitenote_note":"","_monsterinsights_sitenote_category":0,"_uf_show_specific_survey":0,"_uf_disable_surveys":false,"footnotes":""},"categories":[2,1],"tags":[],"class_list":["post-39528","post","type-post","status-publish","format-standard","has-post-thumbnail","hentry","category-not_mpal","category-sem-categoria"],"aioseo_notices":[],"_links":{"self":[{"href":"https:\/\/www.mpal.mp.br\/index.php?rest_route=\/wp\/v2\/posts\/39528","targetHints":{"allow":["GET"]}}],"collection":[{"href":"https:\/\/www.mpal.mp.br\/index.php?rest_route=\/wp\/v2\/posts"}],"about":[{"href":"https:\/\/www.mpal.mp.br\/index.php?rest_route=\/wp\/v2\/types\/post"}],"author":[{"embeddable":true,"href":"https:\/\/www.mpal.mp.br\/index.php?rest_route=\/wp\/v2\/users\/1"}],"replies":[{"embeddable":true,"href":"https:\/\/www.mpal.mp.br\/index.php?rest_route=%2Fwp%2Fv2%2Fcomments&post=39528"}],"version-history":[{"count":3,"href":"https:\/\/www.mpal.mp.br\/index.php?rest_route=\/wp\/v2\/posts\/39528\/revisions"}],"predecessor-version":[{"id":39630,"href":"https:\/\/www.mpal.mp.br\/index.php?rest_route=\/wp\/v2\/posts\/39528\/revisions\/39630"}],"wp:featuredmedia":[{"embeddable":true,"href":"https:\/\/www.mpal.mp.br\/index.php?rest_route=\/wp\/v2\/media\/39525"}],"wp:attachment":[{"href":"https:\/\/www.mpal.mp.br\/index.php?rest_route=%2Fwp%2Fv2%2Fmedia&parent=39528"}],"wp:term":[{"taxonomy":"category","embeddable":true,"href":"https:\/\/www.mpal.mp.br\/index.php?rest_route=%2Fwp%2Fv2%2Fcategories&post=39528"},{"taxonomy":"post_tag","embeddable":true,"href":"https:\/\/www.mpal.mp.br\/index.php?rest_route=%2Fwp%2Fv2%2Ftags&post=39528"}],"curies":[{"name":"wp","href":"https:\/\/api.w.org\/{rel}","templated":true}]}}