{"id":39451,"date":"2024-04-25T10:41:17","date_gmt":"2024-04-25T13:41:17","guid":{"rendered":"https:\/\/www.mpal.mp.br\/?p=39451"},"modified":"2024-04-25T10:42:53","modified_gmt":"2024-04-25T13:42:53","slug":"mpal-passa-a-integrar-o-programa-alagoas-sem-fome","status":"publish","type":"post","link":"https:\/\/www.mpal.mp.br\/?p=39451","title":{"rendered":"MPAL passa a integrar o programa \u201cAlagoas sem Fome\u201d"},"content":{"rendered":"<p style=\"text-align: justify;\"><span style=\"font-size: 14pt;\"><div class=\"fusion-fullwidth fullwidth-box fusion-builder-row-1 nonhundred-percent-fullwidth non-hundred-percent-height-scrolling\"  style='background-color: #ffffff;background-position: center center;background-repeat: no-repeat;padding-top:0px;padding-right:0px;padding-bottom:0px;padding-left:0px;'><div class=\"fusion-builder-row fusion-row \"><div  class=\"fusion-layout-column fusion_builder_column fusion_builder_column_1_1 fusion-builder-column-1 fusion-one-full fusion-column-first fusion-column-last 1_1\"  style='margin-top:0px;margin-bottom:0px;'>\n\t\t\t\t\t<div class=\"fusion-column-wrapper\" style=\"padding: 0px 0px 0px 0px;background-position:left top;background-repeat:no-repeat;-webkit-background-size:cover;-moz-background-size:cover;-o-background-size:cover;background-size:cover;\"   data-bg-url=\"\">\n\t\t\t\t\t\t<div class=\"fusion-text\"><p><\/span><\/p>\n<p style=\"text-align: justify;\"><span style=\"font-size: 14pt; font-family: georgia, palatino, serif;\">O Minist\u00e9rio P\u00fablico de Alagoas tornou-se um parceiro do programa &#8220;Alagoas sem Fome&#8221;, iniciativa encabe\u00e7ada pelo Governo do Estado com o objetivo de combater a inseguran\u00e7a alimentar e nutricional, com foco nas pessoas em situa\u00e7\u00e3o de pobreza e extrema pobreza. A ades\u00e3o do MPAL ao programa ocorreu nesta quarta-feira (24), quando o procurador-geral de Justi\u00e7a em exerc\u00edcio, Lean Ara\u00fajo, esteve reunido com o governador Paulo Dantas.<\/span><\/p>\n<p style=\"text-align: justify;\"><span style=\"font-size: 14pt; font-family: georgia, palatino, serif;\">O chefe do MPAL adianta que, nas pr\u00f3ximas semanas, a institui\u00e7\u00e3o ir\u00e1 realizar uma campanha interna sobre a import\u00e2ncia da iniciativa, estimulando que servidores e membros doem alimentos n\u00e3o perec\u00edveis, que ser\u00e3o destinados aos alagoanos que mais precisam.<\/span><\/p>\n<p style=\"text-align: justify;\"><span style=\"font-size: 14pt; font-family: georgia, palatino, serif;\">\u201cInicialmente, pretendemos promover uma mobiliza\u00e7\u00e3o na capital e no interior para que o maior n\u00famero poss\u00edvel de membros e servidores tenha a oportunidade de participar desse movimento t\u00e3o importante, que conta com a atua\u00e7\u00e3o de v\u00e1rias institui\u00e7\u00f5es alagoanas\u201d, informou o PGJ em exerc\u00edcio.<\/span><\/p>\n<p style=\"text-align: justify;\"><span style=\"font-size: 14pt; font-family: georgia, palatino, serif;\">Vale destacar que a promotora de Justi\u00e7a Karla Padilha ir\u00e1 representar o MPAL no Conselho Estadual do Alagoas sem Fome, que realizou a sua primeira reuni\u00e3o na manh\u00e3 de ontem.<\/span><\/p>\n<p style=\"text-align: justify;\"><em><span style=\"font-size: 12pt;\">*Com informa\u00e7\u00f5es da Ascom do Governo do Estado<\/span><\/em><\/p>\n<p style=\"text-align: justify;\"><span style=\"font-size: 14pt;\"><\/p>\n<\/div><style type=\"text\/css\">.fusion-gallery-1 .fusion-gallery-image {border:0px solid #f6f6f6;-webkit-border-radius:5px;-moz-border-radius:5px;border-radius:5px;}<\/style><div class=\"fusion-gallery fusion-gallery-container fusion-grid-3 fusion-columns-total-0 fusion-gallery-layout-grid fusion-gallery-1\" style=\"margin:-5px;\"><div style=\"padding:5px;\" class=\"fusion-grid-column fusion-gallery-column fusion-gallery-column-3 hover-type-none\"><div class=\"fusion-gallery-image\"><a href=\"https:\/\/www.mpal.mp.br\/wp-content\/uploads\/2024\/04\/WhatsApp-Image-2024-04-25-at-08.26.27-1.jpeg\" rel=\"noreferrer\" data-rel=\"iLightbox[gallery_image_1]\" class=\"fusion-lightbox\" target=\"_self\"><img loading=\"lazy\" decoding=\"async\" src=\"https:\/\/www.mpal.mp.br\/wp-content\/uploads\/2024\/04\/WhatsApp-Image-2024-04-25-at-08.26.27-1.jpeg\" width=\"1600\" height=\"1066\" alt=\"\" title=\"WhatsApp Image 2024-04-25 at 08.26.27 (1)\" aria-label=\"WhatsApp Image 2024-04-25 at 08.26.27 (1)\" class=\"img-responsive wp-image-39453\" \/><\/a><\/div><\/div><div style=\"padding:5px;\" class=\"fusion-grid-column fusion-gallery-column fusion-gallery-column-3 hover-type-none\"><div class=\"fusion-gallery-image\"><a href=\"https:\/\/www.mpal.mp.br\/wp-content\/uploads\/2024\/04\/WhatsApp-Image-2024-04-25-at-08.26.27.jpeg\" rel=\"noreferrer\" data-rel=\"iLightbox[gallery_image_1]\" class=\"fusion-lightbox\" target=\"_self\"><img loading=\"lazy\" decoding=\"async\" src=\"https:\/\/www.mpal.mp.br\/wp-content\/uploads\/2024\/04\/WhatsApp-Image-2024-04-25-at-08.26.27.jpeg\" width=\"1600\" height=\"1066\" alt=\"\" title=\"WhatsApp Image 2024-04-25 at 08.26.27\" aria-label=\"WhatsApp Image 2024-04-25 at 08.26.27\" class=\"img-responsive wp-image-39454\" \/><\/a><\/div><\/div><div style=\"padding:5px;\" class=\"fusion-grid-column fusion-gallery-column fusion-gallery-column-3 hover-type-none\"><div class=\"fusion-gallery-image\"><a href=\"https:\/\/www.mpal.mp.br\/wp-content\/uploads\/2024\/04\/WhatsApp-Image-2024-04-25-at-08.26.28.jpeg\" rel=\"noreferrer\" data-rel=\"iLightbox[gallery_image_1]\" class=\"fusion-lightbox\" target=\"_self\"><img loading=\"lazy\" decoding=\"async\" src=\"https:\/\/www.mpal.mp.br\/wp-content\/uploads\/2024\/04\/WhatsApp-Image-2024-04-25-at-08.26.28.jpeg\" width=\"1600\" height=\"1066\" alt=\"\" title=\"WhatsApp Image 2024-04-25 at 08.26.28\" aria-label=\"WhatsApp Image 2024-04-25 at 08.26.28\" class=\"img-responsive wp-image-39455\" \/><\/a><\/div><\/div><div class=\"clearfix\"><\/div><\/div><div class=\"fusion-clearfix\"><\/div>\n\n\t\t\t\t\t<\/div>\n\t\t\t\t<\/div><\/div><\/div><\/span><\/p>\n","protected":false},"excerpt":{"rendered":"","protected":false},"author":6,"featured_media":39452,"comment_status":"open","ping_status":"open","sticky":false,"template":"","format":"standard","meta":{"om_disable_all_campaigns":false,"_monsterinsights_skip_tracking":false,"_monsterinsights_sitenote_active":false,"_monsterinsights_sitenote_note":"","_monsterinsights_sitenote_category":0,"_uf_show_specific_survey":0,"_uf_disable_surveys":false,"footnotes":""},"categories":[2,49],"tags":[],"class_list":["post-39451","post","type-post","status-publish","format-standard","has-post-thumbnail","hentry","category-not_mpal","category-not_pgj"],"aioseo_notices":[],"_links":{"self":[{"href":"https:\/\/www.mpal.mp.br\/index.php?rest_route=\/wp\/v2\/posts\/39451","targetHints":{"allow":["GET"]}}],"collection":[{"href":"https:\/\/www.mpal.mp.br\/index.php?rest_route=\/wp\/v2\/posts"}],"about":[{"href":"https:\/\/www.mpal.mp.br\/index.php?rest_route=\/wp\/v2\/types\/post"}],"author":[{"embeddable":true,"href":"https:\/\/www.mpal.mp.br\/index.php?rest_route=\/wp\/v2\/users\/6"}],"replies":[{"embeddable":true,"href":"https:\/\/www.mpal.mp.br\/index.php?rest_route=%2Fwp%2Fv2%2Fcomments&post=39451"}],"version-history":[{"count":4,"href":"https:\/\/www.mpal.mp.br\/index.php?rest_route=\/wp\/v2\/posts\/39451\/revisions"}],"predecessor-version":[{"id":39459,"href":"https:\/\/www.mpal.mp.br\/index.php?rest_route=\/wp\/v2\/posts\/39451\/revisions\/39459"}],"wp:featuredmedia":[{"embeddable":true,"href":"https:\/\/www.mpal.mp.br\/index.php?rest_route=\/wp\/v2\/media\/39452"}],"wp:attachment":[{"href":"https:\/\/www.mpal.mp.br\/index.php?rest_route=%2Fwp%2Fv2%2Fmedia&parent=39451"}],"wp:term":[{"taxonomy":"category","embeddable":true,"href":"https:\/\/www.mpal.mp.br\/index.php?rest_route=%2Fwp%2Fv2%2Fcategories&post=39451"},{"taxonomy":"post_tag","embeddable":true,"href":"https:\/\/www.mpal.mp.br\/index.php?rest_route=%2Fwp%2Fv2%2Ftags&post=39451"}],"curies":[{"name":"wp","href":"https:\/\/api.w.org\/{rel}","templated":true}]}}