{"id":39352,"date":"2024-04-23T12:31:58","date_gmt":"2024-04-23T15:31:58","guid":{"rendered":"https:\/\/www.mpal.mp.br\/?p=39352"},"modified":"2024-04-23T12:34:52","modified_gmt":"2024-04-23T15:34:52","slug":"ministerio-publico-de-alagoas-cnmp-e-governo-de-alagoas-vao-assinar-o-pacto-nacional-pela-consciencia-vacinal","status":"publish","type":"post","link":"https:\/\/www.mpal.mp.br\/?p=39352","title":{"rendered":"Minist\u00e9rio P\u00fablico de Alagoas, CNMP e Governo de Alagoas v\u00e3o assinar o Pacto Nacional pela Consci\u00eancia Vacinal"},"content":{"rendered":"<p style=\"text-align: justify;\" align=\"justify\"><span style=\"font-family: helvetica, arial, sans-serif; font-size: 12pt; color: #000000;\">A convite do Minist\u00e9rio P\u00fablico do Estado de Alagoas (MPAL), que j\u00e1 fez ades\u00e3o ao Pacto Nacional pela Consci\u00eancia Vacinal, iniciativa capitaneada pelo Conselho Nacional do Minist\u00e9rio P\u00fablico (CNMP), o Governo do Estado tamb\u00e9m ser\u00e1 parceiro da a\u00e7\u00e3o que tem por objetivo incentivar uma atua\u00e7\u00e3o coordenada e nacional entre o Minist\u00e9rio P\u00fablico brasileiro e \u00f3rg\u00e3os e entidades envolvidos com a sa\u00fade p\u00fablica, em busca da consci\u00eancia vacinal e da retomada de \u00edndices seguros e homog\u00eaneos de cobertura de vacinas em todo o Brasil. Para marcar o in\u00edcio do trabalho integrado, uma solenidade est\u00e1 marcada para acontecer no pr\u00f3ximo dia 7 de maio. <\/span><\/p>\n<p style=\"text-align: justify;\" align=\"justify\"><span style=\"font-family: helvetica, arial, sans-serif; font-size: 12pt; color: #000000;\">A cerim\u00f4nia ocorrer\u00e1 no sal\u00e3o Aqualtune do Pal\u00e1cio Rep\u00fablica dos Palmares, \u00e0s 9h, e contar\u00e1 com as presen\u00e7as do procurador-geral de Justi\u00e7a, Lean Ara\u00fajo, do conselheiro do CNMP e presidente da Comiss\u00e3o da Sa\u00fade do Conselho, Jayme de Oliveira, e do governador Paulo Dantas. Na ocasi\u00e3o, as tr\u00eas autoridades assinar\u00e3o o termo de ades\u00e3o ao Pacto Nacional pela Consci\u00eancia Vacinal, de forma a consolidar as a\u00e7\u00f5es relativas ao Plano Nacional de Imuniza\u00e7\u00e3o (PNI). O Col\u00e9gio de Procuradores de Justi\u00e7a, que re\u00fane os membros que atuam em 2\u00aa inst\u00e2ncia no MPAL, tamb\u00e9m estar\u00e1 presentes ao evento.\u00a0<\/span><\/p>\n<p style=\"text-align: justify;\" align=\"justify\"><span style=\"color: #000000; font-family: helvetica, arial, sans-serif; font-size: 12pt;\">\u201cA ideia \u00e9 que, juntos, fortale\u00e7amos a vacina\u00e7\u00e3o regulada pelo Plano Nacional de Imuniza\u00e7\u00e3o por meio do di\u00e1logo com os principais atores da sa\u00fade p\u00fablica. Para al\u00e9m disso, o Minist\u00e9rio P\u00fablico brasileiro quer fomentar a realiza\u00e7\u00e3o de atividades de conscientiza\u00e7\u00e3o da popula\u00e7\u00e3o sobre a import\u00e2ncia de buscar por fontes confi\u00e1veis de informa\u00e7\u00e3o. Assim, unidos, alcan\u00e7aremos \u00edndices seguros e homog\u00eaneos de cobertura vacinal em todo territ\u00f3rio nacional\u201d, explicou o PGJ de Alagoas, Lean Ara\u00fajo. <\/span><\/p>\n<p style=\"text-align: justify;\" align=\"justify\"><span style=\"color: #000000; font-family: helvetica, arial, sans-serif; font-size: 12pt;\">Desde 2022, o MPAL j\u00e1 \u00e9 signat\u00e1rio do Pacto Nacional pela Consci\u00eancia Vacinal. A ades\u00e3o ocorreu durante o lan\u00e7amento da campanha, ocorrido na sede do CNMP. com essa nova assinatura, os tr\u00eas entes passar\u00e3o a atuar de forma colaborativa de modo a alcan\u00e7ar os prop\u00f3sitos da campanha.<\/span><\/p>\n<p style=\"text-align: justify;\" align=\"justify\"><span style=\"color: #000000;\"><strong><span style=\"font-family: helvetica, arial, sans-serif; font-size: 12pt;\">A campanha <\/span><\/strong><\/span><\/p>\n<p style=\"text-align: justify;\" align=\"justify\"><span style=\"color: #000000; font-family: helvetica, arial, sans-serif; font-size: 12pt;\">Desde que foi lan\u00e7ada em novembro de 2022, mais de 170 institui\u00e7\u00f5es, como o Conselho Nacional de Justi\u00e7a (CNJ), a Organiza\u00e7\u00e3o Pan-Americana da Sa\u00fade (Opas\/OMS), o Grupo Nacional de Direitos Humanos (GNDH), o Conselho Nacional de Secret\u00e1rios de Sa\u00fade (Conass), o Conselho Nacional de Secretarias Municipais de Sa\u00fade (Conasems), a Fiocruz, entre outros \u00f3rg\u00e3os p\u00fablicos e empresas privadas j\u00e1 aderiram ao Pacto Nacional pela Consci\u00eancia Vacinal. <\/span><\/p>\n<p style=\"text-align: justify;\" align=\"justify\"><span style=\"color: #000000; font-family: helvetica, arial, sans-serif; font-size: 12pt;\">Entre os eixos de atua\u00e7\u00e3o do Pacto, est\u00e1 o amplo di\u00e1logo institucional com os atores da sa\u00fade p\u00fablica; a veicula\u00e7\u00e3o de informa\u00e7\u00e3o confi\u00e1vel; a mobiliza\u00e7\u00e3o estrat\u00e9gica com foco na conscientiza\u00e7\u00e3o da sociedade sobre a import\u00e2ncia dos imunizantes e os riscos do retorno de doen\u00e7as; e as campanhas informativas que ajudam no entendimento da popula\u00e7\u00e3o sobre os benef\u00edcios e a seguran\u00e7a das vacinas previstas no Programa Nacional de Imuniza\u00e7\u00f5es (PNI). A iniciativa tamb\u00e9m conta com o apoio de diversos ve\u00edculos de comunica\u00e7\u00e3o, de institui\u00e7\u00f5es esportivas e de 16 estados brasileiros.\u00a0\u00a0<\/span><\/p>\n<p style=\"text-align: justify;\" align=\"justify\"><span style=\"color: #000000; font-family: helvetica, arial, sans-serif; font-size: 12pt;\">Com informa\u00e7\u00f5es do CNMP.\u00a0<\/span><\/p>\n","protected":false},"excerpt":{"rendered":"<p> [&hellip;]<\/p>\n","protected":false},"author":17,"featured_media":39353,"comment_status":"open","ping_status":"open","sticky":false,"template":"","format":"standard","meta":{"om_disable_all_campaigns":false,"_monsterinsights_skip_tracking":false,"_monsterinsights_sitenote_active":false,"_monsterinsights_sitenote_note":"","_monsterinsights_sitenote_category":0,"_uf_show_specific_survey":0,"_uf_disable_surveys":false,"footnotes":""},"categories":[49],"tags":[],"class_list":["post-39352","post","type-post","status-publish","format-standard","has-post-thumbnail","hentry","category-not_pgj"],"aioseo_notices":[],"_links":{"self":[{"href":"https:\/\/www.mpal.mp.br\/index.php?rest_route=\/wp\/v2\/posts\/39352","targetHints":{"allow":["GET"]}}],"collection":[{"href":"https:\/\/www.mpal.mp.br\/index.php?rest_route=\/wp\/v2\/posts"}],"about":[{"href":"https:\/\/www.mpal.mp.br\/index.php?rest_route=\/wp\/v2\/types\/post"}],"author":[{"embeddable":true,"href":"https:\/\/www.mpal.mp.br\/index.php?rest_route=\/wp\/v2\/users\/17"}],"replies":[{"embeddable":true,"href":"https:\/\/www.mpal.mp.br\/index.php?rest_route=%2Fwp%2Fv2%2Fcomments&post=39352"}],"version-history":[{"count":4,"href":"https:\/\/www.mpal.mp.br\/index.php?rest_route=\/wp\/v2\/posts\/39352\/revisions"}],"predecessor-version":[{"id":39359,"href":"https:\/\/www.mpal.mp.br\/index.php?rest_route=\/wp\/v2\/posts\/39352\/revisions\/39359"}],"wp:featuredmedia":[{"embeddable":true,"href":"https:\/\/www.mpal.mp.br\/index.php?rest_route=\/wp\/v2\/media\/39353"}],"wp:attachment":[{"href":"https:\/\/www.mpal.mp.br\/index.php?rest_route=%2Fwp%2Fv2%2Fmedia&parent=39352"}],"wp:term":[{"taxonomy":"category","embeddable":true,"href":"https:\/\/www.mpal.mp.br\/index.php?rest_route=%2Fwp%2Fv2%2Fcategories&post=39352"},{"taxonomy":"post_tag","embeddable":true,"href":"https:\/\/www.mpal.mp.br\/index.php?rest_route=%2Fwp%2Fv2%2Ftags&post=39352"}],"curies":[{"name":"wp","href":"https:\/\/api.w.org\/{rel}","templated":true}]}}