{"id":39334,"date":"2024-04-23T10:27:39","date_gmt":"2024-04-23T13:27:39","guid":{"rendered":"https:\/\/www.mpal.mp.br\/?p=39334"},"modified":"2025-08-20T11:53:44","modified_gmt":"2025-08-20T14:53:44","slug":"corregedoria-geral-realiza-correicoes-ordinarias-em-junho-confira-as-datas","status":"publish","type":"post","link":"https:\/\/www.mpal.mp.br\/?p=39334","title":{"rendered":"Corregedoria-Geral realiza correi\u00e7\u00f5es ordin\u00e1rias em junho: confira as datas"},"content":{"rendered":"<p style=\"text-align: justify;\"><span style=\"font-size: 14pt; font-family: georgia, palatino, serif;\">A Corregedoria-Geral do Minist\u00e9rio P\u00fablico de Alagoas divulgou o calend\u00e1rio de correi\u00e7\u00f5es ordin\u00e1rias para o m\u00eas de junho. Ao todo, 14 promotorias de Justi\u00e7a do interior e da capital ser\u00e3o correicionadas.<\/span><\/p>\n<p style=\"text-align: justify;\"><span style=\"font-size: 14pt; font-family: georgia, palatino, serif;\">Vale destacar que, durante esse per\u00edodo, os cidad\u00e3os poder\u00e3o procurar o MPAL para relatar problema ou registrar reclama\u00e7\u00e3o em rela\u00e7\u00e3o a membro que atua nas unidades correicionadas atrav\u00e9s do e-mail \u201ccorregedoria@mpal.mp.br\u201d. Confira, abaixo, as datas:<\/span><\/p>\n<p style=\"text-align: justify;\"><span style=\"font-size: 14pt; font-family: georgia, palatino, serif;\"><strong>Dia 04\/06<\/strong><\/span><\/p>\n<p style=\"padding-left: 40px; text-align: justify;\"><span style=\"font-size: 14pt; font-family: georgia, palatino, serif;\">Promotoria de Justi\u00e7a de Igaci, \u00e0s 10h<\/span><\/p>\n<p style=\"padding-left: 40px; text-align: justify;\"><span style=\"font-size: 14pt; font-family: georgia, palatino, serif;\">8\u00aa Promotoria de Justi\u00e7a da Capital, \u00e0s 10h30<\/span><\/p>\n<p style=\"padding-left: 40px; text-align: justify;\"><span style=\"font-size: 14pt; font-family: georgia, palatino, serif;\">Promotoria de Justi\u00e7a de Cacimbinhas, \u00e0s 11h<\/span><\/p>\n<p style=\"text-align: justify;\"><span style=\"font-size: 14pt; font-family: georgia, palatino, serif;\"><strong>Dia 05\/06<\/strong><\/span><\/p>\n<p style=\"padding-left: 40px; text-align: justify;\"><span style=\"font-size: 14pt; font-family: georgia, palatino, serif;\">63\u00aa Promotoria de Justi\u00e7a da Capital, \u00e0s 11h30<\/span><\/p>\n<p style=\"padding-left: 40px; text-align: justify;\"><span style=\"font-size: 14pt; font-family: georgia, palatino, serif;\">1\u00aa Promotoria de Justi\u00e7a de Coruripe, \u00e0s 10h<\/span><\/p>\n<p style=\"padding-left: 40px; text-align: justify;\"><span style=\"font-size: 14pt; font-family: georgia, palatino, serif;\">2\u00aa Promotoria de Justi\u00e7a de Coruripe, \u00e0s 10h30<\/span><\/p>\n<p style=\"text-align: justify;\"><span style=\"font-size: 14pt; font-family: georgia, palatino, serif;\"><strong>Dia 11\/06<\/strong><\/span><\/p>\n<p style=\"padding-left: 40px; text-align: justify;\"><span style=\"font-size: 14pt; font-family: georgia, palatino, serif;\">Promotoria de Justi\u00e7a de Col\u00f4nia Leopoldina, 11h<\/span><\/p>\n<p style=\"padding-left: 40px; text-align: justify;\"><span style=\"font-size: 14pt; font-family: georgia, palatino, serif;\">51\u00aa Promotoria de Justi\u00e7a da Capital, \u00e0s 11h30<\/span><\/p>\n<p style=\"padding-left: 40px; text-align: justify;\"><span style=\"font-size: 14pt; font-family: georgia, palatino, serif;\">Promotoria de Justi\u00e7a de Batalha, \u00e0s 10h<\/span><\/p>\n<p style=\"text-align: justify;\"><span style=\"font-size: 14pt; font-family: georgia, palatino, serif;\"><strong>Dia 12\/06<\/strong><\/span><\/p>\n<p style=\"padding-left: 40px; text-align: justify;\"><span style=\"font-size: 14pt; font-family: georgia, palatino, serif;\">Promotoria de Justi\u00e7a de Joaquim Gomes, \u00e0s 10h30<\/span><\/p>\n<p style=\"padding-left: 40px; text-align: justify;\"><span style=\"font-size: 14pt; font-family: georgia, palatino, serif;\">Promotoria de Justi\u00e7a de Major Izidoro, \u00e0s 11h<\/span><\/p>\n<p style=\"text-align: justify;\"><span style=\"font-size: 14pt; font-family: georgia, palatino, serif;\"><strong>Dia 13\/06<\/strong><\/span><\/p>\n<p style=\"padding-left: 40px; text-align: justify;\"><span style=\"font-size: 14pt; font-family: georgia, palatino, serif;\">Promotoria de Justi\u00e7a de Quebrangulo, \u00e0s 11h30<\/span><\/p>\n<p style=\"padding-left: 40px; text-align: justify;\"><span style=\"font-size: 14pt; font-family: georgia, palatino, serif;\">Promotoria de Justi\u00e7a de Maravilha, \u00e0s 10h<\/span><\/p>\n<p style=\"padding-left: 40px; text-align: justify;\"><span style=\"font-size: 14pt; font-family: georgia, palatino, serif;\">49\u00aa Promotoria de Justi\u00e7a da Capital, \u00e0s 10h30<\/span><\/p>\n<p style=\"text-align: justify;\"><span style=\"font-size: 14pt; font-family: georgia, palatino, serif;\">Lembrando que a Corregedoria-Geral j\u00e1 divulgou o calend\u00e1rio de correi\u00e7\u00f5es para o m\u00eas de maio. Confira: <a href=\"https:\/\/www.mpal.mp.br\/?p=39069\"><strong><span style=\"color: #0000ff;\">clique aqui<\/span><\/strong><\/a>.<\/span><\/p>\n","protected":false},"excerpt":{"rendered":"<p> [&hellip;]<\/p>\n","protected":false},"author":6,"featured_media":36452,"comment_status":"closed","ping_status":"closed","sticky":false,"template":"","format":"standard","meta":{"om_disable_all_campaigns":false,"_monsterinsights_skip_tracking":false,"_monsterinsights_sitenote_active":false,"_monsterinsights_sitenote_note":"","_monsterinsights_sitenote_category":0,"_uf_show_specific_survey":0,"_uf_disable_surveys":false,"footnotes":""},"categories":[48],"tags":[],"class_list":["post-39334","post","type-post","status-publish","format-standard","has-post-thumbnail","hentry","category-not_corregedoria"],"aioseo_notices":[],"_links":{"self":[{"href":"https:\/\/www.mpal.mp.br\/index.php?rest_route=\/wp\/v2\/posts\/39334","targetHints":{"allow":["GET"]}}],"collection":[{"href":"https:\/\/www.mpal.mp.br\/index.php?rest_route=\/wp\/v2\/posts"}],"about":[{"href":"https:\/\/www.mpal.mp.br\/index.php?rest_route=\/wp\/v2\/types\/post"}],"author":[{"embeddable":true,"href":"https:\/\/www.mpal.mp.br\/index.php?rest_route=\/wp\/v2\/users\/6"}],"replies":[{"embeddable":true,"href":"https:\/\/www.mpal.mp.br\/index.php?rest_route=%2Fwp%2Fv2%2Fcomments&post=39334"}],"version-history":[{"count":3,"href":"https:\/\/www.mpal.mp.br\/index.php?rest_route=\/wp\/v2\/posts\/39334\/revisions"}],"predecessor-version":[{"id":39338,"href":"https:\/\/www.mpal.mp.br\/index.php?rest_route=\/wp\/v2\/posts\/39334\/revisions\/39338"}],"wp:featuredmedia":[{"embeddable":true,"href":"https:\/\/www.mpal.mp.br\/index.php?rest_route=\/wp\/v2\/media\/36452"}],"wp:attachment":[{"href":"https:\/\/www.mpal.mp.br\/index.php?rest_route=%2Fwp%2Fv2%2Fmedia&parent=39334"}],"wp:term":[{"taxonomy":"category","embeddable":true,"href":"https:\/\/www.mpal.mp.br\/index.php?rest_route=%2Fwp%2Fv2%2Fcategories&post=39334"},{"taxonomy":"post_tag","embeddable":true,"href":"https:\/\/www.mpal.mp.br\/index.php?rest_route=%2Fwp%2Fv2%2Ftags&post=39334"}],"curies":[{"name":"wp","href":"https:\/\/api.w.org\/{rel}","templated":true}]}}