{"id":39069,"date":"2024-04-12T12:57:55","date_gmt":"2024-04-12T15:57:55","guid":{"rendered":"https:\/\/www.mpal.mp.br\/?p=39069"},"modified":"2024-04-12T12:57:55","modified_gmt":"2024-04-12T15:57:55","slug":"mpal-realiza-correicoes-ordinarias-na-capital-e-interior-durante-o-mes-de-maio","status":"publish","type":"post","link":"https:\/\/www.mpal.mp.br\/?p=39069","title":{"rendered":"MPAL realiza correi\u00e7\u00f5es ordin\u00e1rias na capital e interior durante o m\u00eas de maio"},"content":{"rendered":"<p style=\"text-align: justify;\"><span style=\"font-size: 14pt; font-family: georgia, palatino, serif;\">Ao longo do m\u00eas de maio, a Corregedoria-Geral do Minist\u00e9rio P\u00fablico de Alagoas realizar\u00e1 uma s\u00e9rie de correi\u00e7\u00f5es em promotorias de Justi\u00e7a da capital e do interior, al\u00e9m de Gaeco e Gaesf. Durante esse per\u00edodo, os cidad\u00e3os podem procurar o MPAL para relatar problema ou registrar reclama\u00e7\u00e3o em rela\u00e7\u00e3o a membro que atua nas unidades correicionadas atrav\u00e9s do e-mail &#8220;corregedoria@mpal.mp.br&#8221;.<\/span><\/p>\n<p style=\"text-align: justify;\"><span style=\"font-size: 14pt; font-family: georgia, palatino, serif;\">Confira, abaixo, as datas das correi\u00e7\u00f5es:<\/span><\/p>\n<p style=\"text-align: justify;\"><strong><span style=\"font-size: 14pt; font-family: georgia, palatino, serif;\">Dia 07\/05<\/span><\/strong><\/p>\n<p style=\"text-align: justify; padding-left: 40px;\"><span style=\"font-size: 14pt; font-family: georgia, palatino, serif;\">Promotoria de Justi\u00e7a de Igreja Nova, \u00e0s 10h30<\/span><\/p>\n<p style=\"text-align: justify; padding-left: 40px;\"><span style=\"font-size: 14pt; font-family: georgia, palatino, serif;\">62\u00aa Promotoria de Justi\u00e7a da Capital, \u00e0s 11h<\/span><\/p>\n<p style=\"text-align: justify; padding-left: 40px;\"><span style=\"font-size: 14pt; font-family: georgia, palatino, serif;\">Promotoria de Justi\u00e7a de Junqueiro, \u00e0s 11h30<\/span><\/p>\n<p style=\"text-align: justify;\"><strong><span style=\"font-size: 14pt; font-family: georgia, palatino, serif;\">Dia 08\/05<\/span><\/strong><\/p>\n<p style=\"text-align: justify; padding-left: 40px;\"><span style=\"font-size: 14pt; font-family: georgia, palatino, serif;\">Promotoria de Justi\u00e7a de Teot\u00f4nio Vilela, \u00e0s 10h30<\/span><\/p>\n<p style=\"text-align: justify; padding-left: 40px;\"><span style=\"font-size: 14pt; font-family: georgia, palatino, serif;\">Promotoria de Justi\u00e7a de S\u00e3o Sebasti\u00e3o, \u00e0s 11h<\/span><\/p>\n<p style=\"text-align: justify; padding-left: 40px;\"><span style=\"font-size: 14pt; font-family: georgia, palatino, serif;\">14\u00aa Promotoria de Justi\u00e7a da Capital, 11h30<\/span><\/p>\n<p style=\"text-align: justify;\"><strong><span style=\"font-size: 14pt; font-family: georgia, palatino, serif;\">Dia 14\/05<\/span><\/strong><\/p>\n<p style=\"text-align: justify; padding-left: 40px;\"><span style=\"font-size: 14pt; font-family: georgia, palatino, serif;\">18\u00aa Promotoria de Justi\u00e7a da Capital, \u00e0s 10h30<\/span><\/p>\n<p style=\"text-align: justify; padding-left: 40px;\"><span style=\"font-size: 14pt; font-family: georgia, palatino, serif;\">19\u00aa Promotoria de Justi\u00e7a da Capital, 11h<\/span><\/p>\n<p style=\"text-align: justify;\"><strong><span style=\"font-size: 14pt; font-family: georgia, palatino, serif;\">Dia 15\/05<\/span><\/strong><\/p>\n<p style=\"text-align: justify; padding-left: 40px;\"><span style=\"font-size: 14pt; font-family: georgia, palatino, serif;\">20\u00aa Promotoria de Justi\u00e7a da Capital, \u00e0s 11h30<\/span><\/p>\n<p style=\"text-align: justify; padding-left: 40px;\"><span style=\"font-size: 14pt; font-family: georgia, palatino, serif;\">21\u00aa Promotoria de Justi\u00e7a da Capital, \u00e0s 10h30<\/span><\/p>\n<p style=\"text-align: justify;\"><strong><span style=\"font-size: 14pt; font-family: georgia, palatino, serif;\">Dia 21\/05<\/span><\/strong><\/p>\n<p style=\"text-align: justify; padding-left: 40px;\"><span style=\"font-size: 14pt; font-family: georgia, palatino, serif;\">22\u00aa Promotoria de Justi\u00e7a da Capital, 10h30<\/span><\/p>\n<p style=\"text-align: justify; padding-left: 40px;\"><span style=\"font-size: 14pt; font-family: georgia, palatino, serif;\">Gaesf, \u00e0s 11h<\/span><\/p>\n<p style=\"text-align: justify;\"><strong><span style=\"font-size: 14pt; font-family: georgia, palatino, serif;\">Dia 22\/05<\/span><\/strong><\/p>\n<p style=\"text-align: justify; padding-left: 40px;\"><span style=\"font-size: 14pt; font-family: georgia, palatino, serif;\">Gaeco, 10h30<\/span><\/p>\n<p style=\"text-align: justify;\"><strong><span style=\"font-size: 14pt; font-family: georgia, palatino, serif;\">Dia 28\/05<\/span><\/strong><\/p>\n<p style=\"text-align: justify; padding-left: 40px;\"><span style=\"font-size: 14pt; font-family: georgia, palatino, serif;\">Promotoria de Justi\u00e7a de Satuba, 10h30<\/span><\/p>\n<p style=\"text-align: justify; padding-left: 40px;\"><span style=\"font-size: 14pt; font-family: georgia, palatino, serif;\">Promotoria de Justi\u00e7a de S\u00e3o Jos\u00e9 da Tapera, 11h<\/span><\/p>\n","protected":false},"excerpt":{"rendered":"<p> [&hellip;]<\/p>\n","protected":false},"author":6,"featured_media":36452,"comment_status":"open","ping_status":"open","sticky":false,"template":"","format":"standard","meta":{"om_disable_all_campaigns":false,"_monsterinsights_skip_tracking":false,"_monsterinsights_sitenote_active":false,"_monsterinsights_sitenote_note":"","_monsterinsights_sitenote_category":0,"_uf_show_specific_survey":0,"_uf_disable_surveys":false,"footnotes":""},"categories":[48,2],"tags":[],"class_list":["post-39069","post","type-post","status-publish","format-standard","has-post-thumbnail","hentry","category-not_corregedoria","category-not_mpal"],"aioseo_notices":[],"_links":{"self":[{"href":"https:\/\/www.mpal.mp.br\/index.php?rest_route=\/wp\/v2\/posts\/39069","targetHints":{"allow":["GET"]}}],"collection":[{"href":"https:\/\/www.mpal.mp.br\/index.php?rest_route=\/wp\/v2\/posts"}],"about":[{"href":"https:\/\/www.mpal.mp.br\/index.php?rest_route=\/wp\/v2\/types\/post"}],"author":[{"embeddable":true,"href":"https:\/\/www.mpal.mp.br\/index.php?rest_route=\/wp\/v2\/users\/6"}],"replies":[{"embeddable":true,"href":"https:\/\/www.mpal.mp.br\/index.php?rest_route=%2Fwp%2Fv2%2Fcomments&post=39069"}],"version-history":[{"count":2,"href":"https:\/\/www.mpal.mp.br\/index.php?rest_route=\/wp\/v2\/posts\/39069\/revisions"}],"predecessor-version":[{"id":39071,"href":"https:\/\/www.mpal.mp.br\/index.php?rest_route=\/wp\/v2\/posts\/39069\/revisions\/39071"}],"wp:featuredmedia":[{"embeddable":true,"href":"https:\/\/www.mpal.mp.br\/index.php?rest_route=\/wp\/v2\/media\/36452"}],"wp:attachment":[{"href":"https:\/\/www.mpal.mp.br\/index.php?rest_route=%2Fwp%2Fv2%2Fmedia&parent=39069"}],"wp:term":[{"taxonomy":"category","embeddable":true,"href":"https:\/\/www.mpal.mp.br\/index.php?rest_route=%2Fwp%2Fv2%2Fcategories&post=39069"},{"taxonomy":"post_tag","embeddable":true,"href":"https:\/\/www.mpal.mp.br\/index.php?rest_route=%2Fwp%2Fv2%2Ftags&post=39069"}],"curies":[{"name":"wp","href":"https:\/\/api.w.org\/{rel}","templated":true}]}}