{"id":38563,"date":"2024-04-03T07:11:25","date_gmt":"2024-04-03T10:11:25","guid":{"rendered":"https:\/\/www.mpal.mp.br\/?p=38563"},"modified":"2024-04-05T12:23:00","modified_gmt":"2024-04-05T15:23:00","slug":"encontrados-uniao-compromisso-e-mais-dois-casos-elucidados-com-atuacao-da-rede-plid-al","status":"publish","type":"post","link":"https:\/\/www.mpal.mp.br\/?p=38563","title":{"rendered":"ENCONTRADOS: Uni\u00e3o, compromisso e mais dois casos elucidados com atua\u00e7\u00e3o da Rede PLID\/AL"},"content":{"rendered":"<div class=\"fusion-fullwidth fullwidth-box fusion-builder-row-1 nonhundred-percent-fullwidth non-hundred-percent-height-scrolling\"  style='background-color: #ffffff;background-position: center center;background-repeat: no-repeat;padding-top:0px;padding-right:0px;padding-bottom:0px;padding-left:0px;'><div class=\"fusion-builder-row fusion-row \"><div  class=\"fusion-layout-column fusion_builder_column fusion_builder_column_1_1 fusion-builder-column-1 fusion-one-full fusion-column-first fusion-column-last 1_1\"  style='margin-top:0px;margin-bottom:0px;'>\n\t\t\t\t\t<div class=\"fusion-column-wrapper\" style=\"padding: 0px 0px 0px 0px;background-position:left top;background-repeat:no-repeat;-webkit-background-size:cover;-moz-background-size:cover;-o-background-size:cover;background-size:cover;\"   data-bg-url=\"\">\n\t\t\t\t\t\t<div class=\"fusion-text\"><p style=\"text-align: justify;\">Algu\u00e9m o abordou na rua, levou para uma casa de passagem, e algu\u00e9m da casa de passagem acionou o Programa de Localiza\u00e7\u00e3o de Identifica\u00e7\u00e3o de Desaparecidos (PLID).L\u00e1 a perita-geral acionou o papiloscopista, a delegada se mobilizou, a assistente social da casa de passagem interagiu e, viva, o senhor Jos\u00e9 Ant\u00e3o da Silva, de 72 anos, voltou para casa com a fam\u00edlia. E, de S\u00e3o Paulo, gra\u00e7as ao card sobre o seu desaparecimento, veio um telefonema informando sobre o paradeiro do jovem Wagner da Silva Santos que j\u00e1 se encontra com a m\u00e3e. Esse \u00e9 o trabalho da rede Plid, em Alagoas, feito a muitas m\u00e3os e que, diariamente, tem conseguido aliviar o sofrimento de muita gente.<\/p>\n<p style=\"text-align: justify;\">Seu Jos\u00e9 Ant\u00e3o \u00e9 morador de Rio Largo, tem Alzheimer e defici\u00eancia visual, ao ser indagado disse que estava esperando um filho mas teria resolvido vim para a casa dele em Macei\u00f3. O fato \u00e9 que ele n\u00e3o recordava o endere\u00e7o e ficou perdido nas ruas onde foi encontrado por uma equipe que faz esse trabalho de resgate. Por seguran\u00e7a, o idoso foi levado para a Casa de Passagem Manoel Coelho Neto.<\/p>\n<p style=\"text-align: justify;\">\u201cEle foi levado para a casa de passagem pela equipe de abordagem, fomos at\u00e9 o Cleto Marques Luz porque ele disse que o filho morava l\u00e1 nas n\u00e3o logramos \u00eaxito. Ent\u00e3o decidi compartilhar a foto dele no grupo do Plid, com os poss\u00edveis nomes dos filhos e, gra\u00e7as a Deus deu certo. Essa n\u00e3o seria a primeira vez que isso ocorria, e a fam\u00edlia estava aflita\u201d, relata a assistente social Walbia.<\/p>\n<p style=\"text-align: justify;\">A delegada Rebecca Cordeiro pediu mais informa\u00e7\u00f5es, colocou os dados no sistema e, al\u00e9m do endere\u00e7o, fez outras descobertas.<\/p>\n<p style=\"text-align: justify;\">\u201cDe posse de algumas informa\u00e7\u00f5es fui para as buscas e constatei que havia um boletim de ocorr\u00eancia de desaparecimento em 2022 e outro agora em 2024, tamb\u00e9m que a fam\u00edlia estava procurando pelo idoso. Vi que o \u00faltimo boletim havia sido feito pelo genro e que o mesmo tinha disponibilizado o seu n\u00famero de telefone para qualquer contato\u201d, detalha a delegada.<\/p>\n<p style=\"text-align: justify;\">O n\u00famero de contato, como todas as outras informa\u00e7\u00f5es foram colocados no grupo da rede Plid e a assistente social manteve contato com os familiares de seu Ant\u00e3o. Por volta das 23h30 ele foi entregue \u00e0 neta que se mostrou emocionada.<\/p>\n<p style=\"text-align: justify;\"><span style=\"font-size: 14pt;\"><strong>2\u00ba Caso<\/strong><\/span><\/p>\n<p style=\"text-align: justify;\">Para todos os fins, Wagner da Silva teria ido \u00e0 S\u00e3o Paulo para trabalhar e teria chegado ao destino no dia 18 de fevereiro. Ela havia acertado para morar com dois amigos, por\u00e9m um dia ap\u00f3s a chegada saiu de casa com a bolsa e n\u00e3o mais foi visto. Em Macei\u00f3, a fam\u00edlia entrou em desespero e acionou o Plid.<\/p>\n<p style=\"text-align: justify;\">\u201cEnt\u00e3o fizemos o Card e os compartilhamentos chegaram at\u00e9 um trailler de passaportes, em S\u00e3o Paulo. O dono viu a foto nas redes sociais e nos telefonou dizendo que sabia onde o rapaz se encontrava e nos ajudou com as informa\u00e7\u00f5es essenciais. Fiz o contato, tratava-se de um abrigo, localizamos a m\u00e3e que o levou para casa. Isso serve para as pessoas entenderem a dimens\u00e3o do alcance de um card que produzimos com a foto de uma pessoa desaparecida. Mais uma vez a participa\u00e7\u00e3o da sociedade se mostrando important\u00edssima nessa miss\u00e3o t\u00e3o nobre dada a todos que fazem a rede Plid \u201c, afirma a gerente do PLId\/AL Amanda Gomes.<\/p>\n<\/div><style type=\"text\/css\">.fusion-gallery-1 .fusion-gallery-image {border:0px solid #f6f6f6;-webkit-border-radius:5px;-moz-border-radius:5px;border-radius:5px;}<\/style><div class=\"fusion-gallery fusion-gallery-container fusion-grid-3 fusion-columns-total-0 fusion-gallery-layout-grid fusion-gallery-1\" style=\"margin:-5px;\"><div style=\"padding:5px;\" class=\"fusion-grid-column fusion-gallery-column fusion-gallery-column-3 hover-type-none\"><div class=\"fusion-gallery-image\"><a href=\"https:\/\/www.mpal.mp.br\/wp-content\/uploads\/2024\/04\/plid.jpg\" rel=\"noreferrer\" data-rel=\"iLightbox[gallery_image_1]\" class=\"fusion-lightbox\" target=\"_self\"><img loading=\"lazy\" decoding=\"async\" src=\"https:\/\/www.mpal.mp.br\/wp-content\/uploads\/2024\/04\/plid.jpg\" width=\"1200\" height=\"1500\" alt=\"\" title=\"plid\" aria-label=\"plid\" class=\"img-responsive wp-image-38565\" \/><\/a><\/div><\/div><\/div><div class=\"fusion-clearfix\"><\/div>\n\n\t\t\t\t\t<\/div>\n\t\t\t\t<\/div><\/div><\/div>\n","protected":false},"excerpt":{"rendered":"","protected":false},"author":8,"featured_media":38748,"comment_status":"closed","ping_status":"closed","sticky":false,"template":"","format":"standard","meta":{"om_disable_all_campaigns":false,"_monsterinsights_skip_tracking":false,"_monsterinsights_sitenote_active":false,"_monsterinsights_sitenote_note":"","_monsterinsights_sitenote_category":0,"_uf_show_specific_survey":0,"_uf_disable_surveys":false,"footnotes":""},"categories":[20],"tags":[],"class_list":["post-38563","post","type-post","status-publish","format-standard","has-post-thumbnail","hentry","category-not_sinalid"],"aioseo_notices":[],"_links":{"self":[{"href":"https:\/\/www.mpal.mp.br\/index.php?rest_route=\/wp\/v2\/posts\/38563","targetHints":{"allow":["GET"]}}],"collection":[{"href":"https:\/\/www.mpal.mp.br\/index.php?rest_route=\/wp\/v2\/posts"}],"about":[{"href":"https:\/\/www.mpal.mp.br\/index.php?rest_route=\/wp\/v2\/types\/post"}],"author":[{"embeddable":true,"href":"https:\/\/www.mpal.mp.br\/index.php?rest_route=\/wp\/v2\/users\/8"}],"replies":[{"embeddable":true,"href":"https:\/\/www.mpal.mp.br\/index.php?rest_route=%2Fwp%2Fv2%2Fcomments&post=38563"}],"version-history":[{"count":2,"href":"https:\/\/www.mpal.mp.br\/index.php?rest_route=\/wp\/v2\/posts\/38563\/revisions"}],"predecessor-version":[{"id":38749,"href":"https:\/\/www.mpal.mp.br\/index.php?rest_route=\/wp\/v2\/posts\/38563\/revisions\/38749"}],"wp:featuredmedia":[{"embeddable":true,"href":"https:\/\/www.mpal.mp.br\/index.php?rest_route=\/wp\/v2\/media\/38748"}],"wp:attachment":[{"href":"https:\/\/www.mpal.mp.br\/index.php?rest_route=%2Fwp%2Fv2%2Fmedia&parent=38563"}],"wp:term":[{"taxonomy":"category","embeddable":true,"href":"https:\/\/www.mpal.mp.br\/index.php?rest_route=%2Fwp%2Fv2%2Fcategories&post=38563"},{"taxonomy":"post_tag","embeddable":true,"href":"https:\/\/www.mpal.mp.br\/index.php?rest_route=%2Fwp%2Fv2%2Ftags&post=38563"}],"curies":[{"name":"wp","href":"https:\/\/api.w.org\/{rel}","templated":true}]}}