{"id":3848,"date":"2022-04-01T11:07:15","date_gmt":"2022-04-01T14:07:15","guid":{"rendered":"https:\/\/www.mpal.mp.br\/?p=3848"},"modified":"2022-04-12T11:07:24","modified_gmt":"2022-04-12T14:07:24","slug":"ministerio-publico-e-secretaria-de-seguranca-celebram-parceria-na-busca-por-desaparecidos","status":"publish","type":"post","link":"https:\/\/www.mpal.mp.br\/?p=3848","title":{"rendered":"Minist\u00e9rio P\u00fablico e Secretaria de Seguran\u00e7a celebram parceria na busca por desaparecidos"},"content":{"rendered":"<div class=\"fusion-fullwidth fullwidth-box fusion-builder-row-1 nonhundred-percent-fullwidth non-hundred-percent-height-scrolling\"  style='background-color: #ffffff;background-position: center center;background-repeat: no-repeat;padding-top:0px;padding-right:0px;padding-bottom:0px;padding-left:0px;'><div class=\"fusion-builder-row fusion-row \"><div  class=\"fusion-layout-column fusion_builder_column fusion_builder_column_1_1 fusion-builder-column-1 fusion-one-full fusion-column-first fusion-column-last 1_1\"  style='margin-top:0px;margin-bottom:20px;'>\n\t\t\t\t\t<div class=\"fusion-column-wrapper\" style=\"padding: 0px 0px 0px 0px;background-position:left top;background-repeat:no-repeat;-webkit-background-size:cover;-moz-background-size:cover;-o-background-size:cover;background-size:cover;\"   data-bg-url=\"\">\n\t\t\t\t\t\t<div class=\"fusion-text\"><p style=\"text-align: justify;\" align=\"justify\" data-raofz=\"14\"><span style=\"font-size: 14pt;\" data-raofz=\"14\">Na manh\u00e3 desta sexta-feira (1\u00ba), o procurador-geral de Justi\u00e7a, M\u00e1rcio Roberto Ten\u00f3rio de Albuquerque, e a promotora de Justi\u00e7a e coordenadora do Programa de Localiza\u00e7\u00e3o e Identifica\u00e7\u00e3o de Desaparecidos (PLID), em Alagoas, Marluce Falc\u00e3o, representando o Minist\u00e9rio P\u00fablico do Estado de Alagoas (MPAL), assinaram com o secret\u00e1rio de Seguran\u00e7a P\u00fablica, coronel Elias Silva, um Termo de Coopera\u00e7\u00e3o T\u00e9cnica que proporcionar\u00e1 maiores condi\u00e7\u00f5es de a\u00e7\u00e3o e trar\u00e1 respostas mais c\u00e9leres \u00e0 sociedade alagoana. O prop\u00f3sito da importante parceria \u00e9 de minimizar o n\u00famero de pessoas desaparecidas, cujos levantamentos apontam no momento para 1546 em Alagoas. Al\u00e9m desse dado, o Plid\/AL registra 312 pessoas encontradas, entre vivas e mortas, e mais 1.231 casos est\u00e3o sob investiga\u00e7\u00e3o.<\/span><\/p>\n<p style=\"text-align: justify;\" align=\"justify\" data-raofz=\"14\"><span style=\"font-size: 14pt;\" data-raofz=\"14\">O chefe do MP de Alagoas, M \u00e1rcio Roberto, \u00e9 entusiasta dessa uni\u00e3o de for\u00e7as em prol de um bem t\u00e3o necess\u00e1rio e coletivo.<\/span><\/p>\n<p style=\"text-align: justify;\" align=\"justify\" data-raofz=\"14\"><span style=\"font-size: 14pt;\">\u201cO momento \u00e9 de satisfa\u00e7\u00e3o, avalio como uma grande largada numa corrida pelo acalento a tantas fam\u00edlias alagoanas. Enquanto gestor do Minist\u00e9rio P\u00fablico garanto que estaremos sempre \u00e0 disposi\u00e7\u00e3o para fortalecer o programa, para contribuir com\u00a0os demais \u00f3rg\u00e3os e com a sociedade alagoana. Essa parceria \u00e9 de relev\u00e2ncia n\u00e3o para n\u00f3s, exclusivamente, mas para cada cidad\u00e3o do nosso estado. S\u00f3 tenho a agradecer \u00e0 promotora Marluce pelo magn\u00edfico trabalho, \u00e0 Secretaria de Seguran\u00e7a, em nome do secret\u00e1rio Elias Silva, pelo compromisso assumido e por se dispor a somar conosco\u201d, enfatiza o PGJ.<\/span><\/p>\n<p style=\"text-align: justify;\" align=\"justify\" data-raofz=\"14\"><span style=\"font-size: 14pt;\" data-raofz=\"14\">A promotora Marluce Falc\u00e3o, que tem feito um trabalho brilhante com sua equipe, acredita que a parceria culminar\u00e1 em grandes resultados.<\/span><\/p>\n<p style=\"text-align: justify;\" align=\"justify\" data-raofz=\"14\"><span style=\"font-size: 14pt;\" data-raofz=\"14\">\u201cEstamos vivenciando um despertar para o fen\u00f4meno do desaparecimento em Alagoas. Pessoas certas, nos lugares certos. Certamente teremos um grande avan\u00e7o na busca de Desaparecidos e finalmente fam\u00edlias podem obter uma resposta do estado,\u201d declara.<\/span><\/p>\n<p style=\"text-align: justify;\" align=\"justify\" data-raofz=\"14\"><span style=\"font-size: 14pt;\" data-raofz=\"14\">O secret\u00e1rio de Seguran\u00e7a P\u00fablica, coronel Elias Silva, refor\u00e7ou a satisfa\u00e7\u00e3o demonstrada por todos e, para mostrar conhecimento sobre o processo, mencionou algumas a\u00e7\u00f5es desencadeadas para buscas a desaparecidos.<\/span><\/p>\n<p style=\"text-align: justify;\" align=\"justify\" data-raofz=\"14\"><span style=\"font-size: 14pt;\" data-raofz=\"14\">\u201cA palavra-chave \u00e9 a integra\u00e7\u00e3o, n\u00e3o tem como fazermos nada sozinhos, os \u00f3rg\u00e3os precisam estar sintonizados, atuando em sincronia pelo bem toda a popula\u00e7\u00e3o. Com essa parceria, o empenho e compet\u00eancia dos nossos integrantes, refiro-me a todos os \u00f3rg\u00e3os que comp\u00f5em a seguran\u00e7a p\u00fablica, n\u00e3o tenham d\u00favidas, melhoraremos os servi\u00e7os e amenizaremos o sofrimento das fam\u00edlias alagoanas\u201d, diz o secret\u00e1rio.<\/span><\/p>\n<p style=\"text-align: justify;\" align=\"justify\" data-raofz=\"14\"><span style=\"font-size: 14pt;\" data-raofz=\"14\">Durante a solenidade, a advogada Amanda Fireman, volunt\u00e1ria do Plid desde o in\u00edcio, apresenta\u00e7\u00e3o dos n\u00fameros reais do quadro de desaparecimento em Alagoas, contabilizados pelo Sinalid\/Plid, e pediu que os \u00f3rg\u00e3os n\u00e3o medissem esfor\u00e7os.<\/span><\/p>\n<p style=\"text-align: justify;\" align=\"justify\" data-raofz=\"14\"><span style=\"font-size: 14pt;\" data-raofz=\"14\">\u201c\u00c9 preciso que nos juntemos para encontrar uma forma de dinamizar mais os casos. H\u00e1 fam\u00edlias que nos procuram todos os dias porque querem saber dos filhos, \u00e9 necess\u00e1rio termos um parecer. Elas n\u00e3o podem ficar sem respostas, mesmo que, infelizmente, nem sempre estejam vivos, mas \u00e9 u direito saber onde est\u00e3o, encontrar, para amenizar a dor\u201d, explicou.<\/span><\/p>\n<p style=\"text-align: justify;\" align=\"justify\" data-raofz=\"14\"><span style=\"font-size: 14pt;\" data-raofz=\"14\">A promotora Marluce Falc\u00e3o ressaltou o apoio recebido pelo procurador-geral de Justi\u00e7a, tamb\u00e9m por ter proporcionado a ida do servidor do MPAL, Thomaz Fireman e da advogada Amanda Fireman para o Plid\/AL, e agradeceu \u00e0 Pol\u00edcia Militar por disponibilizar a cabo PM Helena Bulh\u00f5es, que agora ser\u00e1 a interlocutora com as for\u00e7as de seguran\u00e7a.<\/span><\/p>\n<p style=\"text-align: justify;\" align=\"justify\" data-raofz=\"14\"><span style=\"font-size: 14pt;\" data-raofz=\"14\">O evento contou com a presen\u00e7a do chefe de gabinete do PGJ, promotor de Justi\u00e7a Humberto Bulh\u00f5es e de v\u00e1rias autoridades dos \u00f3rg\u00e3os de seguran\u00e7a em Alagoas, como o superintendente da Pol\u00edcia Rodovi\u00e1ria Federal (PRF), Ivan Anderson Chagas; o coronel PM Pedro Jorge Moura, representando o Comando-Geral da Pol\u00edcia Militar; a delegada-geral adjunta da Pol\u00edcia Civil, K\u00e1tia Emanuelle; o chefe do setor de Preven\u00e7\u00e3o da SSP\/AL, major Iran R\u00eago de Melo, e o capit\u00e3o PM Alex Acioli, a capit\u00e3 PM Cristiane, representando o Comando da Patrulha Maria da Penha; a tenente PM Roberta, representando o Comando de Policiamento da Capital; o diretor do Instituto M\u00e9dico Legal, m\u00e9dico-legista, Diogo Nilo Borba; o chefe de estat\u00edstica da Pol\u00edcia Civil, S\u00e1vio Marinho.<\/span><\/p>\n<\/div><style type=\"text\/css\">.fusion-gallery-1 .fusion-gallery-image {border:5px solid #f6f6f6;-webkit-border-radius:5px;-moz-border-radius:5px;border-radius:5px;}<\/style><div class=\"fusion-gallery fusion-gallery-container fusion-grid-3 fusion-columns-total-0 fusion-gallery-layout-grid fusion-gallery-1\" style=\"margin:-5px;\"><div style=\"padding:5px;\" class=\"fusion-grid-column fusion-gallery-column fusion-gallery-column-3 hover-type-none\"><div class=\"fusion-gallery-image\"><a href=\"https:\/\/www.mpal.mp.br\/wp-content\/uploads\/2022\/04\/Assinatura-do-termo-de-cooperacao-tecnica-do-PLIDAL-1-1024x576-1.jpeg\" rel=\"noreferrer\" data-rel=\"iLightbox[gallery_image_1]\" class=\"fusion-lightbox\" target=\"_self\"><img loading=\"lazy\" decoding=\"async\" src=\"https:\/\/www.mpal.mp.br\/wp-content\/uploads\/2022\/04\/Assinatura-do-termo-de-cooperacao-tecnica-do-PLIDAL-1-1024x576-1.jpeg\" width=\"1024\" height=\"576\" alt=\"\" title=\"Assinatura-do-termo-de-coopera\u00e7\u00e3o-t\u00e9cnica-do-PLIDAL-1-1024&#215;576\" aria-label=\"Assinatura-do-termo-de-coopera\u00e7\u00e3o-t\u00e9cnica-do-PLIDAL-1-1024&#215;576\" class=\"img-responsive wp-image-3850\" \/><\/a><\/div><\/div><div style=\"padding:5px;\" class=\"fusion-grid-column fusion-gallery-column fusion-gallery-column-3 hover-type-none\"><div class=\"fusion-gallery-image\"><a href=\"https:\/\/www.mpal.mp.br\/wp-content\/uploads\/2022\/04\/Assinatura-do-termo-de-cooperacao-tecnica-do-PLIDAL-2-scaled-1024x576-1.jpg\" rel=\"noreferrer\" data-rel=\"iLightbox[gallery_image_1]\" class=\"fusion-lightbox\" target=\"_self\"><img loading=\"lazy\" decoding=\"async\" src=\"https:\/\/www.mpal.mp.br\/wp-content\/uploads\/2022\/04\/Assinatura-do-termo-de-cooperacao-tecnica-do-PLIDAL-2-scaled-1024x576-1.jpg\" width=\"1024\" height=\"576\" alt=\"\" title=\"Assinatura-do-termo-de-coopera\u00e7\u00e3o-t\u00e9cnica-do-PLIDAL-2-scaled-1024&#215;576\" aria-label=\"Assinatura-do-termo-de-coopera\u00e7\u00e3o-t\u00e9cnica-do-PLIDAL-2-scaled-1024&#215;576\" class=\"img-responsive wp-image-3851\" \/><\/a><\/div><\/div><div style=\"padding:5px;\" class=\"fusion-grid-column fusion-gallery-column fusion-gallery-column-3 hover-type-none\"><div class=\"fusion-gallery-image\"><a href=\"https:\/\/www.mpal.mp.br\/wp-content\/uploads\/2022\/04\/Assinatura-do-termo-de-cooperacao-tecnica-do-PLIDAL-3-1024x576-1.jpeg\" rel=\"noreferrer\" data-rel=\"iLightbox[gallery_image_1]\" class=\"fusion-lightbox\" target=\"_self\"><img loading=\"lazy\" decoding=\"async\" src=\"https:\/\/www.mpal.mp.br\/wp-content\/uploads\/2022\/04\/Assinatura-do-termo-de-cooperacao-tecnica-do-PLIDAL-3-1024x576-1.jpeg\" width=\"1024\" height=\"576\" alt=\"\" title=\"Assinatura-do-termo-de-coopera\u00e7\u00e3o-t\u00e9cnica-do-PLIDAL-3-1024&#215;576\" aria-label=\"Assinatura-do-termo-de-coopera\u00e7\u00e3o-t\u00e9cnica-do-PLIDAL-3-1024&#215;576\" class=\"img-responsive wp-image-3852\" \/><\/a><\/div><\/div><div class=\"clearfix\"><\/div><div style=\"padding:5px;\" class=\"fusion-grid-column fusion-gallery-column fusion-gallery-column-3 hover-type-none\"><div class=\"fusion-gallery-image\"><a href=\"https:\/\/www.mpal.mp.br\/wp-content\/uploads\/2022\/04\/Assinatura-do-termo-de-cooperacao-tecnica-do-PLIDAL-4-1024x576-1.jpeg\" rel=\"noreferrer\" data-rel=\"iLightbox[gallery_image_1]\" class=\"fusion-lightbox\" target=\"_self\"><img loading=\"lazy\" decoding=\"async\" src=\"https:\/\/www.mpal.mp.br\/wp-content\/uploads\/2022\/04\/Assinatura-do-termo-de-cooperacao-tecnica-do-PLIDAL-4-1024x576-1.jpeg\" width=\"1024\" height=\"576\" alt=\"\" title=\"Assinatura-do-termo-de-coopera\u00e7\u00e3o-t\u00e9cnica-do-PLIDAL-4-1024&#215;576\" aria-label=\"Assinatura-do-termo-de-coopera\u00e7\u00e3o-t\u00e9cnica-do-PLIDAL-4-1024&#215;576\" class=\"img-responsive wp-image-3853\" \/><\/a><\/div><\/div><div style=\"padding:5px;\" class=\"fusion-grid-column fusion-gallery-column fusion-gallery-column-3 hover-type-none\"><div class=\"fusion-gallery-image\"><a href=\"https:\/\/www.mpal.mp.br\/wp-content\/uploads\/2022\/04\/Assinatura-do-termo-de-cooperacao-tecnica-do-PLIDAL-5-1024x576-1.jpeg\" rel=\"noreferrer\" data-rel=\"iLightbox[gallery_image_1]\" class=\"fusion-lightbox\" target=\"_self\"><img loading=\"lazy\" decoding=\"async\" src=\"https:\/\/www.mpal.mp.br\/wp-content\/uploads\/2022\/04\/Assinatura-do-termo-de-cooperacao-tecnica-do-PLIDAL-5-1024x576-1.jpeg\" width=\"1024\" height=\"576\" alt=\"\" title=\"Assinatura-do-termo-de-coopera\u00e7\u00e3o-t\u00e9cnica-do-PLIDAL-5-1024&#215;576\" aria-label=\"Assinatura-do-termo-de-coopera\u00e7\u00e3o-t\u00e9cnica-do-PLIDAL-5-1024&#215;576\" class=\"img-responsive wp-image-3854\" \/><\/a><\/div><\/div><div style=\"padding:5px;\" class=\"fusion-grid-column fusion-gallery-column fusion-gallery-column-3 hover-type-none\"><div class=\"fusion-gallery-image\"><a href=\"https:\/\/www.mpal.mp.br\/wp-content\/uploads\/2022\/04\/Assinatura-do-termo-de-cooperacao-tecnica-do-PLIDAL-6-scaled-1024x576-1.jpg\" rel=\"noreferrer\" data-rel=\"iLightbox[gallery_image_1]\" class=\"fusion-lightbox\" target=\"_self\"><img loading=\"lazy\" decoding=\"async\" src=\"https:\/\/www.mpal.mp.br\/wp-content\/uploads\/2022\/04\/Assinatura-do-termo-de-cooperacao-tecnica-do-PLIDAL-6-scaled-1024x576-1.jpg\" width=\"1024\" height=\"576\" alt=\"\" title=\"Assinatura-do-termo-de-coopera\u00e7\u00e3o-t\u00e9cnica-do-PLIDAL-6-scaled-1024&#215;576\" aria-label=\"Assinatura-do-termo-de-coopera\u00e7\u00e3o-t\u00e9cnica-do-PLIDAL-6-scaled-1024&#215;576\" class=\"img-responsive wp-image-3855\" \/><\/a><\/div><\/div><div class=\"clearfix\"><\/div><div style=\"padding:5px;\" class=\"fusion-grid-column fusion-gallery-column fusion-gallery-column-3 hover-type-none\"><div class=\"fusion-gallery-image\"><a href=\"https:\/\/www.mpal.mp.br\/wp-content\/uploads\/2022\/04\/Assinatura-do-termo-de-cooperacao-tecnica-do-PLIDAL-7-1024x576-1.jpeg\" rel=\"noreferrer\" data-rel=\"iLightbox[gallery_image_1]\" class=\"fusion-lightbox\" target=\"_self\"><img loading=\"lazy\" decoding=\"async\" src=\"https:\/\/www.mpal.mp.br\/wp-content\/uploads\/2022\/04\/Assinatura-do-termo-de-cooperacao-tecnica-do-PLIDAL-7-1024x576-1.jpeg\" width=\"1024\" height=\"576\" alt=\"\" title=\"Assinatura-do-termo-de-coopera\u00e7\u00e3o-t\u00e9cnica-do-PLIDAL-7-1024&#215;576\" aria-label=\"Assinatura-do-termo-de-coopera\u00e7\u00e3o-t\u00e9cnica-do-PLIDAL-7-1024&#215;576\" class=\"img-responsive wp-image-3856\" \/><\/a><\/div><\/div><div style=\"padding:5px;\" class=\"fusion-grid-column fusion-gallery-column fusion-gallery-column-3 hover-type-none\"><div class=\"fusion-gallery-image\"><a href=\"https:\/\/www.mpal.mp.br\/wp-content\/uploads\/2022\/04\/Assinatura-do-termo-de-cooperacao-tecnica-do-PLIDAL-12-scaled-1024x576-1.jpg\" rel=\"noreferrer\" data-rel=\"iLightbox[gallery_image_1]\" class=\"fusion-lightbox\" target=\"_self\"><img loading=\"lazy\" decoding=\"async\" src=\"https:\/\/www.mpal.mp.br\/wp-content\/uploads\/2022\/04\/Assinatura-do-termo-de-cooperacao-tecnica-do-PLIDAL-12-scaled-1024x576-1.jpg\" width=\"1024\" height=\"576\" alt=\"\" title=\"Assinatura-do-termo-de-coopera\u00e7\u00e3o-t\u00e9cnica-do-PLIDAL-12-scaled-1024&#215;576\" aria-label=\"Assinatura-do-termo-de-coopera\u00e7\u00e3o-t\u00e9cnica-do-PLIDAL-12-scaled-1024&#215;576\" class=\"img-responsive wp-image-3857\" \/><\/a><\/div><\/div><div style=\"padding:5px;\" class=\"fusion-grid-column fusion-gallery-column fusion-gallery-column-3 hover-type-none\"><div class=\"fusion-gallery-image\"><a href=\"https:\/\/www.mpal.mp.br\/wp-content\/uploads\/2022\/04\/Assinatura-do-termo-de-cooperacao-tecnica-do-PLIDAL-15-scaled-1024x576-1.jpg\" rel=\"noreferrer\" data-rel=\"iLightbox[gallery_image_1]\" class=\"fusion-lightbox\" target=\"_self\"><img loading=\"lazy\" decoding=\"async\" src=\"https:\/\/www.mpal.mp.br\/wp-content\/uploads\/2022\/04\/Assinatura-do-termo-de-cooperacao-tecnica-do-PLIDAL-15-scaled-1024x576-1.jpg\" width=\"1024\" height=\"576\" alt=\"\" title=\"Assinatura-do-termo-de-coopera\u00e7\u00e3o-t\u00e9cnica-do-PLIDAL-15-scaled-1024&#215;576\" aria-label=\"Assinatura-do-termo-de-coopera\u00e7\u00e3o-t\u00e9cnica-do-PLIDAL-15-scaled-1024&#215;576\" class=\"img-responsive wp-image-3858\" \/><\/a><\/div><\/div><div class=\"clearfix\"><\/div><div style=\"padding:5px;\" class=\"fusion-grid-column fusion-gallery-column fusion-gallery-column-3 hover-type-none\"><div class=\"fusion-gallery-image\"><a href=\"https:\/\/www.mpal.mp.br\/wp-content\/uploads\/2022\/04\/Assinatura-do-termo-de-cooperacao-tecnica-do-PLIDAL-19-scaled-1024x576-1.jpg\" rel=\"noreferrer\" data-rel=\"iLightbox[gallery_image_1]\" class=\"fusion-lightbox\" target=\"_self\"><img loading=\"lazy\" decoding=\"async\" src=\"https:\/\/www.mpal.mp.br\/wp-content\/uploads\/2022\/04\/Assinatura-do-termo-de-cooperacao-tecnica-do-PLIDAL-19-scaled-1024x576-1.jpg\" width=\"1024\" height=\"576\" alt=\"\" title=\"Assinatura-do-termo-de-coopera\u00e7\u00e3o-t\u00e9cnica-do-PLIDAL-19-scaled-1024&#215;576\" aria-label=\"Assinatura-do-termo-de-coopera\u00e7\u00e3o-t\u00e9cnica-do-PLIDAL-19-scaled-1024&#215;576\" class=\"img-responsive wp-image-3859\" \/><\/a><\/div><\/div><div style=\"padding:5px;\" class=\"fusion-grid-column fusion-gallery-column fusion-gallery-column-3 hover-type-none\"><div class=\"fusion-gallery-image\"><a href=\"https:\/\/www.mpal.mp.br\/wp-content\/uploads\/2022\/04\/Assinatura-do-termo-de-cooperacao-tecnica-do-PLIDAL-21-scaled-1024x576-1.jpg\" rel=\"noreferrer\" data-rel=\"iLightbox[gallery_image_1]\" class=\"fusion-lightbox\" target=\"_self\"><img loading=\"lazy\" decoding=\"async\" src=\"https:\/\/www.mpal.mp.br\/wp-content\/uploads\/2022\/04\/Assinatura-do-termo-de-cooperacao-tecnica-do-PLIDAL-21-scaled-1024x576-1.jpg\" width=\"1024\" height=\"576\" alt=\"\" title=\"Assinatura-do-termo-de-coopera\u00e7\u00e3o-t\u00e9cnica-do-PLIDAL-21-scaled-1024&#215;576\" aria-label=\"Assinatura-do-termo-de-coopera\u00e7\u00e3o-t\u00e9cnica-do-PLIDAL-21-scaled-1024&#215;576\" class=\"img-responsive wp-image-3860\" \/><\/a><\/div><\/div><div style=\"padding:5px;\" class=\"fusion-grid-column fusion-gallery-column fusion-gallery-column-3 hover-type-none\"><div class=\"fusion-gallery-image\"><a href=\"https:\/\/www.mpal.mp.br\/wp-content\/uploads\/2022\/04\/Assinatura-do-termo-de-cooperacao-tecnica-do-PLIDAL-24-scaled-1024x576-1.jpg\" rel=\"noreferrer\" data-rel=\"iLightbox[gallery_image_1]\" class=\"fusion-lightbox\" target=\"_self\"><img loading=\"lazy\" decoding=\"async\" src=\"https:\/\/www.mpal.mp.br\/wp-content\/uploads\/2022\/04\/Assinatura-do-termo-de-cooperacao-tecnica-do-PLIDAL-24-scaled-1024x576-1.jpg\" width=\"1024\" height=\"576\" alt=\"\" title=\"Assinatura-do-termo-de-coopera\u00e7\u00e3o-t\u00e9cnica-do-PLIDAL-24-scaled-1024&#215;576\" aria-label=\"Assinatura-do-termo-de-coopera\u00e7\u00e3o-t\u00e9cnica-do-PLIDAL-24-scaled-1024&#215;576\" class=\"img-responsive wp-image-3861\" \/><\/a><\/div><\/div><div class=\"clearfix\"><\/div><\/div><div class=\"fusion-clearfix\"><\/div>\n\n\t\t\t\t\t<\/div>\n\t\t\t\t<\/div><\/div><\/div>\n","protected":false},"excerpt":{"rendered":"","protected":false},"author":2,"featured_media":3849,"comment_status":"open","ping_status":"open","sticky":false,"template":"","format":"standard","meta":{"om_disable_all_campaigns":false,"_monsterinsights_skip_tracking":false,"_monsterinsights_sitenote_active":false,"_monsterinsights_sitenote_note":"","_monsterinsights_sitenote_category":0,"_uf_show_specific_survey":0,"_uf_disable_surveys":false,"footnotes":""},"categories":[20],"tags":[],"class_list":["post-3848","post","type-post","status-publish","format-standard","has-post-thumbnail","hentry","category-not_sinalid"],"aioseo_notices":[],"_links":{"self":[{"href":"https:\/\/www.mpal.mp.br\/index.php?rest_route=\/wp\/v2\/posts\/3848","targetHints":{"allow":["GET"]}}],"collection":[{"href":"https:\/\/www.mpal.mp.br\/index.php?rest_route=\/wp\/v2\/posts"}],"about":[{"href":"https:\/\/www.mpal.mp.br\/index.php?rest_route=\/wp\/v2\/types\/post"}],"author":[{"embeddable":true,"href":"https:\/\/www.mpal.mp.br\/index.php?rest_route=\/wp\/v2\/users\/2"}],"replies":[{"embeddable":true,"href":"https:\/\/www.mpal.mp.br\/index.php?rest_route=%2Fwp%2Fv2%2Fcomments&post=3848"}],"version-history":[{"count":2,"href":"https:\/\/www.mpal.mp.br\/index.php?rest_route=\/wp\/v2\/posts\/3848\/revisions"}],"predecessor-version":[{"id":3863,"href":"https:\/\/www.mpal.mp.br\/index.php?rest_route=\/wp\/v2\/posts\/3848\/revisions\/3863"}],"wp:featuredmedia":[{"embeddable":true,"href":"https:\/\/www.mpal.mp.br\/index.php?rest_route=\/wp\/v2\/media\/3849"}],"wp:attachment":[{"href":"https:\/\/www.mpal.mp.br\/index.php?rest_route=%2Fwp%2Fv2%2Fmedia&parent=3848"}],"wp:term":[{"taxonomy":"category","embeddable":true,"href":"https:\/\/www.mpal.mp.br\/index.php?rest_route=%2Fwp%2Fv2%2Fcategories&post=3848"},{"taxonomy":"post_tag","embeddable":true,"href":"https:\/\/www.mpal.mp.br\/index.php?rest_route=%2Fwp%2Fv2%2Ftags&post=3848"}],"curies":[{"name":"wp","href":"https:\/\/api.w.org\/{rel}","templated":true}]}}