{"id":38286,"date":"2024-03-25T08:11:49","date_gmt":"2024-03-25T11:11:49","guid":{"rendered":"https:\/\/www.mpal.mp.br\/?p=38286"},"modified":"2024-03-25T08:40:49","modified_gmt":"2024-03-25T11:40:49","slug":"apos-atuacao-do-mpal-hospital-chama-anuncia-retorno-da-cardiologia","status":"publish","type":"post","link":"https:\/\/www.mpal.mp.br\/?p=38286","title":{"rendered":"Ap\u00f3s atua\u00e7\u00e3o do MPAL, Hospital Chama anuncia retorno da cardiologia"},"content":{"rendered":"<p style=\"text-align: justify;\"><span style=\"font-size: 14pt;\">Na semana passada, o Hospital Chama informou o retorno do servi\u00e7o de cardiologia, com a abertura das regula\u00e7\u00f5es junto ao Munic\u00edpio de Arapiraca a partir da sexta-feira (22). Com isso, pacientes SUS voltar\u00e3o a ser atendidos pela unidade de sa\u00fade. Vale destacar que o retorno do servi\u00e7o \u00e9 fruto de uma a\u00e7\u00e3o civil p\u00fablica ajuizada pelo Minist\u00e9rio P\u00fablico de Alagoas no dia 11 de mar\u00e7o.<\/span><\/p>\n<p style=\"text-align: justify;\"><span style=\"font-size: 14pt;\">Acatada pela justi\u00e7a no \u00faltimo dia 14, a a\u00e7\u00e3o pedia pelo restabelecimento imediato do atendimento em cardiologia aos usu\u00e1rios SUS pelos pr\u00f3ximos seis meses, com previs\u00e3o de multa de R$ 10 mil por dia em caso de descumprimento.<\/span><\/p>\n<p style=\"text-align: justify;\"><span style=\"font-size: 14pt;\">Consta ainda na a\u00e7\u00e3o civil p\u00fablica que cabe ao Estado de Alagoas providenciar nos pr\u00f3ximos seis meses a realoca\u00e7\u00e3o dos servi\u00e7os cardiol\u00f3gicos da 2\u00aa Macrorregi\u00e3o de Sa\u00fade, atualmente atendida pelo Hospital Chama.<\/span><\/p>\n<p><span style=\"font-size: 14pt;\">De acordo com a promotora de Justi\u00e7a Viviane Karla Farias, a unidade de sa\u00fade havia suspendido o atendimento em cardiologia pela insufici\u00eancia de recursos financeiros. Para que mais de meio milh\u00e3o de usu\u00e1rios n\u00e3o ficassem desassistidos, o MPAL decidiu entrar com uma a\u00e7\u00e3o na justi\u00e7a.<\/span><\/p>\n<p style=\"text-align: justify;\"><span style=\"font-size: 14pt;\">A ACP \u00e9 assinada pelos promotores de Justi\u00e7a Viviane Karla Farias e Cl\u00e1udio Teles.<\/span><\/p>\n","protected":false},"excerpt":{"rendered":"<p> [&hellip;]<\/p>\n","protected":false},"author":1,"featured_media":38288,"comment_status":"open","ping_status":"open","sticky":false,"template":"","format":"standard","meta":{"om_disable_all_campaigns":false,"_monsterinsights_skip_tracking":false,"_monsterinsights_sitenote_active":false,"_monsterinsights_sitenote_note":"","_monsterinsights_sitenote_category":0,"_uf_show_specific_survey":0,"_uf_disable_surveys":false,"footnotes":""},"categories":[2,50],"tags":[],"class_list":["post-38286","post","type-post","status-publish","format-standard","has-post-thumbnail","hentry","category-not_mpal","category-not_saude"],"aioseo_notices":[],"_links":{"self":[{"href":"https:\/\/www.mpal.mp.br\/index.php?rest_route=\/wp\/v2\/posts\/38286","targetHints":{"allow":["GET"]}}],"collection":[{"href":"https:\/\/www.mpal.mp.br\/index.php?rest_route=\/wp\/v2\/posts"}],"about":[{"href":"https:\/\/www.mpal.mp.br\/index.php?rest_route=\/wp\/v2\/types\/post"}],"author":[{"embeddable":true,"href":"https:\/\/www.mpal.mp.br\/index.php?rest_route=\/wp\/v2\/users\/1"}],"replies":[{"embeddable":true,"href":"https:\/\/www.mpal.mp.br\/index.php?rest_route=%2Fwp%2Fv2%2Fcomments&post=38286"}],"version-history":[{"count":2,"href":"https:\/\/www.mpal.mp.br\/index.php?rest_route=\/wp\/v2\/posts\/38286\/revisions"}],"predecessor-version":[{"id":38289,"href":"https:\/\/www.mpal.mp.br\/index.php?rest_route=\/wp\/v2\/posts\/38286\/revisions\/38289"}],"wp:featuredmedia":[{"embeddable":true,"href":"https:\/\/www.mpal.mp.br\/index.php?rest_route=\/wp\/v2\/media\/38288"}],"wp:attachment":[{"href":"https:\/\/www.mpal.mp.br\/index.php?rest_route=%2Fwp%2Fv2%2Fmedia&parent=38286"}],"wp:term":[{"taxonomy":"category","embeddable":true,"href":"https:\/\/www.mpal.mp.br\/index.php?rest_route=%2Fwp%2Fv2%2Fcategories&post=38286"},{"taxonomy":"post_tag","embeddable":true,"href":"https:\/\/www.mpal.mp.br\/index.php?rest_route=%2Fwp%2Fv2%2Ftags&post=38286"}],"curies":[{"name":"wp","href":"https:\/\/api.w.org\/{rel}","templated":true}]}}