{"id":3802,"date":"2022-04-07T10:11:09","date_gmt":"2022-04-07T13:11:09","guid":{"rendered":"https:\/\/www.mpal.mp.br\/?p=3802"},"modified":"2023-12-07T11:04:00","modified_gmt":"2023-12-07T14:04:00","slug":"reuniao-entre-mpal-e-semed-discute-volta-as-aulas-presenciais-para-alunos-de-escolas-que-funcionavam-no-pinheiro","status":"publish","type":"post","link":"https:\/\/www.mpal.mp.br\/?p=3802","title":{"rendered":"Reuni\u00e3o entre MPAL e Semed discute volta \u00e0s aulas presenciais para alunos de escolas que funcionavam no Pinheiro"},"content":{"rendered":"<div class=\"fusion-fullwidth fullwidth-box fusion-builder-row-1 nonhundred-percent-fullwidth non-hundred-percent-height-scrolling\"  style='background-color: #ffffff;background-position: center center;background-repeat: no-repeat;padding-top:0px;padding-right:0px;padding-bottom:0px;padding-left:0px;'><div class=\"fusion-builder-row fusion-row \"><div  class=\"fusion-layout-column fusion_builder_column fusion_builder_column_1_1 fusion-builder-column-1 fusion-one-full fusion-column-first fusion-column-last 1_1\"  style='margin-top:0px;margin-bottom:20px;'>\n\t\t\t\t\t<div class=\"fusion-column-wrapper\" style=\"padding: 0px 0px 0px 0px;background-position:left top;background-repeat:no-repeat;-webkit-background-size:cover;-moz-background-size:cover;-o-background-size:cover;background-size:cover;\"   data-bg-url=\"\">\n\t\t\t\t\t\t<div class=\"fusion-text\"><p style=\"text-align: justify;\">Reuni\u00e3o entre MPAL e Semed discute volta \u00e0s aulas presenciais para alunos de escolas que funcionavam no Pinheiro<\/p>\n<p style=\"text-align: justify;\">Aconteceu, nesta quinta-feira (7), uma reuni\u00e3o entre o Minist\u00e9rio P\u00fablico do Estado de Alagoas e a Prefeitura de Macei\u00f3 com o objetivo de discutir o retorno \u00e0s aulas de crian\u00e7as e adolescentes que estudavam nas escolas localizadas no bairro do Pinheiro e que precisaram ser desativadas em raz\u00e3o das rachaduras no solo provocadas pelas atividades da mineradora Braskem. Na ocasi\u00e3o, as duas institui\u00e7\u00f5es discutiram sobre as reclama\u00e7\u00f5es feitas recentemente pelos moradores com rela\u00e7\u00e3o a demora no retorno \u00e0s atividades educacionais e, em raz\u00e3o disso, o MPAL cobrou do munic\u00edpio urg\u00eancia na resolu\u00e7\u00e3o desse problema.<\/p>\n<p style=\"text-align: justify;\">Durante o encontro, que foi coordenado pelo diretor do Centro de Apoio Operacional \u00e0s Promotorias de Justi\u00e7a, promotor de Justi\u00e7a Jos\u00e9 Ant\u00f4nio Malta Marques, pelos promotores do N\u00facleo de Defesa da Educa\u00e7\u00e3o, Lucas Sachsida e Kleber Valadares, pelo promotor da For\u00e7a-Tarefa do Pinheiro, Adriano Jorge Correia, e pelo promotor de Justi\u00e7a da Inf\u00e2ncia e Juventude da capital, Gustavo Arns,\u00a0foi posta em pauta a reclama\u00e7\u00e3o do\u00a0Gabinete de Gest\u00e3o Integrada para a Ado\u00e7\u00e3o de Medidas de Enfrentamento aos Impactos do Afundamento dos Bairros (GGI dos Bairros), que\u00a0relatou que parte consider\u00e1vel dos estudantes n\u00e3o voltou a ter aulas presenciais porque a Secretaria Municipal de Educa\u00e7\u00e3o ainda n\u00e3o encontrou solu\u00e7\u00e3o para algumas das unidades atingidas.<\/p>\n<p style=\"text-align: justify;\">\u201cO aluno em sala aprende muito mais do que numa aula remota, sem falar que nem todos eles possuem internet, o que s\u00f3 agrava a situa\u00e7\u00e3o. Demostramos essa nossa preocupa\u00e7\u00e3o \u00e0 Semed, que disse\u00a0j\u00e1\u00a0est\u00e1\u00a0resolvendo\u00a0esse problema\u201d, afirmou Malta Marques.<\/p>\n<p style=\"text-align: justify;\">\u201cDurante todo o tempo, explicamos que a\u00a0efetiva\u00e7\u00e3o da realoca\u00e7\u00e3o dessas escolas precisa ocorrer com a m\u00e1xima brevidade, de modo que n\u00e3o prejudique a aprendizagem dos estudantes\u201d, afirmou o promotor\u00a0Gustavo Arns.<\/p>\n<p style=\"text-align: justify;\"><span style=\"font-size: 14pt;\"><strong>Escolas pr\u00f3ximas dos alunos<\/strong><\/span><\/p>\n<p style=\"text-align: justify;\">Os promotores de Justi\u00e7a tamb\u00e9m solicitaram \u00e0 prefeitura que busque escolas pr\u00f3ximas das resid\u00eancias dos alunos. \u201cGarantir atividades escolares presenciais \u00e9 um dever da municipalidade diante dos princ\u00edpios da igualdade de acesso e permanecia, isso sabendo-se da diferen\u00e7a qualitativa entre atividades escolares presenciais e n\u00e3o presenciais.\u00a0Al\u00e9m disso, essas\u00a0novas\u00a0localidades t\u00eam que atender \u00e0s necessidades das fam\u00edlias afetadas, uma vez que n\u00e3o foram elas que sa\u00edram em busca de outros bairros\u201d, apontou Lucas Sachsida.<\/p>\n<\/div><div class=\"fusion-clearfix\"><\/div>\n\n\t\t\t\t\t<\/div>\n\t\t\t\t<\/div><\/div><\/div>\n","protected":false},"excerpt":{"rendered":"","protected":false},"author":17,"featured_media":3803,"comment_status":"open","ping_status":"open","sticky":false,"template":"","format":"standard","meta":{"om_disable_all_campaigns":false,"_monsterinsights_skip_tracking":false,"_monsterinsights_sitenote_active":false,"_monsterinsights_sitenote_note":"","_monsterinsights_sitenote_category":0,"_uf_show_specific_survey":0,"_uf_disable_surveys":false,"footnotes":""},"categories":[56,2],"tags":[],"class_list":["post-3802","post","type-post","status-publish","format-standard","has-post-thumbnail","hentry","category-not_braskem","category-not_mpal"],"aioseo_notices":[],"_links":{"self":[{"href":"https:\/\/www.mpal.mp.br\/index.php?rest_route=\/wp\/v2\/posts\/3802","targetHints":{"allow":["GET"]}}],"collection":[{"href":"https:\/\/www.mpal.mp.br\/index.php?rest_route=\/wp\/v2\/posts"}],"about":[{"href":"https:\/\/www.mpal.mp.br\/index.php?rest_route=\/wp\/v2\/types\/post"}],"author":[{"embeddable":true,"href":"https:\/\/www.mpal.mp.br\/index.php?rest_route=\/wp\/v2\/users\/17"}],"replies":[{"embeddable":true,"href":"https:\/\/www.mpal.mp.br\/index.php?rest_route=%2Fwp%2Fv2%2Fcomments&post=3802"}],"version-history":[{"count":3,"href":"https:\/\/www.mpal.mp.br\/index.php?rest_route=\/wp\/v2\/posts\/3802\/revisions"}],"predecessor-version":[{"id":34440,"href":"https:\/\/www.mpal.mp.br\/index.php?rest_route=\/wp\/v2\/posts\/3802\/revisions\/34440"}],"wp:featuredmedia":[{"embeddable":true,"href":"https:\/\/www.mpal.mp.br\/index.php?rest_route=\/wp\/v2\/media\/3803"}],"wp:attachment":[{"href":"https:\/\/www.mpal.mp.br\/index.php?rest_route=%2Fwp%2Fv2%2Fmedia&parent=3802"}],"wp:term":[{"taxonomy":"category","embeddable":true,"href":"https:\/\/www.mpal.mp.br\/index.php?rest_route=%2Fwp%2Fv2%2Fcategories&post=3802"},{"taxonomy":"post_tag","embeddable":true,"href":"https:\/\/www.mpal.mp.br\/index.php?rest_route=%2Fwp%2Fv2%2Ftags&post=3802"}],"curies":[{"name":"wp","href":"https:\/\/api.w.org\/{rel}","templated":true}]}}