{"id":37863,"date":"2024-03-14T13:17:00","date_gmt":"2024-03-14T16:17:00","guid":{"rendered":"https:\/\/www.mpal.mp.br\/?p=37863"},"modified":"2024-03-15T12:02:19","modified_gmt":"2024-03-15T15:02:19","slug":"hospital-chama-devera-retomar-servicos-de-cardiologia-apos-acao-ajuizada-pelo-mpal","status":"publish","type":"post","link":"https:\/\/www.mpal.mp.br\/?p=37863","title":{"rendered":"Hospital Chama dever\u00e1 retomar servi\u00e7os de cardiologia ap\u00f3s a\u00e7\u00e3o ajuizada pelo MPAL"},"content":{"rendered":"<div class=\"fusion-fullwidth fullwidth-box fusion-builder-row-1 nonhundred-percent-fullwidth non-hundred-percent-height-scrolling\"  style='background-color: #ffffff;background-position: center center;background-repeat: no-repeat;padding-top:0px;padding-right:0px;padding-bottom:0px;padding-left:0px;'><div class=\"fusion-builder-row fusion-row \"><div  class=\"fusion-layout-column fusion_builder_column fusion_builder_column_1_1 fusion-builder-column-1 fusion-one-full fusion-column-first fusion-column-last 1_1\"  style='margin-top:0px;margin-bottom:0px;'>\n\t\t\t\t\t<div class=\"fusion-column-wrapper\" style=\"padding: 0px 0px 0px 0px;background-position:left top;background-repeat:no-repeat;-webkit-background-size:cover;-moz-background-size:cover;-o-background-size:cover;background-size:cover;\"   data-bg-url=\"\">\n\t\t\t\t\t\t<div class=\"fusion-text\"><p style=\"text-align: justify;\">Pedido do Minist\u00e9rio P\u00fablico de Alagoas foi acatado e o Hospital Chama, em Arapiraca, dever\u00e1 restabelecer imediatamente os atendimentos e servi\u00e7os de cardiologia aos usu\u00e1rios SUS pelos pr\u00f3ximos seis meses. Caso n\u00e3o cumpra a determina\u00e7\u00e3o, o Hospital ser\u00e1 multado em R$ 10 mil por dia, at\u00e9 o limite de R$ 500 mil. A decis\u00e3o judicial foi proferida nesta quinta-feira (14).<\/p>\n<p style=\"text-align: justify;\">O Estado de Alagoas tamb\u00e9m dever\u00e1 providenciar nos pr\u00f3ximos seis meses a realoca\u00e7\u00e3o dos servi\u00e7os cardiol\u00f3gicos da 2\u00aa Macrorregi\u00e3o de Sa\u00fade, que atualmente conta com o Hospital Chama, para que a popula\u00e7\u00e3o n\u00e3o sofra com a falta de atendimento. O Estado est\u00e1 sujeito a multa de mesmo valor caso descumpra a decis\u00e3o.<\/p>\n<p style=\"text-align: justify;\">As duas medidas fazem parte de uma a\u00e7\u00e3o civil p\u00fablica ajuizada pelo MPAL na \u00faltima segunda-feira (11). De acordo com a institui\u00e7\u00e3o, a unidade de sa\u00fade havia suspendido o atendimento de cardiologia por conta da insufici\u00eancia de recursos financeiros.<\/p>\n<p style=\"text-align: justify;\">Para n\u00e3o deixar mais de meio milh\u00e3o de usu\u00e1rios desassistidos, o Minist\u00e9rio P\u00fablico decidiu garantir os direitos desses cidad\u00e3os judicialmente.<\/p>\n<p style=\"text-align: justify;\">A a\u00e7\u00e3o civil p\u00fablica \u00e9 assinada pelos promotores de Justi\u00e7a Viviane Karla Farias e Cl\u00e1udio Teles.<\/p>\n<\/div><div class=\"fusion-clearfix\"><\/div>\n\n\t\t\t\t\t<\/div>\n\t\t\t\t<\/div><\/div><\/div>\n","protected":false},"excerpt":{"rendered":"","protected":false},"author":6,"featured_media":37896,"comment_status":"open","ping_status":"open","sticky":false,"template":"","format":"standard","meta":{"om_disable_all_campaigns":false,"_monsterinsights_skip_tracking":false,"_monsterinsights_sitenote_active":false,"_monsterinsights_sitenote_note":"","_monsterinsights_sitenote_category":0,"_uf_show_specific_survey":0,"_uf_disable_surveys":false,"footnotes":""},"categories":[2,50],"tags":[],"class_list":["post-37863","post","type-post","status-publish","format-standard","has-post-thumbnail","hentry","category-not_mpal","category-not_saude"],"aioseo_notices":[],"_links":{"self":[{"href":"https:\/\/www.mpal.mp.br\/index.php?rest_route=\/wp\/v2\/posts\/37863","targetHints":{"allow":["GET"]}}],"collection":[{"href":"https:\/\/www.mpal.mp.br\/index.php?rest_route=\/wp\/v2\/posts"}],"about":[{"href":"https:\/\/www.mpal.mp.br\/index.php?rest_route=\/wp\/v2\/types\/post"}],"author":[{"embeddable":true,"href":"https:\/\/www.mpal.mp.br\/index.php?rest_route=\/wp\/v2\/users\/6"}],"replies":[{"embeddable":true,"href":"https:\/\/www.mpal.mp.br\/index.php?rest_route=%2Fwp%2Fv2%2Fcomments&post=37863"}],"version-history":[{"count":4,"href":"https:\/\/www.mpal.mp.br\/index.php?rest_route=\/wp\/v2\/posts\/37863\/revisions"}],"predecessor-version":[{"id":37897,"href":"https:\/\/www.mpal.mp.br\/index.php?rest_route=\/wp\/v2\/posts\/37863\/revisions\/37897"}],"wp:featuredmedia":[{"embeddable":true,"href":"https:\/\/www.mpal.mp.br\/index.php?rest_route=\/wp\/v2\/media\/37896"}],"wp:attachment":[{"href":"https:\/\/www.mpal.mp.br\/index.php?rest_route=%2Fwp%2Fv2%2Fmedia&parent=37863"}],"wp:term":[{"taxonomy":"category","embeddable":true,"href":"https:\/\/www.mpal.mp.br\/index.php?rest_route=%2Fwp%2Fv2%2Fcategories&post=37863"},{"taxonomy":"post_tag","embeddable":true,"href":"https:\/\/www.mpal.mp.br\/index.php?rest_route=%2Fwp%2Fv2%2Ftags&post=37863"}],"curies":[{"name":"wp","href":"https:\/\/api.w.org\/{rel}","templated":true}]}}