{"id":37340,"date":"2024-03-06T11:47:16","date_gmt":"2024-03-06T14:47:16","guid":{"rendered":"https:\/\/www.mpal.mp.br\/?p=37340"},"modified":"2024-03-06T13:08:54","modified_gmt":"2024-03-06T16:08:54","slug":"mpal-propoe-melhorias-em-delegacias-de-maceio-por-meio-de-recomendacoes","status":"publish","type":"post","link":"https:\/\/www.mpal.mp.br\/?p=37340","title":{"rendered":"MPAL prop\u00f5e melhorias em delegacias de Macei\u00f3 por meio de recomenda\u00e7\u00f5es"},"content":{"rendered":"<p style=\"text-align: justify;\">O Minist\u00e9rio P\u00fablico de Alagoas emitiu recomenda\u00e7\u00e3o ao delegado-geral da Pol\u00edcia Civil de Alagoas orientando que ele adote as medidas necess\u00e1rias para aprimorar o trabalho desempenhado pelo 8\u00ba e 21\u00ba Distritos Policiais da Capital, no bairro Benedito Bentes. A portaria foi publicada nesta ter\u00e7a-feira (5) e dever\u00e1 ser acompanhada pela Secretaria de Seguran\u00e7a P\u00fablica de Alagoas.<\/p>\n<p style=\"text-align: justify;\">Na recomenda\u00e7\u00e3o, o MPAL orienta que o delegado-geral realize reformas estruturais e compre equipamentos novos para os dois distritos policiais, a exemplo de computadores, impressoras, c\u00e2mera para a grava\u00e7\u00e3o de depoimentos, entre outros.<\/p>\n<p style=\"text-align: justify;\">O MPAL indica ainda a aquisi\u00e7\u00e3o de monitoramento eletr\u00f4nico dos pr\u00e9dios para que sejam evitados gastos com vigilantes noturnos.<\/p>\n<p style=\"text-align: justify;\">A Delegacia-Geral dever\u00e1 providenciar a limpeza das \u00e1reas externas dos pr\u00e9dios das duas delegacias.<\/p>\n<p style=\"text-align: justify;\"><span style=\"font-size: 14pt;\"><strong>Pessoal<\/strong><\/span><\/p>\n<p style=\"text-align: justify;\">Os servidores da Pol\u00edcia Civil dever\u00e3o ser capacitados para que aprendam a atuar no registro de boletins de ocorr\u00eancia e em outros sistemas tecnol\u00f3gicos para que os distritos consigam atender a popula\u00e7\u00e3o, pelo menos, em hor\u00e1rio comercial, de segunda a sexta-feira.<\/p>\n<p style=\"text-align: justify;\">O MPAL solicita ao delegado-geral que ele atue no sentido de manter um maior controle sobre a lota\u00e7\u00e3o de novos agentes de pol\u00edcia e escriv\u00e3es no 8\u00ba e 21\u00ba Distritos Policiais pois h\u00e1 informa\u00e7\u00f5es de servidores trabalhando com desvio de fun\u00e7\u00e3o.<\/p>\n<p style=\"text-align: justify;\"><span style=\"font-size: 14pt;\"><strong>Inqu\u00e9ritos<\/strong><\/span><\/p>\n<p style=\"text-align: justify;\">A recomenda\u00e7\u00e3o traz ainda que todas as delegacias distritais de Macei\u00f3 dever\u00e3o, em at\u00e9 30 dias, enviar para o MPAL lista com todos os inqu\u00e9ritos policiais existentes recebidos do Geai e Cipp ou de outro \u00f3rg\u00e3o da Pol\u00edcia Civil que ainda se encontrem em forma f\u00edsica.<\/p>\n<p style=\"text-align: justify;\">O delegado-geral dever\u00e1 expedir atos para que cada delegado de Pol\u00edcia que for designado para outra unidade fa\u00e7a um relat\u00f3rio com todo o acervo de procedimentos e inqu\u00e9ritos que deixar\u00e1 pendentes na unidade.<\/p>\n<p style=\"text-align: justify;\">Por fim, o gestor dever\u00e1 providenciar o levantamento dos materiais inserv\u00edveis que est\u00e3o no dep\u00f3sito do 8\u00ba e 21\u00ba DPs para que eles tenham a destina\u00e7\u00e3o correta.<\/p>\n<p style=\"text-align: justify;\">A implementa\u00e7\u00e3o dessas medidas ser\u00e1 acompanhada pelo secret\u00e1rio de Seguran\u00e7a P\u00fablica de Alagoas.<\/p>\n<p style=\"text-align: justify;\"><span style=\"font-size: 14pt;\"><strong>Cidade Universit\u00e1ria<\/strong><\/span><\/p>\n<p style=\"text-align: justify;\">O Minist\u00e9rio P\u00fablico emitiu outra recomenda\u00e7\u00e3o, desta vez voltada ao 10\u00ba Distrito Policial da Capital, que fica no bairro Cidade Universit\u00e1ria. No documento, h\u00e1 orienta\u00e7\u00f5es para aquisi\u00e7\u00e3o de v\u00e1rios equipamentos, como computadores, impressoras, c\u00e2meras de grava\u00e7\u00e3o de depoimentos, entre outros.<\/p>\n<p style=\"text-align: justify;\">O MPAL sugere ainda ao delegado-geral a redistribui\u00e7\u00e3o da \u00e1rea territorial abarcada pelo 10\u00ba DP, que atualmente \u00e9 respons\u00e1vel por dois grandes bairros e todo o sistema prisional da capital. Segundo a promotora de Justi\u00e7a Karla Padilha, esse contexto dificulta o cumprimento adequado das fun\u00e7\u00f5es investigat\u00f3rias.<\/p>\n<p style=\"text-align: justify;\">O Minist\u00e9rio P\u00fablico pede ainda o refor\u00e7o do efetivo no local ou a cria\u00e7\u00e3o de for\u00e7a-tarefa com servidores de outras delegacias para que o trabalho na unidade seja restabelecido, devendo ser priorizados procedimentos que estejam com os prazos extrapolados.<\/p>\n<p style=\"text-align: justify;\"><span style=\"font-size: 14pt;\"><strong>Outras medidas<\/strong><\/span><\/p>\n<p style=\"text-align: justify;\">Ao delegado-geral, foi solicitado a capacita\u00e7\u00e3o de servidores para que boletins de ocorr\u00eancia sejam realizados em dias \u00fateis, no hor\u00e1rio comercial. Ele tamb\u00e9m dever\u00e1 providenciar levantamento de materiais apreendidos para a devida destina\u00e7\u00e3o. Delegados que forem transferidos para outras unidades sem realizar esse levantamento poder\u00e3o ser responsabilizados.<\/p>\n<p style=\"text-align: justify;\">Por fim, o MPAL sugere a contrata\u00e7\u00e3o de empresa de seguran\u00e7a ou de equipamento de vigil\u00e2ncia para prote\u00e7\u00e3o do 10\u00ba DP, bem como acompanhamento peri\u00f3dico da unidade para que manuten\u00e7\u00f5es e reformas sejam feitas em tempo h\u00e1bil.<\/p>\n<p style=\"text-align: justify;\"><span style=\"font-size: 14pt;\"><strong>Ponta Grossa<\/strong><\/span><\/p>\n<p style=\"text-align: justify;\">A promotora Karla Padilha adianta que dever\u00e1 sair nos pr\u00f3ximos dias uma nova recomenda\u00e7\u00e3o no mesmo sentido voltada ao 3\u00ba DP da Capital, que fica no bairro Ponta Grossa.<\/p>\n","protected":false},"excerpt":{"rendered":"<p> [&hellip;]<\/p>\n","protected":false},"author":6,"featured_media":37356,"comment_status":"open","ping_status":"open","sticky":false,"template":"","format":"standard","meta":{"om_disable_all_campaigns":false,"_monsterinsights_skip_tracking":false,"_monsterinsights_sitenote_active":false,"_monsterinsights_sitenote_note":"","_monsterinsights_sitenote_category":0,"_uf_show_specific_survey":0,"_uf_disable_surveys":false,"footnotes":""},"categories":[2,52],"tags":[],"class_list":["post-37340","post","type-post","status-publish","format-standard","has-post-thumbnail","hentry","category-not_mpal","category-not_seguranca_publica"],"aioseo_notices":[],"_links":{"self":[{"href":"https:\/\/www.mpal.mp.br\/index.php?rest_route=\/wp\/v2\/posts\/37340","targetHints":{"allow":["GET"]}}],"collection":[{"href":"https:\/\/www.mpal.mp.br\/index.php?rest_route=\/wp\/v2\/posts"}],"about":[{"href":"https:\/\/www.mpal.mp.br\/index.php?rest_route=\/wp\/v2\/types\/post"}],"author":[{"embeddable":true,"href":"https:\/\/www.mpal.mp.br\/index.php?rest_route=\/wp\/v2\/users\/6"}],"replies":[{"embeddable":true,"href":"https:\/\/www.mpal.mp.br\/index.php?rest_route=%2Fwp%2Fv2%2Fcomments&post=37340"}],"version-history":[{"count":6,"href":"https:\/\/www.mpal.mp.br\/index.php?rest_route=\/wp\/v2\/posts\/37340\/revisions"}],"predecessor-version":[{"id":37357,"href":"https:\/\/www.mpal.mp.br\/index.php?rest_route=\/wp\/v2\/posts\/37340\/revisions\/37357"}],"wp:featuredmedia":[{"embeddable":true,"href":"https:\/\/www.mpal.mp.br\/index.php?rest_route=\/wp\/v2\/media\/37356"}],"wp:attachment":[{"href":"https:\/\/www.mpal.mp.br\/index.php?rest_route=%2Fwp%2Fv2%2Fmedia&parent=37340"}],"wp:term":[{"taxonomy":"category","embeddable":true,"href":"https:\/\/www.mpal.mp.br\/index.php?rest_route=%2Fwp%2Fv2%2Fcategories&post=37340"},{"taxonomy":"post_tag","embeddable":true,"href":"https:\/\/www.mpal.mp.br\/index.php?rest_route=%2Fwp%2Fv2%2Ftags&post=37340"}],"curies":[{"name":"wp","href":"https:\/\/api.w.org\/{rel}","templated":true}]}}