{"id":37223,"date":"2024-03-02T09:05:27","date_gmt":"2024-03-02T12:05:27","guid":{"rendered":"https:\/\/www.mpal.mp.br\/?p=37223"},"modified":"2024-03-04T09:10:16","modified_gmt":"2024-03-04T12:10:16","slug":"pgj-marcio-roberto-e-subprocurador-lean-araujo-prestigiam-posse-do-novo-chefe-do-mpba","status":"publish","type":"post","link":"https:\/\/www.mpal.mp.br\/?p=37223","title":{"rendered":"PGJ M\u00e1rcio Roberto e subprocurador Lean Ara\u00fajo prestigiam posse do novo chefe do MPBA"},"content":{"rendered":"<p style=\"text-align: justify;\"><span style=\"font-family: helvetica, arial, sans-serif; font-size: 12pt;\">O procurador-geral de Justi\u00e7a, M\u00e1rcio Roberto Ten\u00f3rio de Albuquerque, e o <span style=\"color: #000000;\">subprocurador-geral Administrativo Institucional, Lean Ara\u00fajo,<\/span> participaram, na noite dessa sexta-feira (1), da posse do novo chefe do Minist\u00e9rio P\u00fablico do Estado da Bahia, Pedro Maia. O PGJ empossado far\u00e1 sua gest\u00e3o no bi\u00eanio 2024-2026, sucedendo Norma Cavalcanti, que comandou a institui\u00e7\u00e3o nos \u00faltimos quatro anos. <\/span><\/p>\n<p style=\"text-align: justify;\"><span style=\"font-family: helvetica, arial, sans-serif; font-size: 12pt;\">\u201cAo novo PGJ, desejamos uma gest\u00e3o de sucesso, promissora, de equil\u00edbrio e que siga protegendo os direitos do cidad\u00e3o baiano. E naquilo que pudermos contribuir, em Alagoas, fizemos quest\u00e3o de ressaltar que estaremos sempre de portas abertas\u201d, declarou M\u00e1rcio Roberto Ten\u00f3rio de Albuquerque a Pedro Maia. <\/span><\/p>\n<p style=\"text-align: justify;\"><span style=\"font-family: helvetica, arial, sans-serif; font-size: 12pt;\">\u201cPedro Maia \u00e9 um grande nome do Minist\u00e9rio P\u00fablico brasileiro. Promotor de Justi\u00e7a por voca\u00e7\u00e3o, foi escolhido por seus pares aos 44 anos, tendo alcan\u00e7ando 98% dos votos dos 582 procuradores e promotores de Justi\u00e7a que participaram do pleito. Isso mostra o quanto o MP baiano desejou a sua ascens\u00e3o ao cargo de PGJ\u201d, completou o procurador-geral de Justi\u00e7a de Alagoas. <\/span><\/p>\n<p style=\"text-align: justify;\"><span style=\"font-family: helvetica, arial, sans-serif; font-size: 12pt;\">Natural de Salvador, Pedro Maia atuou como chefe de gabinete da Procuradoria-Geral de Justi\u00e7a nos \u00faltimos quatro anos e, de mar\u00e7o de 2022 a mar\u00e7o deste ano, tamb\u00e9m foi secret\u00e1rio-executivo do Conselho Nacional dos Procuradores-Gerais do Minist\u00e9rio P\u00fablico dos Estados e da Uni\u00e3o (CNPG).<\/span><\/p>\n<p style=\"text-align: justify;\"><span style=\"font-family: helvetica, arial, sans-serif; font-size: 12pt;\">\u201cSinto-me honrado por representar uma institui\u00e7\u00e3o t\u00e3o respeitada e essencial para a promo\u00e7\u00e3o da igualdade em nosso Estado. E exatamente por isso, assumo o dever de liderar esta institui\u00e7\u00e3o com integridade, transpar\u00eancia, altivez e responsabilidade, seguindo uma conduta \u00e9tica, imparcial e respeitosa da diversidade e dos direitos de todos os indiv\u00edduos na sua mais ampla acep\u00e7\u00e3o\u201d, disse Pedro Maia em seu discurso de posse.\u00a0<\/span><\/p>\n<p style=\"text-align: justify;\"><span style=\"font-family: helvetica, arial, sans-serif; font-size: 12pt;\">Foto: Ascom MPBA\u00a0<\/span><\/p>\n<p><img loading=\"lazy\" decoding=\"async\" class=\"alignnone size-full wp-image-37228\" src=\"https:\/\/www.mpal.mp.br\/wp-content\/uploads\/2024\/03\/Posse-BA.jpg\" alt=\"\" width=\"1600\" height=\"1200\" \/><\/p>\n","protected":false},"excerpt":{"rendered":"<p> [&hellip;]<\/p>\n","protected":false},"author":17,"featured_media":37224,"comment_status":"open","ping_status":"open","sticky":false,"template":"","format":"standard","meta":{"om_disable_all_campaigns":false,"_monsterinsights_skip_tracking":false,"_monsterinsights_sitenote_active":false,"_monsterinsights_sitenote_note":"","_monsterinsights_sitenote_category":0,"_uf_show_specific_survey":0,"_uf_disable_surveys":false,"footnotes":""},"categories":[2,49],"tags":[],"class_list":["post-37223","post","type-post","status-publish","format-standard","has-post-thumbnail","hentry","category-not_mpal","category-not_pgj"],"aioseo_notices":[],"_links":{"self":[{"href":"https:\/\/www.mpal.mp.br\/index.php?rest_route=\/wp\/v2\/posts\/37223","targetHints":{"allow":["GET"]}}],"collection":[{"href":"https:\/\/www.mpal.mp.br\/index.php?rest_route=\/wp\/v2\/posts"}],"about":[{"href":"https:\/\/www.mpal.mp.br\/index.php?rest_route=\/wp\/v2\/types\/post"}],"author":[{"embeddable":true,"href":"https:\/\/www.mpal.mp.br\/index.php?rest_route=\/wp\/v2\/users\/17"}],"replies":[{"embeddable":true,"href":"https:\/\/www.mpal.mp.br\/index.php?rest_route=%2Fwp%2Fv2%2Fcomments&post=37223"}],"version-history":[{"count":7,"href":"https:\/\/www.mpal.mp.br\/index.php?rest_route=\/wp\/v2\/posts\/37223\/revisions"}],"predecessor-version":[{"id":37232,"href":"https:\/\/www.mpal.mp.br\/index.php?rest_route=\/wp\/v2\/posts\/37223\/revisions\/37232"}],"wp:featuredmedia":[{"embeddable":true,"href":"https:\/\/www.mpal.mp.br\/index.php?rest_route=\/wp\/v2\/media\/37224"}],"wp:attachment":[{"href":"https:\/\/www.mpal.mp.br\/index.php?rest_route=%2Fwp%2Fv2%2Fmedia&parent=37223"}],"wp:term":[{"taxonomy":"category","embeddable":true,"href":"https:\/\/www.mpal.mp.br\/index.php?rest_route=%2Fwp%2Fv2%2Fcategories&post=37223"},{"taxonomy":"post_tag","embeddable":true,"href":"https:\/\/www.mpal.mp.br\/index.php?rest_route=%2Fwp%2Fv2%2Ftags&post=37223"}],"curies":[{"name":"wp","href":"https:\/\/api.w.org\/{rel}","templated":true}]}}