{"id":36774,"date":"2024-02-17T12:27:52","date_gmt":"2024-02-17T15:27:52","guid":{"rendered":"https:\/\/www.mpal.mp.br\/?p=36774"},"modified":"2024-02-22T11:17:50","modified_gmt":"2024-02-22T14:17:50","slug":"plid-ministerio-publico-alerta-para-nova-lei-que-considera-crime-nao-comunicar-o-desaparecimento-de-criancas-e-adolescentes","status":"publish","type":"post","link":"https:\/\/www.mpal.mp.br\/?p=36774","title":{"rendered":"PLID: Minist\u00e9rio P\u00fablico alerta para nova lei que considera crime n\u00e3o comunicar o desaparecimento de crian\u00e7as e adolescentes"},"content":{"rendered":"<p style=\"text-align: justify;\">A movimenta\u00e7\u00e3o com casos de desaparecimento de crian\u00e7as e adolescentes pelo Programa de Localiza\u00e7\u00e3o e Identifica\u00e7\u00e3o de Pessoas Desaparecidas (PLID\/AL) e constante e o tempo para iniciar as buscas \u00e9 fundamental. Por isso , o Minist\u00e9rio P\u00fablico alerta sobre a Lei n\u00b0 14.811\/2024 que acrescenta ao Estatuto da Crian\u00e7a e do Adolescente (ECA) mais um tipo penal incriminador direcionado a pais ou respons\u00e1veis .<\/p>\n<p style=\"text-align: justify;\">Em seu artigo 244-C, a nova Lei pune a omiss\u00e3o, considerada dolosa , dos pais ou representante legal das crian\u00e7as e adolescentes que, em caso de desaparecimento, n\u00e3o comunicarem o fato.<\/p>\n<p style=\"text-align: justify;\">A promotora de Justi\u00e7a e coordenadora do Plid em Alagoas, Marluce Falc\u00e3o, refor\u00e7a a necessidade de ser feito o Boletim de Ocorr\u00eancia e procurar a rede de buscas imediata de desaparecidos.<\/p>\n<p style=\"text-align: justify;\">\u201cConstantemente temos avisado que, por lei, n\u00e3o precisa completar 24 horas de um desaparecimento para as autoridades serem avisadas. A nova lei acrescenta ao ECA o art. 244-C, prevendo pena de reclus\u00e3o, de 2 (dois) a 4 (quatro) anos, e multa. Alertamos aos pais ou respons\u00e1veis diretos por crian\u00e7as e adolescentes, para evitar que sejam punidos, caso se omitam em informar sobre a situa\u00e7\u00e3o de desaparecimento, imediatamente. Lembrando que o primeiro passo \u00e9 fazer o boletim de ocorr\u00eancia em uma delegacia de pol\u00edcia civil e logo ap\u00f3s, procurar o PLID\u201d, ressalta a promotora.<\/p>\n<p style=\"text-align: justify;\">O PLID pode ser acionado pelos n\u00fameros <span style=\"font-size: 14pt;\">82 99182-0121<\/span> ou <span style=\"font-size: 14pt;\">2122-5220<\/span>.<\/p>\n","protected":false},"excerpt":{"rendered":"<p> [&hellip;]<\/p>\n","protected":false},"author":8,"featured_media":36839,"comment_status":"open","ping_status":"open","sticky":false,"template":"","format":"standard","meta":{"om_disable_all_campaigns":false,"_monsterinsights_skip_tracking":false,"_monsterinsights_sitenote_active":false,"_monsterinsights_sitenote_note":"","_monsterinsights_sitenote_category":0,"_uf_show_specific_survey":0,"_uf_disable_surveys":false,"footnotes":""},"categories":[20],"tags":[],"class_list":["post-36774","post","type-post","status-publish","format-standard","has-post-thumbnail","hentry","category-not_sinalid"],"aioseo_notices":[],"_links":{"self":[{"href":"https:\/\/www.mpal.mp.br\/index.php?rest_route=\/wp\/v2\/posts\/36774","targetHints":{"allow":["GET"]}}],"collection":[{"href":"https:\/\/www.mpal.mp.br\/index.php?rest_route=\/wp\/v2\/posts"}],"about":[{"href":"https:\/\/www.mpal.mp.br\/index.php?rest_route=\/wp\/v2\/types\/post"}],"author":[{"embeddable":true,"href":"https:\/\/www.mpal.mp.br\/index.php?rest_route=\/wp\/v2\/users\/8"}],"replies":[{"embeddable":true,"href":"https:\/\/www.mpal.mp.br\/index.php?rest_route=%2Fwp%2Fv2%2Fcomments&post=36774"}],"version-history":[{"count":2,"href":"https:\/\/www.mpal.mp.br\/index.php?rest_route=\/wp\/v2\/posts\/36774\/revisions"}],"predecessor-version":[{"id":36840,"href":"https:\/\/www.mpal.mp.br\/index.php?rest_route=\/wp\/v2\/posts\/36774\/revisions\/36840"}],"wp:featuredmedia":[{"embeddable":true,"href":"https:\/\/www.mpal.mp.br\/index.php?rest_route=\/wp\/v2\/media\/36839"}],"wp:attachment":[{"href":"https:\/\/www.mpal.mp.br\/index.php?rest_route=%2Fwp%2Fv2%2Fmedia&parent=36774"}],"wp:term":[{"taxonomy":"category","embeddable":true,"href":"https:\/\/www.mpal.mp.br\/index.php?rest_route=%2Fwp%2Fv2%2Fcategories&post=36774"},{"taxonomy":"post_tag","embeddable":true,"href":"https:\/\/www.mpal.mp.br\/index.php?rest_route=%2Fwp%2Fv2%2Ftags&post=36774"}],"curies":[{"name":"wp","href":"https:\/\/api.w.org\/{rel}","templated":true}]}}