{"id":36561,"date":"2024-02-07T11:01:29","date_gmt":"2024-02-07T14:01:29","guid":{"rendered":"https:\/\/www.mpal.mp.br\/?p=36561"},"modified":"2024-02-15T15:03:41","modified_gmt":"2024-02-15T18:03:41","slug":"corregedoria-geral-do-ministerio-publico-fara-22-correicoes-ordinarias-na-capital-e-no-interior-neste-1o-semestre","status":"publish","type":"post","link":"https:\/\/www.mpal.mp.br\/?p=36561","title":{"rendered":"Corregedoria-Geral do Minist\u00e9rio P\u00fablico far\u00e1 23 correi\u00e7\u00f5es ordin\u00e1rias na capital e no interior neste 1\u00ba semestre"},"content":{"rendered":"<p style=\"text-align: justify;\">Sob o comando do procurador de Justi\u00e7a Maur\u00edcio Barros Pitta, as primeiras corre\u00e7\u00f5es ordin\u00e1rias da Corregedoria-Geral (CG) do Minist\u00e9rio P\u00fablico do Estado de Alagoas, agora em 2024, ocorrer\u00e3o na sede do Minist\u00e9rio P\u00fablico em Arapiraca, em mais 12 promotorias de Justi\u00e7a (PJ) do interior e outras 10 na capital, totalizando 23 unidades ministeriais entre os meses de mar\u00e7o e maio deste ano.<\/p>\n<p style=\"text-align: justify;\">No munic\u00edpio de Arapiraca, agreste alagoano, as correi\u00e7\u00f5es acontecer\u00e3o no dia 6 de mar\u00e7o (1\u00aa e 3\u00aa Promotorias de Justi\u00e7a). Na mesma data, o trabalho ser\u00e1 realizado nas PJs de Girau do Ponciano e Traipu. Posteriormente, no dia 8, ser\u00e3o inspecionadas as 9\u00aa, 47\u00aa, 48\u00aa e 49\u00aa Promotorias de Justi\u00e7a de Macei\u00f3, com atribui\u00e7\u00e3o perante o Tribunal do J\u00fari. J\u00e1 no dia 13, receber\u00e3o a CG as 1\u00aa e 2\u00aa PJs de Porto Calvo e as promotorias de S\u00e3o Luiz do Quitunde e Paripueira.<\/p>\n<p style=\"text-align: justify;\">Em abril, a Corregedoria-Geral come\u00e7ar\u00e1 as inspe\u00e7\u00f5es, no dia 17, nas promotorias de Anadia e Boca da Mata. Na sequ\u00eancia, vir\u00e3o, nos dias 24 e 26, as de Cajueiro, Quebrangulo, 8\u00aa PJ C\u00edvel, 39\u00aa Criminal e Tribut\u00e1ria, 63\u00aa de Auditoria Militar e 64\u00aa Criminal residual. Essas quatro \u00faltimas, com atua\u00e7\u00e3o em Macei\u00f3.<\/p>\n<p style=\"text-align: justify;\"><span style=\"font-size: 14pt;\"><strong>\u00daltimas correi\u00e7\u00f5es do semestre<\/strong><\/span><\/p>\n<p style=\"text-align: justify;\">As correi\u00e7\u00f5es deste primeiro semestre ser\u00e3o encerradas no m\u00eas de maio, per\u00edodo escolhido para tamb\u00e9m receber mais uma edi\u00e7\u00e3o do projeto \u201cDi\u00e1logos do MPAL com a sociedade: a atua\u00e7\u00e3o da Corregedoria-Geral e da Ouvidoria\u201d, que ser\u00e1 executada na cidade de Arapiraca.<\/p>\n<p style=\"text-align: justify;\">E no dia 22, a CG estar\u00e1 presente nas promotorias de Justi\u00e7a de Igreja Nova, S\u00e3o Sebasti\u00e3o, Junqueiro, Teot\u00f4nio Vilela. Por fim, em 24 de maio, ser\u00e3o correicionadas a 51\u00aa PJ de Execu\u00e7\u00e3o Penal e a 62\u00aa de Controle Externo da Atividade Policial.<\/p>\n","protected":false},"excerpt":{"rendered":"<p> [&hellip;]<\/p>\n","protected":false},"author":17,"featured_media":36562,"comment_status":"open","ping_status":"open","sticky":false,"template":"","format":"standard","meta":{"om_disable_all_campaigns":false,"_monsterinsights_skip_tracking":false,"_monsterinsights_sitenote_active":false,"_monsterinsights_sitenote_note":"","_monsterinsights_sitenote_category":0,"_uf_show_specific_survey":0,"_uf_disable_surveys":false,"footnotes":""},"categories":[48,2],"tags":[],"class_list":["post-36561","post","type-post","status-publish","format-standard","has-post-thumbnail","hentry","category-not_corregedoria","category-not_mpal"],"aioseo_notices":[],"_links":{"self":[{"href":"https:\/\/www.mpal.mp.br\/index.php?rest_route=\/wp\/v2\/posts\/36561","targetHints":{"allow":["GET"]}}],"collection":[{"href":"https:\/\/www.mpal.mp.br\/index.php?rest_route=\/wp\/v2\/posts"}],"about":[{"href":"https:\/\/www.mpal.mp.br\/index.php?rest_route=\/wp\/v2\/types\/post"}],"author":[{"embeddable":true,"href":"https:\/\/www.mpal.mp.br\/index.php?rest_route=\/wp\/v2\/users\/17"}],"replies":[{"embeddable":true,"href":"https:\/\/www.mpal.mp.br\/index.php?rest_route=%2Fwp%2Fv2%2Fcomments&post=36561"}],"version-history":[{"count":4,"href":"https:\/\/www.mpal.mp.br\/index.php?rest_route=\/wp\/v2\/posts\/36561\/revisions"}],"predecessor-version":[{"id":36699,"href":"https:\/\/www.mpal.mp.br\/index.php?rest_route=\/wp\/v2\/posts\/36561\/revisions\/36699"}],"wp:featuredmedia":[{"embeddable":true,"href":"https:\/\/www.mpal.mp.br\/index.php?rest_route=\/wp\/v2\/media\/36562"}],"wp:attachment":[{"href":"https:\/\/www.mpal.mp.br\/index.php?rest_route=%2Fwp%2Fv2%2Fmedia&parent=36561"}],"wp:term":[{"taxonomy":"category","embeddable":true,"href":"https:\/\/www.mpal.mp.br\/index.php?rest_route=%2Fwp%2Fv2%2Fcategories&post=36561"},{"taxonomy":"post_tag","embeddable":true,"href":"https:\/\/www.mpal.mp.br\/index.php?rest_route=%2Fwp%2Fv2%2Ftags&post=36561"}],"curies":[{"name":"wp","href":"https:\/\/api.w.org\/{rel}","templated":true}]}}