{"id":36223,"date":"2024-02-01T10:49:31","date_gmt":"2024-02-01T13:49:31","guid":{"rendered":"https:\/\/www.mpal.mp.br\/?p=36223"},"modified":"2024-02-01T10:57:16","modified_gmt":"2024-02-01T13:57:16","slug":"acao-civil-publica-municipio-de-jacuipe-devera-estruturar-sua-guarda-municipal","status":"publish","type":"post","link":"https:\/\/www.mpal.mp.br\/?p=36223","title":{"rendered":"A\u00e7\u00e3o civil p\u00fablica: Munic\u00edpio de Jacu\u00edpe dever\u00e1 estruturar sua Guarda Municipal"},"content":{"rendered":"<p style=\"text-align: justify;\"><span style=\"font-size: 14pt;\">Ap\u00f3s a\u00e7\u00e3o civil p\u00fablica (ACP) do Minist\u00e9rio P\u00fablico de Alagoas, Justi\u00e7a determina que o Munic\u00edpio de Jacu\u00edpe adote uma s\u00e9rie de medidas para estruturar a sua Guarda Municipal. Entre as medidas, est\u00e3o a nomea\u00e7\u00e3o de servidores efetivos e a aquisi\u00e7\u00e3o de equipamentos. A a\u00e7\u00e3o foi deferida pela Justi\u00e7a nesta quarta-feira (31).<\/span><\/p>\n<p style=\"text-align: justify;\"><span style=\"font-size: 14pt;\">Com isso, a Prefeitura dever\u00e1 realizar os tr\u00e2mites necess\u00e1rios para a nomea\u00e7\u00e3o de servidores de carreira (efetivos), o que implica a realiza\u00e7\u00e3o de concurso p\u00fablico. O Munic\u00edpio dever\u00e1 criar um \u00f3rg\u00e3o de forma\u00e7\u00e3o para o treinamento desses servidores, al\u00e9m de instituir uma corregedoria, para o controle interno; e uma ouvidoria, para o controle externo.<\/span><\/p>\n<p style=\"text-align: justify;\"><span style=\"font-size: 14pt;\">Na ACP, o Minist\u00e9rio P\u00fablico pediu ainda que Jacu\u00edpe disponibilize estrutura, pessoal e treinamento para a atua\u00e7\u00e3o conjunta da Guarda com a Pol\u00edcia Militar com o objetivo de prevenir infra\u00e7\u00f5es, promover a pacifica\u00e7\u00e3o de conflitos, garantir o atendimento de emerg\u00eancias, entre outros.<\/span><\/p>\n<p style=\"text-align: justify;\"><span style=\"font-size: 14pt;\">\u201cAinda em 2021, quando ajuizamos a a\u00e7\u00e3o, a Prefeitura Municipal apresentou o projeto de lei criando a Guarda Municipal, que foi aprovado. Mas apenas criar o \u00f3rg\u00e3o n\u00e3o \u00e9 o suficiente. \u00c9 preciso tamb\u00e9m que o Munic\u00edpio regularize a Guarda Municipal, nomeando pessoal e proporcionando a estrutura necess\u00e1ria\u201d, destacou o promotor de Justi\u00e7a Paulo Barbosa.<\/span><\/p>\n<p style=\"text-align: justify;\"><strong><span style=\"font-size: 14pt;\">Mais medidas<\/span><\/strong><\/p>\n<p style=\"text-align: justify;\"><span style=\"font-size: 14pt;\">O Munic\u00edpio dever\u00e1 possibilitar a atua\u00e7\u00e3o preventiva da Guarda por meio de rondas em todos os hor\u00e1rios, com foco nos locais que necessitem de mais aten\u00e7\u00e3o. A Guarda dever\u00e1 manter comunica\u00e7\u00e3o direta com a PM e a Pol\u00edcia Civil, devendo a Prefeitura disponibilizar o equipamento necess\u00e1rio.<\/span><\/p>\n<p style=\"text-align: justify;\"><span style=\"font-size: 14pt;\">A Prefeitura dever\u00e1 disponibilizar um ve\u00edculo de utiliza\u00e7\u00e3o exclusiva da Guarda para a realiza\u00e7\u00e3o de rondas, bem como providenciar equipamentos para abordagem, imobiliza\u00e7\u00e3o, entre outros necess\u00e1rios ao servi\u00e7o.<\/span><\/p>\n<p style=\"text-align: justify;\"><span style=\"font-size: 14pt;\">O Munic\u00edpio tem at\u00e9 120 para cumprir a decis\u00e3o. Caso algum item da a\u00e7\u00e3o n\u00e3o seja atendido, a gest\u00e3o poder\u00e1 ser multada em R$ 100 por dia, at\u00e9 o limite de R$ 30 mil, recurso que ser\u00e1 direcionado para o Fundo Especial de Repara\u00e7\u00e3o dos Interesses Difusos Lesados.<\/span><\/p>\n<p style=\"text-align: justify;\"><span style=\"font-size: 14pt;\">A a\u00e7\u00e3o civil p\u00fablica contou com a atua\u00e7\u00e3o da 1\u00aa e da 2\u00aa Promotoria de Justi\u00e7a de Porto Calvo.<\/span><\/p>\n<p style=\"text-align: justify;\"><strong><span style=\"font-size: 14pt;\">Legisla\u00e7\u00e3o<\/span><\/strong><\/p>\n<p style=\"text-align: justify;\"><span style=\"font-size: 14pt;\">A a\u00e7\u00e3o civil p\u00fablica do MPAL tem como base a Lei 13.022, sancionada em agosto de 2014, que trata sobre o Estatuto Geral das Guardas Municipais. De acordo com o texto, os munic\u00edpios poder\u00e3o constituir suas guardas, tendo como princ\u00edpio a prote\u00e7\u00e3o dos direitos humanos fundamentais, do exerc\u00edcio da cidadania e das liberdades p\u00fablicas.<\/span><\/p>\n","protected":false},"excerpt":{"rendered":"<p> [&hellip;]<\/p>\n","protected":false},"author":6,"featured_media":35339,"comment_status":"open","ping_status":"open","sticky":false,"template":"","format":"standard","meta":{"om_disable_all_campaigns":false,"_monsterinsights_skip_tracking":false,"_monsterinsights_sitenote_active":false,"_monsterinsights_sitenote_note":"","_monsterinsights_sitenote_category":0,"_uf_show_specific_survey":0,"_uf_disable_surveys":false,"footnotes":""},"categories":[2,52],"tags":[],"class_list":["post-36223","post","type-post","status-publish","format-standard","has-post-thumbnail","hentry","category-not_mpal","category-not_seguranca_publica"],"aioseo_notices":[],"_links":{"self":[{"href":"https:\/\/www.mpal.mp.br\/index.php?rest_route=\/wp\/v2\/posts\/36223","targetHints":{"allow":["GET"]}}],"collection":[{"href":"https:\/\/www.mpal.mp.br\/index.php?rest_route=\/wp\/v2\/posts"}],"about":[{"href":"https:\/\/www.mpal.mp.br\/index.php?rest_route=\/wp\/v2\/types\/post"}],"author":[{"embeddable":true,"href":"https:\/\/www.mpal.mp.br\/index.php?rest_route=\/wp\/v2\/users\/6"}],"replies":[{"embeddable":true,"href":"https:\/\/www.mpal.mp.br\/index.php?rest_route=%2Fwp%2Fv2%2Fcomments&post=36223"}],"version-history":[{"count":9,"href":"https:\/\/www.mpal.mp.br\/index.php?rest_route=\/wp\/v2\/posts\/36223\/revisions"}],"predecessor-version":[{"id":36232,"href":"https:\/\/www.mpal.mp.br\/index.php?rest_route=\/wp\/v2\/posts\/36223\/revisions\/36232"}],"wp:featuredmedia":[{"embeddable":true,"href":"https:\/\/www.mpal.mp.br\/index.php?rest_route=\/wp\/v2\/media\/35339"}],"wp:attachment":[{"href":"https:\/\/www.mpal.mp.br\/index.php?rest_route=%2Fwp%2Fv2%2Fmedia&parent=36223"}],"wp:term":[{"taxonomy":"category","embeddable":true,"href":"https:\/\/www.mpal.mp.br\/index.php?rest_route=%2Fwp%2Fv2%2Fcategories&post=36223"},{"taxonomy":"post_tag","embeddable":true,"href":"https:\/\/www.mpal.mp.br\/index.php?rest_route=%2Fwp%2Fv2%2Ftags&post=36223"}],"curies":[{"name":"wp","href":"https:\/\/api.w.org\/{rel}","templated":true}]}}