{"id":36202,"date":"2024-01-30T13:34:50","date_gmt":"2024-01-30T16:34:50","guid":{"rendered":"https:\/\/www.mpal.mp.br\/?p=36202"},"modified":"2024-01-31T08:08:00","modified_gmt":"2024-01-31T11:08:00","slug":"mpal-realiza-vistoria-em-estadio-em-palmeira-dos-indios-para-averiguar-questoes-de-seguranca","status":"publish","type":"post","link":"https:\/\/www.mpal.mp.br\/?p=36202","title":{"rendered":"MPAL realiza vistoria em est\u00e1dio em Palmeira dos \u00cdndios para averiguar quest\u00f5es de seguran\u00e7a"},"content":{"rendered":"<div class=\"fusion-fullwidth fullwidth-box fusion-builder-row-1 nonhundred-percent-fullwidth non-hundred-percent-height-scrolling\"  style='background-color: #ffffff;background-position: center center;background-repeat: no-repeat;padding-top:0px;padding-right:0px;padding-bottom:0px;padding-left:0px;'><div class=\"fusion-builder-row fusion-row \"><div  class=\"fusion-layout-column fusion_builder_column fusion_builder_column_1_1 fusion-builder-column-1 fusion-one-full fusion-column-first fusion-column-last 1_1\"  style='margin-top:0px;margin-bottom:0px;'>\n\t\t\t\t\t<div class=\"fusion-column-wrapper\" style=\"padding: 0px 0px 0px 0px;background-position:left top;background-repeat:no-repeat;-webkit-background-size:cover;-moz-background-size:cover;-o-background-size:cover;background-size:cover;\"   data-bg-url=\"\">\n\t\t\t\t\t\t<div class=\"fusion-text\"><p style=\"text-align: justify;\"><span style=\"font-size: 14pt; font-family: georgia, palatino, serif;\">Nesta ter\u00e7a-feira (30), o Minist\u00e9rio P\u00fablico de Alagoas realizou vistoria no Est\u00e1dio Juca Sampaio, em Palmeira dos \u00cdndios, que foi palco de um epis\u00f3dio de viol\u00eancia contra um jogador do time ASA no \u00faltimo dia 25. Durante a fiscaliza\u00e7\u00e3o, foram detectadas falhas na seguran\u00e7a, afirmou o promotor de Justi\u00e7a M\u00e1rcio D\u00f3ria.<\/span><\/p>\n<p style=\"text-align: justify;\"><span style=\"font-size: 14pt; font-family: georgia, palatino, serif;\">\u201cNa visita que o MP realizou hoje, juntamente com outros \u00f3rg\u00e3os, observamos alguma falhas, bem como a necessidade de ajustes para a preven\u00e7\u00e3o de novos epis\u00f3dios de viol\u00eancia. Algumas sugest\u00f5es foram pontuadas, como o aumento da grade que cerca o campo e a necessidade de fechamento dos port\u00f5es para evitar o contato entre as torcidas\u201d, destacou.<\/span><\/p>\n<p style=\"text-align: justify;\"><span style=\"font-size: 14pt; font-family: georgia, palatino, serif;\">Participaram da vistoria o CSE, a Pol\u00edcia Militar e a Guarda Municipal, al\u00e9m do MPAL, representado pelos promotores de Justi\u00e7a Lucas Mascarenhas e M\u00e1rcio D\u00f3ria. <\/span><\/p>\n<p style=\"text-align: justify;\"><span style=\"font-size: 14pt; font-family: georgia, palatino, serif;\">Na pr\u00f3xima ter\u00e7a-feira, 6 de fevereiro, \u00e0s 9h, est\u00e1 agendada reuni\u00e3o entre o MP e outros \u00f3rg\u00e3os p\u00fablicos para tratar sobre a elabora\u00e7\u00e3o de um termo de ajustamento de conduta (TAC) com regras para a realiza\u00e7\u00e3o do jogos de futebol na cidade.<\/span><\/p>\n<\/div><style type=\"text\/css\">.fusion-gallery-1 .fusion-gallery-image {border:0px solid #f6f6f6;-webkit-border-radius:5px;-moz-border-radius:5px;border-radius:5px;}<\/style><div class=\"fusion-gallery fusion-gallery-container fusion-grid-3 fusion-columns-total-0 fusion-gallery-layout-grid fusion-gallery-1\" style=\"margin:-5px;\"><div style=\"padding:5px;\" class=\"fusion-grid-column fusion-gallery-column fusion-gallery-column-3 hover-type-none\"><div class=\"fusion-gallery-image\"><a href=\"https:\/\/www.mpal.mp.br\/wp-content\/uploads\/2024\/01\/WhatsApp-Image-2024-01-31-at-08.07.09.jpeg\" rel=\"noreferrer\" data-rel=\"iLightbox[gallery_image_1]\" class=\"fusion-lightbox\" target=\"_self\"><img loading=\"lazy\" decoding=\"async\" src=\"https:\/\/www.mpal.mp.br\/wp-content\/uploads\/2024\/01\/WhatsApp-Image-2024-01-31-at-08.07.09.jpeg\" width=\"753\" height=\"470\" alt=\"\" title=\"WhatsApp Image 2024-01-31 at 08.07.09\" aria-label=\"WhatsApp Image 2024-01-31 at 08.07.09\" class=\"img-responsive wp-image-36216\" \/><\/a><\/div><\/div><div style=\"padding:5px;\" class=\"fusion-grid-column fusion-gallery-column fusion-gallery-column-3 hover-type-none\"><div class=\"fusion-gallery-image\"><a href=\"https:\/\/www.mpal.mp.br\/wp-content\/uploads\/2024\/01\/WhatsApp-Image-2024-01-31-at-08.06.49.jpeg\" rel=\"noreferrer\" data-rel=\"iLightbox[gallery_image_1]\" class=\"fusion-lightbox\" target=\"_self\"><img loading=\"lazy\" decoding=\"async\" src=\"https:\/\/www.mpal.mp.br\/wp-content\/uploads\/2024\/01\/WhatsApp-Image-2024-01-31-at-08.06.49.jpeg\" width=\"1600\" height=\"972\" alt=\"\" title=\"WhatsApp Image 2024-01-31 at 08.06.49\" aria-label=\"WhatsApp Image 2024-01-31 at 08.06.49\" class=\"img-responsive wp-image-36217\" \/><\/a><\/div><\/div><div style=\"padding:5px;\" class=\"fusion-grid-column fusion-gallery-column fusion-gallery-column-3 hover-type-none\"><div class=\"fusion-gallery-image\"><a href=\"https:\/\/www.mpal.mp.br\/wp-content\/uploads\/2024\/01\/WhatsApp-Image-2024-01-30-at-17.08.10-1-1.jpeg\" rel=\"noreferrer\" data-rel=\"iLightbox[gallery_image_1]\" class=\"fusion-lightbox\" target=\"_self\"><img loading=\"lazy\" decoding=\"async\" src=\"https:\/\/www.mpal.mp.br\/wp-content\/uploads\/2024\/01\/WhatsApp-Image-2024-01-30-at-17.08.10-1-1.jpeg\" width=\"1600\" height=\"900\" alt=\"\" title=\"WhatsApp Image 2024-01-30 at 17.08.10 (1)\" aria-label=\"WhatsApp Image 2024-01-30 at 17.08.10 (1)\" class=\"img-responsive wp-image-36218\" \/><\/a><\/div><\/div><div class=\"clearfix\"><\/div><div style=\"padding:5px;\" class=\"fusion-grid-column fusion-gallery-column fusion-gallery-column-3 hover-type-none\"><div class=\"fusion-gallery-image\"><a href=\"https:\/\/www.mpal.mp.br\/wp-content\/uploads\/2024\/01\/WhatsApp-Image-2024-01-30-at-17.08.10-2.jpeg\" rel=\"noreferrer\" data-rel=\"iLightbox[gallery_image_1]\" class=\"fusion-lightbox\" target=\"_self\"><img loading=\"lazy\" decoding=\"async\" src=\"https:\/\/www.mpal.mp.br\/wp-content\/uploads\/2024\/01\/WhatsApp-Image-2024-01-30-at-17.08.10-2.jpeg\" width=\"1477\" height=\"900\" alt=\"\" title=\"WhatsApp Image 2024-01-30 at 17.08.10\" aria-label=\"WhatsApp Image 2024-01-30 at 17.08.10\" class=\"img-responsive wp-image-36219\" \/><\/a><\/div><\/div><\/div><div class=\"fusion-clearfix\"><\/div>\n\n\t\t\t\t\t<\/div>\n\t\t\t\t<\/div><\/div><\/div>\n","protected":false},"excerpt":{"rendered":"","protected":false},"author":6,"featured_media":36203,"comment_status":"open","ping_status":"open","sticky":false,"template":"","format":"standard","meta":{"om_disable_all_campaigns":false,"_monsterinsights_skip_tracking":false,"_monsterinsights_sitenote_active":false,"_monsterinsights_sitenote_note":"","_monsterinsights_sitenote_category":0,"_uf_show_specific_survey":0,"_uf_disable_surveys":false,"footnotes":""},"categories":[2,52],"tags":[],"class_list":["post-36202","post","type-post","status-publish","format-standard","has-post-thumbnail","hentry","category-not_mpal","category-not_seguranca_publica"],"aioseo_notices":[],"_links":{"self":[{"href":"https:\/\/www.mpal.mp.br\/index.php?rest_route=\/wp\/v2\/posts\/36202","targetHints":{"allow":["GET"]}}],"collection":[{"href":"https:\/\/www.mpal.mp.br\/index.php?rest_route=\/wp\/v2\/posts"}],"about":[{"href":"https:\/\/www.mpal.mp.br\/index.php?rest_route=\/wp\/v2\/types\/post"}],"author":[{"embeddable":true,"href":"https:\/\/www.mpal.mp.br\/index.php?rest_route=\/wp\/v2\/users\/6"}],"replies":[{"embeddable":true,"href":"https:\/\/www.mpal.mp.br\/index.php?rest_route=%2Fwp%2Fv2%2Fcomments&post=36202"}],"version-history":[{"count":8,"href":"https:\/\/www.mpal.mp.br\/index.php?rest_route=\/wp\/v2\/posts\/36202\/revisions"}],"predecessor-version":[{"id":36220,"href":"https:\/\/www.mpal.mp.br\/index.php?rest_route=\/wp\/v2\/posts\/36202\/revisions\/36220"}],"wp:featuredmedia":[{"embeddable":true,"href":"https:\/\/www.mpal.mp.br\/index.php?rest_route=\/wp\/v2\/media\/36203"}],"wp:attachment":[{"href":"https:\/\/www.mpal.mp.br\/index.php?rest_route=%2Fwp%2Fv2%2Fmedia&parent=36202"}],"wp:term":[{"taxonomy":"category","embeddable":true,"href":"https:\/\/www.mpal.mp.br\/index.php?rest_route=%2Fwp%2Fv2%2Fcategories&post=36202"},{"taxonomy":"post_tag","embeddable":true,"href":"https:\/\/www.mpal.mp.br\/index.php?rest_route=%2Fwp%2Fv2%2Ftags&post=36202"}],"curies":[{"name":"wp","href":"https:\/\/api.w.org\/{rel}","templated":true}]}}