{"id":36022,"date":"2024-01-25T14:35:18","date_gmt":"2024-01-25T17:35:18","guid":{"rendered":"https:\/\/www.mpal.mp.br\/?p=36022"},"modified":"2024-01-25T14:35:18","modified_gmt":"2024-01-25T17:35:18","slug":"pgj-marcio-roberto-sera-agraciado-com-a-medalha-de-merito-institucional-da-policia-militar-zumbi-dos-palmares","status":"publish","type":"post","link":"https:\/\/www.mpal.mp.br\/?p=36022","title":{"rendered":"PGJ M\u00e1rcio Roberto ser\u00e1 agraciado com a Medalha de M\u00e9rito Institucional da Pol\u00edcia Militar Zumbi dos Palmares"},"content":{"rendered":"<p style=\"text-align: justify;\"><span style=\"font-family: helvetica, arial, sans-serif; font-size: 12pt;\">O procurador-geral de Justi\u00e7a, M\u00e1rcio Roberto Ten\u00f3rio de Albuquerque, ser\u00e1 condecorado com a Medalha de M\u00e9rito Institucional da Pol\u00edcia Militar Zumbi dos Palmares. A homenagem \u00e9 prestada pela corpora\u00e7\u00e3o, todos os anos, para autoridades e personalidades que tiveram destaque em suas atua\u00e7\u00f5es, de forma a contribuir com o trabalho desenvolvido pela PMAL.<\/span><\/p>\n<p style=\"text-align: justify;\"><span style=\"font-family: helvetica, arial, sans-serif; font-size: 12pt;\">O Estado de Alagoas oficializou a outorga da Medalha por meio do Decreto n\u00ba 95.183, publicado no Di\u00e1rio Oficial nessa quarta-feira (24). \u201cCom m\u00e1xima honra fomos comunicados que receberemos a Medalha de M\u00e9rito Institucional da Pol\u00edcia Militar Zumbi dos Palmares. Como muita gente j\u00e1 sabe, come\u00e7amos a nossa vida profissional na briosa e t\u00e3o amada PM, onde tivemos a oportunidade de crescer como ser humano e aprender substancialmente sobre hierarquia, disciplina e compromisso com o servi\u00e7o p\u00fablico\u201d, declarou o chefe do Minist\u00e9rio P\u00fablico do Estado de Alagoas.<\/span><\/p>\n<p style=\"text-align: justify;\"><span style=\"font-family: helvetica, arial, sans-serif; font-size: 12pt;\">\u201cTomados de surpresa e, claro, de grande alegria tamb\u00e9m, temos dito que essa ser\u00e1 uma das maiores homenagens que receberemos, tamanho \u00e9 o meu respeito e admira\u00e7\u00e3o por aquela corpora\u00e7\u00e3o da qual fizemos parte por alguns anos. Nossa gratid\u00e3o ao governo de Alagoas e ao comando da Pol\u00edcia Militar pela escolha do nosso nome e pelo reconhecimento do trabalho que desenvolvemos \u00e0 frente do Minist\u00e9rio P\u00fablico de Alagoas\u201d, acrescentou M\u00e1rcio Roberto Ten\u00f3rio de Albuquerque.<\/span><\/p>\n<p style=\"text-align: justify;\"><span style=\"font-family: helvetica, arial, sans-serif; font-size: 12pt;\">A Medalha de M\u00e9rito Institucional Zumbi dos Palmares \u00e9 destinada a homenagear pessoas f\u00edsicas ou jur\u00eddicas, nacionais e estrangeiras, que, no campo de suas atividades, tenham se distinguido de forma not\u00e1vel ou relevante, contribuindo direta ou indiretamente para o engrandecimento da Pol\u00edcia Militar de Alagoas\u201d, sendo a mais importante honraria concedida pela institui\u00e7\u00e3o.<\/span><\/p>\n<p style=\"text-align: justify;\"><span style=\"font-family: helvetica, arial, sans-serif; font-size: 12pt;\"> Foto: Anderson Macena<\/span><\/p>\n","protected":false},"excerpt":{"rendered":"<p> [&hellip;]<\/p>\n","protected":false},"author":17,"featured_media":36027,"comment_status":"open","ping_status":"open","sticky":false,"template":"","format":"standard","meta":{"om_disable_all_campaigns":false,"_monsterinsights_skip_tracking":false,"_monsterinsights_sitenote_active":false,"_monsterinsights_sitenote_note":"","_monsterinsights_sitenote_category":0,"_uf_show_specific_survey":0,"_uf_disable_surveys":false,"footnotes":""},"categories":[2,49],"tags":[],"class_list":["post-36022","post","type-post","status-publish","format-standard","has-post-thumbnail","hentry","category-not_mpal","category-not_pgj"],"aioseo_notices":[],"_links":{"self":[{"href":"https:\/\/www.mpal.mp.br\/index.php?rest_route=\/wp\/v2\/posts\/36022","targetHints":{"allow":["GET"]}}],"collection":[{"href":"https:\/\/www.mpal.mp.br\/index.php?rest_route=\/wp\/v2\/posts"}],"about":[{"href":"https:\/\/www.mpal.mp.br\/index.php?rest_route=\/wp\/v2\/types\/post"}],"author":[{"embeddable":true,"href":"https:\/\/www.mpal.mp.br\/index.php?rest_route=\/wp\/v2\/users\/17"}],"replies":[{"embeddable":true,"href":"https:\/\/www.mpal.mp.br\/index.php?rest_route=%2Fwp%2Fv2%2Fcomments&post=36022"}],"version-history":[{"count":2,"href":"https:\/\/www.mpal.mp.br\/index.php?rest_route=\/wp\/v2\/posts\/36022\/revisions"}],"predecessor-version":[{"id":36036,"href":"https:\/\/www.mpal.mp.br\/index.php?rest_route=\/wp\/v2\/posts\/36022\/revisions\/36036"}],"wp:featuredmedia":[{"embeddable":true,"href":"https:\/\/www.mpal.mp.br\/index.php?rest_route=\/wp\/v2\/media\/36027"}],"wp:attachment":[{"href":"https:\/\/www.mpal.mp.br\/index.php?rest_route=%2Fwp%2Fv2%2Fmedia&parent=36022"}],"wp:term":[{"taxonomy":"category","embeddable":true,"href":"https:\/\/www.mpal.mp.br\/index.php?rest_route=%2Fwp%2Fv2%2Fcategories&post=36022"},{"taxonomy":"post_tag","embeddable":true,"href":"https:\/\/www.mpal.mp.br\/index.php?rest_route=%2Fwp%2Fv2%2Ftags&post=36022"}],"curies":[{"name":"wp","href":"https:\/\/api.w.org\/{rel}","templated":true}]}}