{"id":36009,"date":"2024-01-25T12:51:34","date_gmt":"2024-01-25T15:51:34","guid":{"rendered":"https:\/\/www.mpal.mp.br\/?p=36009"},"modified":"2024-01-25T17:54:09","modified_gmt":"2024-01-25T20:54:09","slug":"operacao-estouro-oito-pessoas-sao-denunciadas-por-fraude-societaria-e-sonegacao-de-impostos","status":"publish","type":"post","link":"https:\/\/www.mpal.mp.br\/?p=36009","title":{"rendered":"Opera\u00e7\u00e3o Estouro: oito pessoas s\u00e3o denunciadas por fraude societ\u00e1ria e sonega\u00e7\u00e3o de impostos"},"content":{"rendered":"<p style=\"text-align: justify;\"><span style=\"font-size: 14pt;\">O Minist\u00e9rio P\u00fablico de Alagoas, por meio do Grupo de Atua\u00e7\u00e3o Especial de Combate \u00e0 Sonega\u00e7\u00e3o Fiscal (Gaesf) e da Promotoria de Justi\u00e7a de Teot\u00f4nio Vilela, apresentou den\u00fancia ao Judici\u00e1rio contra oito pessoas, entre elas empres\u00e1rios e um profissional de contabilidade, pela pr\u00e1tica de fraudes societ\u00e1rias e sonega\u00e7\u00e3o de impostos, principalmente de ICMS. A iniciativa faz parte da Opera\u00e7\u00e3o Estouro.<\/span><\/p>\n<p style=\"text-align: justify;\"><span style=\"font-size: 14pt;\">A den\u00fancia foi recebida integralmente pela 17\u00aa Vara Criminal da Capital, que deferiu tamb\u00e9m os pedidos liminares, determinando a imediata suspens\u00e3o do CNPJ das pessoas jur\u00eddicas envolvidas, sequestro de bens e valores dos r\u00e9us at\u00e9 o limite de R$ 4,5 milh\u00f5es e o compartilhamento das provas com a Receita Federal, Secretaria de Estado da Fazenda e Procuradoria-Geral do Estado (PGE).<\/span><\/p>\n<p style=\"text-align: justify;\"><span style=\"font-size: 14pt;\">Outros dois pedidos do MPAL que tamb\u00e9m foram deferidos se tratam da suspens\u00e3o do exerc\u00edcio da fun\u00e7\u00e3o do profissional de contabilidade e a suspens\u00e3o do Cadastro de Contribuintes do ICMS do Estado de Alagoas (Caceal) dos investigados.<\/span><\/p>\n<p style=\"text-align: justify;\"><span style=\"font-size: 14pt;\">Vale destacar que a atua\u00e7\u00e3o do Gaesf, em conjunto com a Promotoria de justi\u00e7a de Teot\u00f4nio Vilela, teve como base representa\u00e7\u00e3o fiscal para fins penais encaminhada ao MP pela PGE.<\/span><\/p>\n","protected":false},"excerpt":{"rendered":"<p> [&hellip;]<\/p>\n","protected":false},"author":6,"featured_media":36059,"comment_status":"open","ping_status":"open","sticky":false,"template":"","format":"standard","meta":{"om_disable_all_campaigns":false,"_monsterinsights_skip_tracking":false,"_monsterinsights_sitenote_active":false,"_monsterinsights_sitenote_note":"","_monsterinsights_sitenote_category":0,"_uf_show_specific_survey":0,"_uf_disable_surveys":false,"footnotes":""},"categories":[24,2],"tags":[],"class_list":["post-36009","post","type-post","status-publish","format-standard","has-post-thumbnail","hentry","category-not_gaesf","category-not_mpal"],"aioseo_notices":[],"_links":{"self":[{"href":"https:\/\/www.mpal.mp.br\/index.php?rest_route=\/wp\/v2\/posts\/36009","targetHints":{"allow":["GET"]}}],"collection":[{"href":"https:\/\/www.mpal.mp.br\/index.php?rest_route=\/wp\/v2\/posts"}],"about":[{"href":"https:\/\/www.mpal.mp.br\/index.php?rest_route=\/wp\/v2\/types\/post"}],"author":[{"embeddable":true,"href":"https:\/\/www.mpal.mp.br\/index.php?rest_route=\/wp\/v2\/users\/6"}],"replies":[{"embeddable":true,"href":"https:\/\/www.mpal.mp.br\/index.php?rest_route=%2Fwp%2Fv2%2Fcomments&post=36009"}],"version-history":[{"count":1,"href":"https:\/\/www.mpal.mp.br\/index.php?rest_route=\/wp\/v2\/posts\/36009\/revisions"}],"predecessor-version":[{"id":36010,"href":"https:\/\/www.mpal.mp.br\/index.php?rest_route=\/wp\/v2\/posts\/36009\/revisions\/36010"}],"wp:featuredmedia":[{"embeddable":true,"href":"https:\/\/www.mpal.mp.br\/index.php?rest_route=\/wp\/v2\/media\/36059"}],"wp:attachment":[{"href":"https:\/\/www.mpal.mp.br\/index.php?rest_route=%2Fwp%2Fv2%2Fmedia&parent=36009"}],"wp:term":[{"taxonomy":"category","embeddable":true,"href":"https:\/\/www.mpal.mp.br\/index.php?rest_route=%2Fwp%2Fv2%2Fcategories&post=36009"},{"taxonomy":"post_tag","embeddable":true,"href":"https:\/\/www.mpal.mp.br\/index.php?rest_route=%2Fwp%2Fv2%2Ftags&post=36009"}],"curies":[{"name":"wp","href":"https:\/\/api.w.org\/{rel}","templated":true}]}}