{"id":35852,"date":"2024-01-19T10:46:49","date_gmt":"2024-01-19T13:46:49","guid":{"rendered":"https:\/\/www.mpal.mp.br\/?p=35852"},"modified":"2024-01-22T09:30:01","modified_gmt":"2024-01-22T12:30:01","slug":"mpal-ajuiza-acao-para-regularizar-oferta-de-vagas-em-creches-e-pre-escolas","status":"publish","type":"post","link":"https:\/\/www.mpal.mp.br\/?p=35852","title":{"rendered":"MPAL aju\u00edza a\u00e7\u00e3o para regularizar oferta de vagas em creches e pr\u00e9-escolas"},"content":{"rendered":"<p style=\"text-align: justify;\"><span style=\"font-size: 14pt; font-family: georgia, palatino, serif;\">Com o objetivo de melhorar o atendimento em creches e pr\u00e9-escolas da capital, o Minist\u00e9rio P\u00fablico de Alagoas ajuizou uma a\u00e7\u00e3o civil p\u00fablica contra o Munic\u00edpio de Macei\u00f3. Nela, o MP solicita que a gest\u00e3o municipal apresente um plano concreto de a\u00e7\u00f5es de expans\u00e3o e redimensionamento de vagas no prazo de 60 dias. A a\u00e7\u00e3o est\u00e1 tramitando na Justi\u00e7a.<\/span><\/p>\n<p style=\"text-align: justify;\"><span style=\"font-size: 14pt; font-family: georgia, palatino, serif;\">O MP pede ainda que Macei\u00f3 apresente, no prazo de 60 dias, o planejamento or\u00e7ament\u00e1rio financeiro, que dever\u00e1 conter cronograma com todas as a\u00e7\u00f5es voltadas \u00e0 amplia\u00e7\u00e3o das vagas de creches e pr\u00e9-escolas.<\/span><\/p>\n<p style=\"text-align: justify;\"><span style=\"font-size: 14pt; font-family: georgia, palatino, serif;\">Ap\u00f3s a apresenta\u00e7\u00e3o do plano de expans\u00e3o e do planejamento or\u00e7ament\u00e1rio, o Munic\u00edpio ter\u00e1 o prazo de 30 para implementar as a\u00e7\u00f5es que constam nos dois documentos.<\/span><\/p>\n<p style=\"text-align: justify;\"><span style=\"font-size: 14pt; font-family: georgia, palatino, serif;\"><b>Busca ativa<\/b><\/span><\/p>\n<p style=\"text-align: justify;\"><span style=\"font-size: 14pt; font-family: georgia, palatino, serif;\">O Executivo municipal ter\u00e1 60 dias para apresentar um plano de busca ativa para investigar se existe demanda oculta de vagas para a educa\u00e7\u00e3o infantil. Dever\u00e1 constar no documento cronograma com as a\u00e7\u00f5es das secretarias e data para apresenta\u00e7\u00e3o dos resultados.<\/span><\/p>\n<p style=\"text-align: justify;\"><span style=\"font-size: 14pt; font-family: georgia, palatino, serif;\">O Munic\u00edpio dever\u00e1 criar, em um prazo de 60 dias, uma central de levantamento de dados da educa\u00e7\u00e3o, que, por meio de consultas p\u00fablicas e busca ativa de alunos, vai auxiliar o planejamento municipal da educa\u00e7\u00e3o infantil, principalmente na oferta de vagas.<\/span><\/p>\n<p style=\"text-align: justify;\"><span style=\"font-size: 14pt; font-family: georgia, palatino, serif;\"><b>Regulariza\u00e7\u00e3o<\/b><\/span><\/p>\n<p style=\"text-align: justify;\"><span style=\"font-size: 14pt; font-family: georgia, palatino, serif;\">Na a\u00e7\u00e3o, o MP indica o prazo de um a tr\u00eas anos para que Macei\u00f3 atenda integralmente a demanda de vagas em creches p\u00fablicas a todas as crian\u00e7as de zero a tr\u00eas anos, devendo ser matriculadas em unidades pr\u00f3ximas \u00e0 sua resid\u00eancia ou local de trabalho dos pais ou respons\u00e1veis.<\/span><\/p>\n<p style=\"text-align: justify;\"><span style=\"font-size: 14pt; font-family: georgia, palatino, serif;\">No caso das pr\u00e9-escolas, o per\u00edodo para o atendimento integral \u00e0 demanda por vagas \u00e9 mais curto: seis meses, j\u00e1 que o prazo para a universaliza\u00e7\u00e3o da pr\u00e9-escola se encerrou em 2016, ou seja, o Munic\u00edpio teve cerca de oito anos para adequar o seu sistema de ensino a essa determina\u00e7\u00e3o.<\/span><\/p>\n<p style=\"text-align: justify;\"><span style=\"font-size: 14pt; font-family: georgia, palatino, serif;\"><b>Transpar\u00eancia<\/b><\/span><\/p>\n<p style=\"text-align: justify;\"><span style=\"font-size: 14pt; font-family: georgia, palatino, serif;\">A Secretaria Municipal de Educa\u00e7\u00e3o dever\u00e1 publicar em seu site mensalmente a lista de espera para as vagas, documento que dever\u00e1 conter a faixa et\u00e1ria da crian\u00e7a, bairro, unidade escolar de prefer\u00eancia, turno e exist\u00eancia de prioridade no atendimento, que dever\u00e1 ser justificada.<\/span><\/p>\n<p style=\"text-align: justify;\"><span style=\"font-size: 14pt; font-family: georgia, palatino, serif;\">Poder\u00e3o se manifestar e participar da a\u00e7\u00e3o, caso tenham interesse, o Conselho Tutelar, Conselho Municipal de Diretos das Crian\u00e7as, Promotorias de Justi\u00e7a da Inf\u00e2ncia da Comarca, Defensoria P\u00fablica e C\u00e2mara Municipal.<\/span><\/p>\n<p style=\"text-align: justify;\"><span style=\"font-size: 14pt; font-family: georgia, palatino, serif;\"><b>Multa<\/b><\/span><\/p>\n<p style=\"text-align: justify;\"><span style=\"font-size: 14pt; font-family: georgia, palatino, serif;\">O MP pede que todos os pedidos acima, que foram feitos em car\u00e1ter liminar (de forma provis\u00f3ria), sejam julgados procedentes pela Justi\u00e7a, e assim, se tornem definitivos.<\/span><\/p>\n<p style=\"text-align: justify;\"><span style=\"font-size: 14pt; font-family: georgia, palatino, serif;\">O desrespeito \u00e0 a\u00e7\u00e3o civil p\u00fablica pode ocasionar, ao gestor municipal, multa di\u00e1ria de R$ 10 mil por item descumprido.<\/span><\/p>\n<p style=\"text-align: justify;\"><span style=\"font-size: 14pt; font-family: georgia, palatino, serif;\">A a\u00e7\u00e3o \u00e9 assinada pelos promotores de Justi\u00e7a Gustavo Arns e Lucas Sachsida, que \u00e9 coordenador do N\u00facleo de Defesa da Educa\u00e7\u00e3o do MPAL. <\/span><\/p>\n","protected":false},"excerpt":{"rendered":"<p> [&hellip;]<\/p>\n","protected":false},"author":6,"featured_media":35339,"comment_status":"open","ping_status":"open","sticky":false,"template":"","format":"standard","meta":{"om_disable_all_campaigns":false,"_monsterinsights_skip_tracking":false,"_monsterinsights_sitenote_active":false,"_monsterinsights_sitenote_note":"","_monsterinsights_sitenote_category":0,"_uf_show_specific_survey":0,"_uf_disable_surveys":false,"footnotes":""},"categories":[51,2],"tags":[],"class_list":["post-35852","post","type-post","status-publish","format-standard","has-post-thumbnail","hentry","category-not_educacao","category-not_mpal"],"aioseo_notices":[],"_links":{"self":[{"href":"https:\/\/www.mpal.mp.br\/index.php?rest_route=\/wp\/v2\/posts\/35852","targetHints":{"allow":["GET"]}}],"collection":[{"href":"https:\/\/www.mpal.mp.br\/index.php?rest_route=\/wp\/v2\/posts"}],"about":[{"href":"https:\/\/www.mpal.mp.br\/index.php?rest_route=\/wp\/v2\/types\/post"}],"author":[{"embeddable":true,"href":"https:\/\/www.mpal.mp.br\/index.php?rest_route=\/wp\/v2\/users\/6"}],"replies":[{"embeddable":true,"href":"https:\/\/www.mpal.mp.br\/index.php?rest_route=%2Fwp%2Fv2%2Fcomments&post=35852"}],"version-history":[{"count":3,"href":"https:\/\/www.mpal.mp.br\/index.php?rest_route=\/wp\/v2\/posts\/35852\/revisions"}],"predecessor-version":[{"id":35934,"href":"https:\/\/www.mpal.mp.br\/index.php?rest_route=\/wp\/v2\/posts\/35852\/revisions\/35934"}],"wp:featuredmedia":[{"embeddable":true,"href":"https:\/\/www.mpal.mp.br\/index.php?rest_route=\/wp\/v2\/media\/35339"}],"wp:attachment":[{"href":"https:\/\/www.mpal.mp.br\/index.php?rest_route=%2Fwp%2Fv2%2Fmedia&parent=35852"}],"wp:term":[{"taxonomy":"category","embeddable":true,"href":"https:\/\/www.mpal.mp.br\/index.php?rest_route=%2Fwp%2Fv2%2Fcategories&post=35852"},{"taxonomy":"post_tag","embeddable":true,"href":"https:\/\/www.mpal.mp.br\/index.php?rest_route=%2Fwp%2Fv2%2Ftags&post=35852"}],"curies":[{"name":"wp","href":"https:\/\/api.w.org\/{rel}","templated":true}]}}