{"id":35678,"date":"2024-01-16T09:51:54","date_gmt":"2024-01-16T12:51:54","guid":{"rendered":"https:\/\/www.mpal.mp.br\/?p=35678"},"modified":"2024-01-16T09:51:54","modified_gmt":"2024-01-16T12:51:54","slug":"eleicoes-em-major-izidoro-sao-assunto-de-recomendacao-do-mpal","status":"publish","type":"post","link":"https:\/\/www.mpal.mp.br\/?p=35678","title":{"rendered":"Elei\u00e7\u00f5es em Major Izidoro s\u00e3o assunto de recomenda\u00e7\u00e3o do MPAL"},"content":{"rendered":"<p style=\"text-align: justify;\"><span style=\"font-size: 14pt;\">Em recomenda\u00e7\u00e3o, o Minist\u00e9rio P\u00fablico de Alagoas orienta que pol\u00edticos, pr\u00e9-candidatos, agentes p\u00fablicos e cidad\u00e3os de Major Izidoro n\u00e3o transportem eleitores e nem permane\u00e7am no local onde \u00e9 feito o alistamento eleitoral, transfer\u00eancia e revis\u00e3o de inscri\u00e7\u00e3o.<\/span><\/p>\n<p style=\"text-align: justify;\"><span style=\"font-size: 14pt;\">Somente podem permanecer no local de atendimento os servidores da Justi\u00e7a Eleitoral, a pessoa a ser atendida e seus familiares, sem preju\u00edzo do que est\u00e1 previsto nos artigos 75 e 76 da Resolu\u00e7\u00e3o 23.659\/2021 do TSE, que tratam sobre a fiscaliza\u00e7\u00e3o do processo eleitoral pelos partidos pol\u00edticos.<\/span><\/p>\n<p style=\"text-align: justify;\"><span style=\"font-size: 14pt;\">Publicada nesta ter\u00e7a-feira (16) no Di\u00e1rio Oficial, a recomenda\u00e7\u00e3o busca coibir o abuso de poder econ\u00f4mico e pol\u00edtico, garantindo dessa forma que os direitos dos cidad\u00e3os a uma elei\u00e7\u00e3o justa seja respeitado, destaca o promotor de Justi\u00e7a Lucas Schitini.<\/span><\/p>\n<p style=\"text-align: justify;\"><span style=\"font-size: 14pt;\">&#8220;\u00c9 papel do Minist\u00e9rio P\u00fablico garantir a defesa da ordem jur\u00eddica e do regime democr\u00e1tico, como tamb\u00e9m acompanhar todas as fases do processo eleitoral. Existem pr\u00e1ticas que s\u00e3o proibidas pelo C\u00f3digo Eleitoral e o objetivo dessa recomenda\u00e7\u00e3o \u00e9 evitar que essas pr\u00e1ticas ocorram\u201d, afirmou.<\/span><\/p>\n<p style=\"text-align: justify;\"><span style=\"font-size: 14pt;\">Em caso de desrespeito ao C\u00f3digo Eleitoral, o Minist\u00e9rio P\u00fablico poder\u00e1 agir contra os respons\u00e1veis, com pedido de condena\u00e7\u00e3o pela pr\u00e1tica de crime eleitoral e aplica\u00e7\u00e3o de multa.<\/span><\/p>\n","protected":false},"excerpt":{"rendered":"<p> [&hellip;]<\/p>\n","protected":false},"author":6,"featured_media":28711,"comment_status":"open","ping_status":"open","sticky":false,"template":"","format":"standard","meta":{"om_disable_all_campaigns":false,"_monsterinsights_skip_tracking":false,"_monsterinsights_sitenote_active":false,"_monsterinsights_sitenote_note":"","_monsterinsights_sitenote_category":0,"_uf_show_specific_survey":0,"_uf_disable_surveys":false,"footnotes":""},"categories":[2],"tags":[],"class_list":["post-35678","post","type-post","status-publish","format-standard","has-post-thumbnail","hentry","category-not_mpal"],"aioseo_notices":[],"_links":{"self":[{"href":"https:\/\/www.mpal.mp.br\/index.php?rest_route=\/wp\/v2\/posts\/35678","targetHints":{"allow":["GET"]}}],"collection":[{"href":"https:\/\/www.mpal.mp.br\/index.php?rest_route=\/wp\/v2\/posts"}],"about":[{"href":"https:\/\/www.mpal.mp.br\/index.php?rest_route=\/wp\/v2\/types\/post"}],"author":[{"embeddable":true,"href":"https:\/\/www.mpal.mp.br\/index.php?rest_route=\/wp\/v2\/users\/6"}],"replies":[{"embeddable":true,"href":"https:\/\/www.mpal.mp.br\/index.php?rest_route=%2Fwp%2Fv2%2Fcomments&post=35678"}],"version-history":[{"count":1,"href":"https:\/\/www.mpal.mp.br\/index.php?rest_route=\/wp\/v2\/posts\/35678\/revisions"}],"predecessor-version":[{"id":35679,"href":"https:\/\/www.mpal.mp.br\/index.php?rest_route=\/wp\/v2\/posts\/35678\/revisions\/35679"}],"wp:featuredmedia":[{"embeddable":true,"href":"https:\/\/www.mpal.mp.br\/index.php?rest_route=\/wp\/v2\/media\/28711"}],"wp:attachment":[{"href":"https:\/\/www.mpal.mp.br\/index.php?rest_route=%2Fwp%2Fv2%2Fmedia&parent=35678"}],"wp:term":[{"taxonomy":"category","embeddable":true,"href":"https:\/\/www.mpal.mp.br\/index.php?rest_route=%2Fwp%2Fv2%2Fcategories&post=35678"},{"taxonomy":"post_tag","embeddable":true,"href":"https:\/\/www.mpal.mp.br\/index.php?rest_route=%2Fwp%2Fv2%2Ftags&post=35678"}],"curies":[{"name":"wp","href":"https:\/\/api.w.org\/{rel}","templated":true}]}}