{"id":35546,"date":"2024-01-11T10:14:30","date_gmt":"2024-01-11T13:14:30","guid":{"rendered":"https:\/\/www.mpal.mp.br\/?p=35546"},"modified":"2025-08-20T11:54:03","modified_gmt":"2025-08-20T14:54:03","slug":"campanha-educativa-realizada-pela-corregedoria-geral-do-mpal-e-tema-de-entrevista","status":"publish","type":"post","link":"https:\/\/www.mpal.mp.br\/?p=35546","title":{"rendered":"Campanha educativa realizada pela Corregedoria-Geral do MPAL \u00e9 tema de entrevista"},"content":{"rendered":"<div class=\"fusion-fullwidth fullwidth-box fusion-builder-row-1 nonhundred-percent-fullwidth non-hundred-percent-height-scrolling\"  style='background-color: #ffffff;background-position: center center;background-repeat: no-repeat;padding-top:0px;padding-right:0px;padding-bottom:0px;padding-left:0px;'><div class=\"fusion-builder-row fusion-row \"><div  class=\"fusion-layout-column fusion_builder_column fusion_builder_column_1_1 fusion-builder-column-1 fusion-one-full fusion-column-first fusion-column-last 1_1\"  style='margin-top:0px;margin-bottom:0px;'>\n\t\t\t\t\t<div class=\"fusion-column-wrapper\" style=\"padding: 0px 0px 0px 0px;background-position:left top;background-repeat:no-repeat;-webkit-background-size:cover;-moz-background-size:cover;-o-background-size:cover;background-size:cover;\"   data-bg-url=\"\">\n\t\t\t\t\t\t<div class=\"fusion-text\"><p style=\"text-align: justify;\"><span style=\"font-size: 14pt;\">Para falar sobre o papel do Minist\u00e9rio P\u00fablico, o corregedor-geral da institui\u00e7\u00e3o, procurador de Justi\u00e7a Maur\u00edcio Pitta, esteve na R\u00e1dio Senado nesta quinta-feira (11). Durante sua participa\u00e7\u00e3o no programa Cidad\u00e3 Informal, ele tratou sobre campanha realizada pela Corregedoria-Geral visando aproximar o Minist\u00e9rio P\u00fablico de Alagoas da popula\u00e7\u00e3o alagoana.<\/span><\/p>\n<p style=\"text-align: justify;\"><span style=\"font-size: 14pt;\">O corregedor acredita que existe uma ideia equivocada junto \u00e0 sociedade de que o papel da Corregedoria-Geral \u00e9 apenas punir os membros do Minist\u00e9rio P\u00fablico que venham cometer algum erro. \u201cApesar de esse ser um dos nossos papeis, o principal objetivo da Corregedoria \u00e9 educar, buscando estabelecer uma boa rela\u00e7\u00e3o com o cidad\u00e3o\u201d, destacou.<\/span><\/p>\n<p style=\"text-align: justify;\"><span style=\"font-size: 14pt;\">Pensando nisso, o \u00f3rg\u00e3o lan\u00e7ou no ano passado uma campanha nas redes sociais justamente para tratar sobre o trabalho da Corregedoria-Geral do MP, apresentando \u00e0 popula\u00e7\u00e3o os profissionais que atuam no \u00f3rg\u00e3o e os canais que o cidad\u00e3o pode utilizar para realizar alguma den\u00fancia ou reclama\u00e7\u00e3o relacionada ao trabalho de promotor ou procurador de Justi\u00e7a.<\/span><\/p>\n<p style=\"text-align: justify;\"><span style=\"font-size: 14pt;\">\u201cO nosso prop\u00f3sito com essa campanha \u00e9 mostrar que estamos pr\u00f3ximos e prontos para atender, pois sempre houve uma ideia de que a autoridade p\u00fablica est\u00e1 distante da popula\u00e7\u00e3o. Por meio da nossa campanha, buscamos desconstruir essa ideia, mostrando n\u00e3o apenas o papel da Corregedoria-Geral, mas do Minist\u00e9rio P\u00fablico como um todo\u201d, afirmou.<\/span><\/p>\n<p style=\"text-align: justify;\"><strong><span style=\"font-size: 14pt;\">Confira, abaixo, os tr\u00eas v\u00eddeos que integram a campanha:<\/span><\/strong><\/p>\n<\/div><div class=\"fusion-video fusion-youtube\" style=\"max-width:600px;max-height:360px;\"><div class=\"video-shortcode\"><iframe loading=\"lazy\" title=\"YouTube video player\" src=\"https:\/\/www.youtube.com\/embed\/ptUHjjOJRhk?wmode=transparent&autoplay=0\" width=\"600\" height=\"360\" allowfullscreen allow=\"autoplay; fullscreen\"><\/iframe><\/div><\/div>\n<p>&nbsp;<\/p>\n<div class=\"fusion-video fusion-youtube\" style=\"max-width:600px;max-height:360px;\"><div class=\"video-shortcode\"><iframe loading=\"lazy\" title=\"YouTube video player\" src=\"https:\/\/www.youtube.com\/embed\/uyMdjEScQwY?wmode=transparent&autoplay=0\" width=\"600\" height=\"360\" allowfullscreen allow=\"autoplay; fullscreen\"><\/iframe><\/div><\/div>\n<p>&nbsp;<\/p>\n<div class=\"fusion-video fusion-youtube\" style=\"max-width:600px;max-height:360px;\"><div class=\"video-shortcode\"><iframe loading=\"lazy\" title=\"YouTube video player\" src=\"https:\/\/www.youtube.com\/embed\/TDDR1MeV7LU?wmode=transparent&autoplay=0\" width=\"600\" height=\"360\" allowfullscreen allow=\"autoplay; fullscreen\"><\/iframe><\/div><\/div><div class=\"fusion-clearfix\"><\/div>\n\n\t\t\t\t\t<\/div>\n\t\t\t\t<\/div><\/div><\/div>\n","protected":false},"excerpt":{"rendered":"","protected":false},"author":6,"featured_media":35547,"comment_status":"closed","ping_status":"closed","sticky":false,"template":"","format":"standard","meta":{"om_disable_all_campaigns":false,"_monsterinsights_skip_tracking":false,"_monsterinsights_sitenote_active":false,"_monsterinsights_sitenote_note":"","_monsterinsights_sitenote_category":0,"_uf_show_specific_survey":0,"_uf_disable_surveys":false,"footnotes":""},"categories":[48],"tags":[],"class_list":["post-35546","post","type-post","status-publish","format-standard","has-post-thumbnail","hentry","category-not_corregedoria"],"aioseo_notices":[],"_links":{"self":[{"href":"https:\/\/www.mpal.mp.br\/index.php?rest_route=\/wp\/v2\/posts\/35546","targetHints":{"allow":["GET"]}}],"collection":[{"href":"https:\/\/www.mpal.mp.br\/index.php?rest_route=\/wp\/v2\/posts"}],"about":[{"href":"https:\/\/www.mpal.mp.br\/index.php?rest_route=\/wp\/v2\/types\/post"}],"author":[{"embeddable":true,"href":"https:\/\/www.mpal.mp.br\/index.php?rest_route=\/wp\/v2\/users\/6"}],"replies":[{"embeddable":true,"href":"https:\/\/www.mpal.mp.br\/index.php?rest_route=%2Fwp%2Fv2%2Fcomments&post=35546"}],"version-history":[{"count":10,"href":"https:\/\/www.mpal.mp.br\/index.php?rest_route=\/wp\/v2\/posts\/35546\/revisions"}],"predecessor-version":[{"id":35557,"href":"https:\/\/www.mpal.mp.br\/index.php?rest_route=\/wp\/v2\/posts\/35546\/revisions\/35557"}],"wp:featuredmedia":[{"embeddable":true,"href":"https:\/\/www.mpal.mp.br\/index.php?rest_route=\/wp\/v2\/media\/35547"}],"wp:attachment":[{"href":"https:\/\/www.mpal.mp.br\/index.php?rest_route=%2Fwp%2Fv2%2Fmedia&parent=35546"}],"wp:term":[{"taxonomy":"category","embeddable":true,"href":"https:\/\/www.mpal.mp.br\/index.php?rest_route=%2Fwp%2Fv2%2Fcategories&post=35546"},{"taxonomy":"post_tag","embeddable":true,"href":"https:\/\/www.mpal.mp.br\/index.php?rest_route=%2Fwp%2Fv2%2Ftags&post=35546"}],"curies":[{"name":"wp","href":"https:\/\/api.w.org\/{rel}","templated":true}]}}