{"id":35244,"date":"2023-12-28T16:52:19","date_gmt":"2023-12-28T19:52:19","guid":{"rendered":"https:\/\/www.mpal.mp.br\/?p=35244"},"modified":"2023-12-28T16:52:19","modified_gmt":"2023-12-28T19:52:19","slug":"apos-tac-firmado-com-o-mpal-camara-de-maceio-anuncia-concurso-publico","status":"publish","type":"post","link":"https:\/\/www.mpal.mp.br\/?p=35244","title":{"rendered":"Ap\u00f3s TAC firmado com o MPAL, C\u00e2mara de Macei\u00f3 anuncia concurso p\u00fablico"},"content":{"rendered":"<p class=\"p1\" style=\"text-align: justify;\"><span class=\"s1\">Ap\u00f3s a celebra\u00e7\u00e3o do termo de ajustamento de conduta (TAC) entre o Minist\u00e9rio P\u00fablico do Estado de Alagoas, que cobrava a realiza\u00e7\u00e3o de concurso p\u00fablico, e a C\u00e2mara Municipal de Macei\u00f3, ocorrida em novembro de 2022, aquele Poder Legislativo anunciou, nesta quinta-feira (28), que contratou o Centro Brasileiro de Pesquisa em Avalia\u00e7\u00e3o e Sele\u00e7\u00e3o e de Promo\u00e7\u00e3o de Eventos (Cebraspe) para fazer o referido certame. O sal\u00e1rio mais alto \u00e9 de R$ 37.431,00. <\/span><\/p>\n<p class=\"p1\" style=\"text-align: justify;\"><span class=\"s1\">O concurso, que vinha sendo cobrado pelas 15\u00aa e 16\u00aa Promotorias de Justi\u00e7a da Capital (defesa da probidade administrativa), cujos promotores s\u00e3o Fernanda Moreira e Marcus R\u00f4mulo Maia, ser\u00e1 realizado em 2024 e vai oferecer vagas para diferentes cargos. <\/span><\/p>\n<p class=\"p1\" style=\"text-align: justify;\"><span class=\"s1\">No contrato 040\/2023 firmado com a Cebraspe, ser\u00e3o 15 vagas disponibilizadas para pessoal de apoio administrativo e outras 15 para suporte legislativo, com sal\u00e1rio inicial de R$ 5 mil. A exig\u00eancia de escolaridade ser\u00e1 de n\u00edvel m\u00e9dio.<\/span><\/p>\n<p class=\"p1\" style=\"text-align: justify;\"><span class=\"s1\">Para n\u00edvel superior, ser\u00e3o 10 cargos de analista judici\u00e1rio e mais 10 para analista legislativo, com vencimentos de R$ 7 sete mil.<\/span><\/p>\n<p class=\"p1\" style=\"text-align: justify;\"><span class=\"s1\">A CMM tamb\u00e9m abriu vaga para o cargo de procurador, que ter\u00e1 o sal\u00e1rio mais alto do parlamento, no valor de R$ 37.431,00.<\/span><\/p>\n<p class=\"p1\" style=\"text-align: justify;\"><span class=\"s1\">\u201c\u00c9 importante destacarmos que tamb\u00e9m haver\u00e1, conforme prev\u00ea as legisla\u00e7\u00f5es espec\u00edficas, vagas destinadas a pessoas com defici\u00eancia e as cotas raciais\u201d, informou Marcus R\u00f4mulo Maia.<\/span><\/p>\n<p class=\"p1\" style=\"text-align: justify;\"><span class=\"s1\">Ainda segundo ele, existir\u00e3o provas objetiva e discursiva para todos os cargos, al\u00e9m da prova de t\u00edtulos para os cargos de procurador.<\/span><\/p>\n<p class=\"p1\" style=\"text-align: justify;\"><span class=\"s1\">\u201cCumprindo nosso compromisso, o certame ser\u00e1 realizado por uma institui\u00e7\u00e3o s\u00e9ria, renomada e com indiscut\u00edvel expertise na realiza\u00e7\u00e3o de concursos em todo o Brasil\u201d, acrescentou o promotor de Justi\u00e7a.<\/span><\/p>\n","protected":false},"excerpt":{"rendered":"<p> [&hellip;]<\/p>\n","protected":false},"author":17,"featured_media":23270,"comment_status":"open","ping_status":"open","sticky":false,"template":"","format":"standard","meta":{"om_disable_all_campaigns":false,"_monsterinsights_skip_tracking":false,"_monsterinsights_sitenote_active":false,"_monsterinsights_sitenote_note":"","_monsterinsights_sitenote_category":0,"_uf_show_specific_survey":0,"_uf_disable_surveys":false,"footnotes":""},"categories":[2],"tags":[],"class_list":["post-35244","post","type-post","status-publish","format-standard","has-post-thumbnail","hentry","category-not_mpal"],"aioseo_notices":[],"_links":{"self":[{"href":"https:\/\/www.mpal.mp.br\/index.php?rest_route=\/wp\/v2\/posts\/35244","targetHints":{"allow":["GET"]}}],"collection":[{"href":"https:\/\/www.mpal.mp.br\/index.php?rest_route=\/wp\/v2\/posts"}],"about":[{"href":"https:\/\/www.mpal.mp.br\/index.php?rest_route=\/wp\/v2\/types\/post"}],"author":[{"embeddable":true,"href":"https:\/\/www.mpal.mp.br\/index.php?rest_route=\/wp\/v2\/users\/17"}],"replies":[{"embeddable":true,"href":"https:\/\/www.mpal.mp.br\/index.php?rest_route=%2Fwp%2Fv2%2Fcomments&post=35244"}],"version-history":[{"count":2,"href":"https:\/\/www.mpal.mp.br\/index.php?rest_route=\/wp\/v2\/posts\/35244\/revisions"}],"predecessor-version":[{"id":35246,"href":"https:\/\/www.mpal.mp.br\/index.php?rest_route=\/wp\/v2\/posts\/35244\/revisions\/35246"}],"wp:featuredmedia":[{"embeddable":true,"href":"https:\/\/www.mpal.mp.br\/index.php?rest_route=\/wp\/v2\/media\/23270"}],"wp:attachment":[{"href":"https:\/\/www.mpal.mp.br\/index.php?rest_route=%2Fwp%2Fv2%2Fmedia&parent=35244"}],"wp:term":[{"taxonomy":"category","embeddable":true,"href":"https:\/\/www.mpal.mp.br\/index.php?rest_route=%2Fwp%2Fv2%2Fcategories&post=35244"},{"taxonomy":"post_tag","embeddable":true,"href":"https:\/\/www.mpal.mp.br\/index.php?rest_route=%2Fwp%2Fv2%2Ftags&post=35244"}],"curies":[{"name":"wp","href":"https:\/\/api.w.org\/{rel}","templated":true}]}}