{"id":35238,"date":"2023-12-20T11:33:23","date_gmt":"2023-12-20T14:33:23","guid":{"rendered":"https:\/\/www.mpal.mp.br\/?p=35238"},"modified":"2024-07-26T11:21:17","modified_gmt":"2024-07-26T14:21:17","slug":"atuacao-conjunta-que-contou-com-o-gaeco-e-a-pj-do-torcedor-resulta-nas-prisoes-de-lideres-de-torcidas-organizadas","status":"publish","type":"post","link":"https:\/\/www.mpal.mp.br\/?p=35238","title":{"rendered":"Atua\u00e7\u00e3o conjunta, que contou com o Gaeco e a PJ do Torcedor, resulta nas pris\u00f5es de l\u00edderes de torcidas organizadas"},"content":{"rendered":"<p class=\"p1\" style=\"text-align: justify;\"><span class=\"s1\">As investiga\u00e7\u00f5es que culminaram com as pris\u00f5es de 12 diretores das duas maiores torcidas organizadas de Alagoas s\u00e3o resultado de um trabalho conjunto entre o Minist\u00e9rio P\u00fablico do Estado de Alagoas e a Secretaria de Estado da Seguran\u00e7a P\u00fablica, por meio das Pol\u00edcias Civil e Militar. Na opera\u00e7\u00e3o<span class=\"Apple-converted-space\">\u00a0 <\/span>Red Blue, deflagrada, nessa ter\u00e7a-feira (19) em v\u00e1rios bairros de Macei\u00f3, al\u00e9m das pris\u00f5es, tamb\u00e9m houve o fechamento das sedes dessas torcidas e a apreens\u00e3o de vasto material. <\/span><\/p>\n<p class=\"p1\" style=\"text-align: justify;\"><span class=\"s1\">Pelo MPAL, houve atua\u00e7\u00e3o das promotoras de Justi\u00e7a Martha Bueno, do Grupo de Atua\u00e7\u00e3o Especial de Combate \u00e0s Organiza\u00e7\u00f5es Criminosas (Gaeco), e Sandra Malta, da Promotoria de Justi\u00e7a do Torcedor. Por se tratarem de organiza\u00e7\u00f5es criminosas, Martha Bueno emitiu pareceres pela pris\u00e3o dos acuados, uma vez que a apura\u00e7\u00e3o apontou que eles agiam de forma coletiva para o cometimento de uma s\u00e9rie de crimes.<br \/>\n<\/span><span class=\"s1\"><br \/>\n<strong>Red Blue<\/strong><\/span><\/p>\n<p class=\"p1\" style=\"text-align: justify;\"><span class=\"s1\">A a\u00e7\u00e3o conjunta desarticulou duas organiza\u00e7\u00f5es criminosas que atuam no estado, e que v\u00eam praticando, atrav\u00e9s de seus membros, diversos crimes motivados pela intoler\u00e2ncia esportiva. <\/span><\/p>\n<p class=\"p1\" style=\"text-align: justify;\"><span class=\"s1\">De acordo com o Gaeco e com a dire\u00e7\u00e3o da Pol\u00edcia Judici\u00e1ria da Capital e Metropolitana (DPJ1), as investiga\u00e7\u00f5es foram iniciadas h\u00e1 um ano, ap\u00f3s atos violentos que mutilaram pessoas aleat\u00f3rias em consequ\u00eancia da explos\u00e3o de bombas caseiras espalhadas pelas ruas da capital e tamb\u00e9m depois de crimes contra torcedores do Centro Sportivo Alagoano (CSA) e do Clube de Regatas Brasil (CRB).<\/span><\/p>\n<p class=\"p1\" style=\"text-align: justify;\"><span class=\"s1\">Todo o material encontrado na sede das torcidas organizadas Mancha Azul, no Centro de Macei\u00f3, do Comando Alvirrubro, no Po\u00e7o, como camisas, foi apreendido, j\u00e1 que n\u00e3o havia qualquer regularidade fiscal. Inclusive , segundo as autoridades, s\u00e3o produtos que fazem apologia \u00e0 viol\u00eancia, n\u00e3o possuindo, portanto, qualquer rela\u00e7\u00e3o com o futebol.<\/span><\/p>\n<p class=\"p1\" style=\"text-align: justify;\"><span class=\"s1\">Ap\u00f3s os pedidos formulados pelo delegado Lucim\u00e9rio Campos e que contaram com os pareceres favor\u00e1veis do MPAL, o Poder Judici\u00e1rio tamb\u00e9m determinou a suspens\u00e3o do funcionamento das duas torcidas organizadas. Em raz\u00e3o disso, as suas sedes foram fechadas definitivamente. Houve tamb\u00e9m a ordem, por meio da 17\u00aa Vara Criminal da Capital, de derrubar as redes sociais da Mancha Azul e do Comando Alvirrubro. <\/span><\/p>\n<p class=\"p1\" style=\"text-align: justify;\"><span class=\"s1\">Ao todo, foram expedidos 32 mandados, sendo 15 de pris\u00e3o e 17 de busca e apreens\u00e3o. O trabalho de apura\u00e7\u00e3o tamb\u00e9m foi munido de informa\u00e7\u00f5es do Servi\u00e7o de Intelig\u00eancia da PM, que fez o monitoramento das torcidas no \u00e2mbito estadual e interestadual, com o apoio do Minist\u00e9rio P\u00fablico, atuante no Gaeco e perante o Juizado do Torcedor.<br \/>\n<\/span><\/p>\n<p class=\"p1\" style=\"text-align: justify;\"><span class=\"s1\">Com informa\u00e7\u00f5es e foto da Ascom\/SSP.<\/span><\/p>\n","protected":false},"excerpt":{"rendered":"<p> [&hellip;]<\/p>\n","protected":false},"author":17,"featured_media":43450,"comment_status":"open","ping_status":"open","sticky":false,"template":"","format":"standard","meta":{"om_disable_all_campaigns":false,"_monsterinsights_skip_tracking":false,"_monsterinsights_sitenote_active":false,"_monsterinsights_sitenote_note":"","_monsterinsights_sitenote_category":0,"_uf_show_specific_survey":0,"_uf_disable_surveys":false,"footnotes":""},"categories":[23],"tags":[],"class_list":["post-35238","post","type-post","status-publish","format-standard","has-post-thumbnail","hentry","category-not_gaeco"],"aioseo_notices":[],"_links":{"self":[{"href":"https:\/\/www.mpal.mp.br\/index.php?rest_route=\/wp\/v2\/posts\/35238","targetHints":{"allow":["GET"]}}],"collection":[{"href":"https:\/\/www.mpal.mp.br\/index.php?rest_route=\/wp\/v2\/posts"}],"about":[{"href":"https:\/\/www.mpal.mp.br\/index.php?rest_route=\/wp\/v2\/types\/post"}],"author":[{"embeddable":true,"href":"https:\/\/www.mpal.mp.br\/index.php?rest_route=\/wp\/v2\/users\/17"}],"replies":[{"embeddable":true,"href":"https:\/\/www.mpal.mp.br\/index.php?rest_route=%2Fwp%2Fv2%2Fcomments&post=35238"}],"version-history":[{"count":2,"href":"https:\/\/www.mpal.mp.br\/index.php?rest_route=\/wp\/v2\/posts\/35238\/revisions"}],"predecessor-version":[{"id":35241,"href":"https:\/\/www.mpal.mp.br\/index.php?rest_route=\/wp\/v2\/posts\/35238\/revisions\/35241"}],"wp:featuredmedia":[{"embeddable":true,"href":"https:\/\/www.mpal.mp.br\/index.php?rest_route=\/wp\/v2\/media\/43450"}],"wp:attachment":[{"href":"https:\/\/www.mpal.mp.br\/index.php?rest_route=%2Fwp%2Fv2%2Fmedia&parent=35238"}],"wp:term":[{"taxonomy":"category","embeddable":true,"href":"https:\/\/www.mpal.mp.br\/index.php?rest_route=%2Fwp%2Fv2%2Fcategories&post=35238"},{"taxonomy":"post_tag","embeddable":true,"href":"https:\/\/www.mpal.mp.br\/index.php?rest_route=%2Fwp%2Fv2%2Ftags&post=35238"}],"curies":[{"name":"wp","href":"https:\/\/api.w.org\/{rel}","templated":true}]}}