{"id":34982,"date":"2023-12-15T12:09:13","date_gmt":"2023-12-15T15:09:13","guid":{"rendered":"https:\/\/www.mpal.mp.br\/?p=34982"},"modified":"2025-08-20T11:54:12","modified_gmt":"2025-08-20T14:54:12","slug":"corregedoria-geral-do-mpal-tem-trabalho-reconhecido-pelo-conselho-nacional","status":"publish","type":"post","link":"https:\/\/www.mpal.mp.br\/?p=34982","title":{"rendered":"Corregedoria-Geral do MPAL tem trabalho reconhecido pelo Conselho Nacional do Minist\u00e9rio P\u00fablico"},"content":{"rendered":"<p style=\"text-align: justify;\"><span style=\"font-size: 14pt; font-family: georgia, palatino, serif;\">A Corregedoria-Geral do Minist\u00e9rio P\u00fablico de Alagoas recebeu um certificado de reconhecimento pelos relevantes trabalhos de avalia\u00e7\u00e3o e valora\u00e7\u00e3o, homenagem feita pelo Conselho Nacional do Minist\u00e9rio P\u00fablico (CNMP). De acordo com a certifica\u00e7\u00e3o, a Corregedoria-Geral desempenha um papel essencial na constru\u00e7\u00e3o de um Minist\u00e9rio P\u00fablico resolutivo e capaz de transformar a sociedade.<\/span><\/p>\n<p style=\"text-align: justify;\"><span style=\"font-size: 14pt; font-family: georgia, palatino, serif;\">\u201cEstamos muito contentes com o reconhecimento nacional, sinal que estamos no caminho certo, lembrando que o papel da Corregedoria-Geral \u00e9 justamente auxiliar os membros do Minist\u00e9rio P\u00fablico no cumprimento daquilo que a popula\u00e7\u00e3o que espera que n\u00f3s fa\u00e7amos\u201d, destacou o corregedor-geral do MPAL, procurador de Justi\u00e7a Maur\u00edcio Pitta.<\/span><\/p>\n<p style=\"text-align: justify;\"><span style=\"font-size: 14pt; font-family: georgia, palatino, serif;\">Entregue no \u00faltimo dia 11, o certificado vem no sentido de enaltecer iniciativas que se destacaram durante as correi\u00e7\u00f5es feitas pelo CNMP, explica o corregedor nacional, conselheiro Oswaldo D\u2019Albuquerque. \u201cS\u00e3o a\u00e7\u00f5es de boas pr\u00e1ticas que mostram uma institui\u00e7\u00e3o que todos desejamos e que vai al\u00e9m de cumprir mandamentos constitucionais\u201d, afirmou o conselheiro.<\/span><\/p>\n<p style=\"text-align: justify;\"><span style=\"font-size: 14pt; font-family: georgia, palatino, serif;\">Durante o evento, tamb\u00e9m foram entregues ao MP alagoano certificados reconhecendo a relev\u00e2ncia social de quatro projetos desenvolvidos pela institui\u00e7\u00e3o: \u201cApp Transporte Legal\u201d, \u201cMulheres em Seguran\u00e7a: Ass\u00e9dio N\u00e3o\u201d, \u201cReintrodu\u00e7\u00e3o do Mutum-de-Alagoas\u201d e \u201cSocioeduca\u00e7\u00e3o em Dados\u201d.<\/span><\/p>\n<p style=\"text-align: justify;\"><strong><span style=\"font-size: 14pt; font-family: georgia, palatino, serif;\">Conhe\u00e7a as iniciativas<\/span><\/strong><\/p>\n<p style=\"text-align: justify;\"><span style=\"font-size: 14pt; font-family: georgia, palatino, serif;\">O projeto \u201cApp Transporte Legal\u201d tem como objetivo acompanhar e fiscalizar, por meio de aplicativo para smartphone, as vistorias realizadas no transporte escolar em Alagoas. A iniciativa \u00e9 desenvolvida pelos promotores de Justi\u00e7a Lucas Sachsida e Maria Lu\u00edsa Maia.<\/span><\/p>\n<p style=\"text-align: justify;\"><span style=\"font-size: 14pt; font-family: georgia, palatino, serif;\">O \u201cMulheres em Seguran\u00e7a: Ass\u00e9dio N\u00e3o\u201d busca promover uma cultura de igualdade de g\u00eanero e de n\u00e3o-discrimina\u00e7\u00e3o nos \u00f3rg\u00e3os de seguran\u00e7a p\u00fablica. O projeto \u00e9 realizado pelas promotoras de Justi\u00e7a Karla Padilha Rebelo e Marluce Falc\u00e3o de Oliveira.<\/span><\/p>\n<p style=\"text-align: justify;\"><span style=\"font-size: 14pt; font-family: georgia, palatino, serif;\">\u201cReintrodu\u00e7\u00e3o do Mutum-de-Alagoas\u201d \u00e9 uma iniciativa dos promotores de Justi\u00e7a Alberto Fonseca e Lav\u00ednia Fragoso e tem como objetivo a realiza\u00e7\u00e3o de esfor\u00e7os para garantir a reprodu\u00e7\u00e3o e repovoamento da ave em seu habitat natural, tendo em vista se tratar de uma esp\u00e9cie extinta na natureza.<\/span><\/p>\n<p style=\"text-align: justify;\"><span style=\"font-size: 14pt; font-family: georgia, palatino, serif;\">Por fim, o projeto \u201cSocioeduca\u00e7\u00e3o em Dados\u201d, que tem como proposta o levantamento de informa\u00e7\u00f5es sobre a realidade de adolescentes em conflito com a lei em Alagoas, possibilitando a implementa\u00e7\u00e3o de pol\u00edticas p\u00fablicas mais efetivas. A iniciativa \u00e9 realizada pelas promotoras de Justi\u00e7a Mar\u00edlia Cerqueira e Alexandra Beurlen.<\/span><\/p>\n","protected":false},"excerpt":{"rendered":"<p> [&hellip;]<\/p>\n","protected":false},"author":6,"featured_media":34985,"comment_status":"closed","ping_status":"closed","sticky":false,"template":"","format":"standard","meta":{"om_disable_all_campaigns":false,"_monsterinsights_skip_tracking":false,"_monsterinsights_sitenote_active":false,"_monsterinsights_sitenote_note":"","_monsterinsights_sitenote_category":0,"_uf_show_specific_survey":0,"_uf_disable_surveys":false,"footnotes":""},"categories":[48],"tags":[],"class_list":["post-34982","post","type-post","status-publish","format-standard","has-post-thumbnail","hentry","category-not_corregedoria"],"aioseo_notices":[],"_links":{"self":[{"href":"https:\/\/www.mpal.mp.br\/index.php?rest_route=\/wp\/v2\/posts\/34982","targetHints":{"allow":["GET"]}}],"collection":[{"href":"https:\/\/www.mpal.mp.br\/index.php?rest_route=\/wp\/v2\/posts"}],"about":[{"href":"https:\/\/www.mpal.mp.br\/index.php?rest_route=\/wp\/v2\/types\/post"}],"author":[{"embeddable":true,"href":"https:\/\/www.mpal.mp.br\/index.php?rest_route=\/wp\/v2\/users\/6"}],"replies":[{"embeddable":true,"href":"https:\/\/www.mpal.mp.br\/index.php?rest_route=%2Fwp%2Fv2%2Fcomments&post=34982"}],"version-history":[{"count":2,"href":"https:\/\/www.mpal.mp.br\/index.php?rest_route=\/wp\/v2\/posts\/34982\/revisions"}],"predecessor-version":[{"id":34984,"href":"https:\/\/www.mpal.mp.br\/index.php?rest_route=\/wp\/v2\/posts\/34982\/revisions\/34984"}],"wp:featuredmedia":[{"embeddable":true,"href":"https:\/\/www.mpal.mp.br\/index.php?rest_route=\/wp\/v2\/media\/34985"}],"wp:attachment":[{"href":"https:\/\/www.mpal.mp.br\/index.php?rest_route=%2Fwp%2Fv2%2Fmedia&parent=34982"}],"wp:term":[{"taxonomy":"category","embeddable":true,"href":"https:\/\/www.mpal.mp.br\/index.php?rest_route=%2Fwp%2Fv2%2Fcategories&post=34982"},{"taxonomy":"post_tag","embeddable":true,"href":"https:\/\/www.mpal.mp.br\/index.php?rest_route=%2Fwp%2Fv2%2Ftags&post=34982"}],"curies":[{"name":"wp","href":"https:\/\/api.w.org\/{rel}","templated":true}]}}