{"id":34951,"date":"2023-12-14T12:33:47","date_gmt":"2023-12-14T15:33:47","guid":{"rendered":"https:\/\/www.mpal.mp.br\/?p=34951"},"modified":"2023-12-14T12:38:10","modified_gmt":"2023-12-14T15:38:10","slug":"mpal-mpf-e-dpu-pedem-o-bloqueio-de-r-1-bilhao-da-braskem-para-cumprimento-de-liminar","status":"publish","type":"post","link":"https:\/\/www.mpal.mp.br\/?p=34951","title":{"rendered":"MPAL, MPF e DPU pedem o bloqueio de R$ 1 bilh\u00e3o da Braskem para cumprimento de liminar"},"content":{"rendered":"<p dir=\"ltr\" style=\"text-align: justify;\"><span style=\"font-family: helvetica, arial, sans-serif; font-size: 12pt;\">Na tarde de ontem, dia 13, um dia ap\u00f3s a audi\u00eancia de concilia\u00e7\u00e3o frustrada com a Braskem, o Minist\u00e9rio P\u00fablico do Estado de Alagoas (MPAL), o Minist\u00e9rio P\u00fablico Federal (MPF) e a Defensoria P\u00fablica da Uni\u00e3o (DPU)\u00a0 apresentaram peti\u00e7\u00e3o ao Ju\u00edzo da 3\u00aa Vara Federal em Alagoas para:<\/span><\/p>\n<p dir=\"ltr\" style=\"text-align: justify;\"><span style=\"font-family: helvetica, arial, sans-serif; font-size: 12pt;\">a) que sejam bloqueadas verbas da Braskem, no montante de R$ 1 bilh\u00e3o, a fim de garantir o cumprimento efetivo da decis\u00e3o liminar;<\/span><\/p>\n<p dir=\"ltr\" style=\"text-align: justify;\"><span style=\"font-family: helvetica, arial, sans-serif; font-size: 12pt;\">b) em caso de persist\u00eancia da Braskem quanto ao descumprimento da ordem judicial, o reconhecimento da litig\u00e2ncia de m\u00e1-f\u00e9 e configura\u00e7\u00e3o de ato atentat\u00f3rio \u00e0 justi\u00e7a, bem como o encaminhamento dos autos ao MPF, para ado\u00e7\u00e3o de provid\u00eancias quanto ao crime de desobedi\u00eancia;<\/span><\/p>\n<p dir=\"ltr\" style=\"text-align: justify;\"><span style=\"font-family: helvetica, arial, sans-serif; font-size: 12pt;\">c) aplica\u00e7\u00e3o de multa di\u00e1ria ao presidente da Braskem, no valor de R$ 50 mil por dia, em caso de persist\u00eancia do descumprimento da ordem judicial.<\/span><\/p>\n<p dir=\"ltr\" style=\"text-align: justify;\"><span style=\"font-family: helvetica, arial, sans-serif; font-size: 12pt;\">As institui\u00e7\u00f5es pediram que o tr\u00e2mite processual da a\u00e7\u00e3o civil p\u00fablica (ACP) do mapa v5 fosse acelerado, aproveitando os termos do acordo de indeniza\u00e7\u00e3o, de dezembro de 2019, iniciando-se j\u00e1 na fase de audi\u00eancia de instru\u00e7\u00e3o, com a indica\u00e7\u00e3o de testemunhas.<\/span><\/p>\n<p dir=\"ltr\" style=\"text-align: justify;\"><span style=\"font-family: helvetica, arial, sans-serif; font-size: 12pt;\">O MPAL, MPF e a DPU destacaram ainda que o Munic\u00edpio de Macei\u00f3 deve demonstrar o efetivo cumprimento do Plano de Comunica\u00e7\u00e3o sobre a atualiza\u00e7\u00e3o do mapa.<\/span><\/p>\n<p dir=\"ltr\" style=\"text-align: justify;\"><span style=\"font-family: helvetica, arial, sans-serif; font-size: 12pt;\"><strong>Entenda o caso\u00a0<\/strong><\/span><\/p>\n<p dir=\"ltr\" style=\"text-align: justify;\"><span style=\"font-family: helvetica, arial, sans-serif; font-size: 12pt;\"> Na tarde da \u00faltima ter\u00e7a-feira (12), a audi\u00eancia de concilia\u00e7\u00e3o na Justi\u00e7a Federal em Alagoas, com participa\u00e7\u00e3o do MPF, DPU, OAB e Braskem foi encerrada sem a realiza\u00e7\u00e3o de acordo.\u00a0<\/span><\/p>\n<p dir=\"ltr\" style=\"text-align: justify;\"><span style=\"font-family: helvetica, arial, sans-serif; font-size: 12pt;\">A Braskem n\u00e3o apresentou proposta de avan\u00e7o nas tratativas, assim como deixou de apresentar um cronograma para implementa\u00e7\u00e3o imediata das medidas determinadas liminarmente, nos autos do processo n. 0813725-97.2023.4.05.8000.<\/span><\/p>\n<p dir=\"ltr\" style=\"text-align: justify;\"><span style=\"font-family: helvetica, arial, sans-serif; font-size: 12pt;\">A empresa argumentou que tem discord\u00e2ncias t\u00e9cnicas e que pretende recorrer da decis\u00e3o que determinou a indeniza\u00e7\u00e3o dos im\u00f3veis das novas \u00e1reas abrangidas pelo\u00a0<strong><a class=\"external-link\" title=\"\" href=\"https:\/\/maceio.al.gov.br\/noticias\/defesacivil\/mapa-de-acoes-prioritarias-e-atualizado-e-amplia-area-de-monitoramento\" target=\"_self\" rel=\"noopener\">Mapa de Linhas de A\u00e7\u00f5es Priorit\u00e1rias (mapa de risco)<\/a><\/strong>, seja atrav\u00e9s do Programa de Compensa\u00e7\u00e3o Financeira (PCF), seja pela desvaloriza\u00e7\u00e3o do im\u00f3vel.<\/span><\/p>\n<p dir=\"ltr\" style=\"text-align: justify;\"><span style=\"font-family: helvetica, arial, sans-serif; font-size: 12pt;\">A atualiza\u00e7\u00e3o do mapa inclui im\u00f3veis em parte do Bom Parto, da rua Marqu\u00eas de Abrantes e da Vila Sa\u00e9m, al\u00e9m de im\u00f3veis no bairro do Farol, todos como \u00e1rea de monitoramento, cuja realoca\u00e7\u00e3o \u00e9 opcional.<\/span><\/p>\n<p dir=\"ltr\" style=\"text-align: justify;\"><span style=\"font-family: helvetica, arial, sans-serif; font-size: 12pt;\">Diante do descumprimento da decis\u00e3o liminar, as institui\u00e7\u00f5es decidiram peticionar ao juiz para que seja fixada multa para que a empresa d\u00ea in\u00edcio \u00e0 execu\u00e7\u00e3o da determina\u00e7\u00e3o judicial o mais r\u00e1pido poss\u00edvel.<\/span><\/p>\n<p dir=\"ltr\" style=\"text-align: justify;\"><span style=\"font-family: helvetica, arial, sans-serif; font-size: 12pt;\">Para as institui\u00e7\u00f5es, a situa\u00e7\u00e3o dos moradores do Bom Parto \u00e9 de extrema vulnerabilidade social, sendo necess\u00e1rias medidas imediatas em rela\u00e7\u00e3o \u00e0quela popula\u00e7\u00e3o.<\/span><\/p>\n<p dir=\"ltr\" style=\"text-align: justify;\"><span style=\"font-family: helvetica, arial, sans-serif; font-size: 12pt;\">Diante da inviabilidade de concilia\u00e7\u00e3o, as institui\u00e7\u00f5es\u00a0 avaliam que o cen\u00e1rio de instabilidade pol\u00edtica revelado nos \u00faltimos dias tem reflexos na conduta da empresa, alterando sua atua\u00e7\u00e3o. Al\u00e9m disso, MPF, DPU e MPAL se preocupam com o fomento de inseguran\u00e7a jur\u00eddica propagado, o que pode trazer incertezas aos acordos j\u00e1 firmados e p\u00f5e em risco todas as obriga\u00e7\u00f5es que a empresa assumiu e que v\u00eam garantindo o monitoramento da \u00e1rea e as a\u00e7\u00f5es de estabiliza\u00e7\u00e3o das cavidades, entre tantas outras medidas de repara\u00e7\u00e3o e compensa\u00e7\u00e3o ambiental e sociourban\u00edsticas. <\/span><\/p>\n<p dir=\"ltr\" style=\"text-align: justify;\"><span style=\"font-family: helvetica, arial, sans-serif; font-size: 12pt;\">Com informa\u00e7\u00f5es da Ascom do MPF.<\/span><\/p>\n","protected":false},"excerpt":{"rendered":"<p> [&hellip;]<\/p>\n","protected":false},"author":17,"featured_media":34952,"comment_status":"open","ping_status":"open","sticky":false,"template":"","format":"standard","meta":{"om_disable_all_campaigns":false,"_monsterinsights_skip_tracking":false,"_monsterinsights_sitenote_active":false,"_monsterinsights_sitenote_note":"","_monsterinsights_sitenote_category":0,"_uf_show_specific_survey":0,"_uf_disable_surveys":false,"footnotes":""},"categories":[56,2],"tags":[],"class_list":["post-34951","post","type-post","status-publish","format-standard","has-post-thumbnail","hentry","category-not_braskem","category-not_mpal"],"aioseo_notices":[],"_links":{"self":[{"href":"https:\/\/www.mpal.mp.br\/index.php?rest_route=\/wp\/v2\/posts\/34951","targetHints":{"allow":["GET"]}}],"collection":[{"href":"https:\/\/www.mpal.mp.br\/index.php?rest_route=\/wp\/v2\/posts"}],"about":[{"href":"https:\/\/www.mpal.mp.br\/index.php?rest_route=\/wp\/v2\/types\/post"}],"author":[{"embeddable":true,"href":"https:\/\/www.mpal.mp.br\/index.php?rest_route=\/wp\/v2\/users\/17"}],"replies":[{"embeddable":true,"href":"https:\/\/www.mpal.mp.br\/index.php?rest_route=%2Fwp%2Fv2%2Fcomments&post=34951"}],"version-history":[{"count":3,"href":"https:\/\/www.mpal.mp.br\/index.php?rest_route=\/wp\/v2\/posts\/34951\/revisions"}],"predecessor-version":[{"id":34955,"href":"https:\/\/www.mpal.mp.br\/index.php?rest_route=\/wp\/v2\/posts\/34951\/revisions\/34955"}],"wp:featuredmedia":[{"embeddable":true,"href":"https:\/\/www.mpal.mp.br\/index.php?rest_route=\/wp\/v2\/media\/34952"}],"wp:attachment":[{"href":"https:\/\/www.mpal.mp.br\/index.php?rest_route=%2Fwp%2Fv2%2Fmedia&parent=34951"}],"wp:term":[{"taxonomy":"category","embeddable":true,"href":"https:\/\/www.mpal.mp.br\/index.php?rest_route=%2Fwp%2Fv2%2Fcategories&post=34951"},{"taxonomy":"post_tag","embeddable":true,"href":"https:\/\/www.mpal.mp.br\/index.php?rest_route=%2Fwp%2Fv2%2Ftags&post=34951"}],"curies":[{"name":"wp","href":"https:\/\/api.w.org\/{rel}","templated":true}]}}