{"id":34686,"date":"2023-12-11T08:45:53","date_gmt":"2023-12-11T11:45:53","guid":{"rendered":"https:\/\/www.mpal.mp.br\/?p=34686"},"modified":"2023-12-11T08:47:58","modified_gmt":"2023-12-11T11:47:58","slug":"mpal-forma-rede-com-outros-orgaos-para-garantir-a-seguranca-no-transito-em-arapiraca","status":"publish","type":"post","link":"https:\/\/www.mpal.mp.br\/?p=34686","title":{"rendered":"MPAL forma rede com outros \u00f3rg\u00e3os para garantir a seguran\u00e7a no tr\u00e2nsito em Arapiraca"},"content":{"rendered":"<p style=\"text-align: justify;\"><span style=\"font-size: 14pt; font-family: georgia, palatino, serif;\">Com o objetivo de prevenir acidentes de tr\u00e2nsito, o Minist\u00e9rio P\u00fablico de Alagoas criou em Arapiraca uma rede formada por \u00f3rg\u00e3os municipais, estaduais e federais: \u00e9 a Rede Integrada de Apoio \u00e0 Vida. Al\u00e9m de intensificar a fiscaliza\u00e7\u00e3o na regi\u00e3o, o projeto prev\u00ea ainda a realiza\u00e7\u00e3o de a\u00e7\u00f5es educativas com a popula\u00e7\u00e3o.<\/span><\/p>\n<p style=\"text-align: justify;\"><span style=\"font-size: 14pt; font-family: georgia, palatino, serif;\">O promotor de Justi\u00e7a Rog\u00e9rio Paranhos explica que o per\u00edodo de festas de fim de ano intensificam o movimento de carros, motos e outros meios de transporte. Pensando nisso, o Minist\u00e9rio P\u00fablico de Alagoas decidiu, em conjunto com outros \u00f3rg\u00e3os, pela realiza\u00e7\u00e3o de uma s\u00e9rie de a\u00e7\u00f5es visando a preven\u00e7\u00e3o de acidentes.<\/span><\/p>\n<p style=\"text-align: justify;\"><span style=\"font-size: 14pt; font-family: georgia, palatino, serif;\">&#8220;A proposta da Rede Integrada de Apoio \u00e0 Vida \u00e9 desencorajar pr\u00e1ticas criminosas, como dirigir ap\u00f3s a ingest\u00e3o de bebidas alco\u00f3licas, que inclusive pode resultar na suspens\u00e3o da habilita\u00e7\u00e3o do motorista e apreens\u00e3o do seu ve\u00edculo&#8221;, afirmou o promotor de Justi\u00e7a, destacando que as fiscaliza\u00e7\u00f5es ser\u00e3o iniciadas nos pr\u00f3ximos dias.<\/span><\/p>\n<p style=\"text-align: justify;\"><span style=\"font-size: 14pt; font-family: georgia, palatino, serif;\">Al\u00e9m do MPAL, a rede \u00e9 formada pela Superintend\u00eancia Municipal de Transportes e Tr\u00e2nsito (SMTT) de Arapiraca, Departamento Estadual de Tr\u00e2nsito de Alagoas (Detran), Batalh\u00e3o de Pol\u00edcia Rodovi\u00e1rio (BPRv), 3\u00ba Batalh\u00e3o de Pol\u00edcia Militar, Opera\u00e7\u00e3o Lei Seca e Departamento de Estradas de Rodagem de Alagoas (DER\/AL).<\/span><\/p>\n<p><em><span style=\"font-size: 12pt; font-family: georgia, palatino, serif;\">Foto: Prefeitura de Arapiraca<\/span><\/em><\/p>\n","protected":false},"excerpt":{"rendered":"<p> [&hellip;]<\/p>\n","protected":false},"author":6,"featured_media":34687,"comment_status":"open","ping_status":"open","sticky":false,"template":"","format":"standard","meta":{"om_disable_all_campaigns":false,"_monsterinsights_skip_tracking":false,"_monsterinsights_sitenote_active":false,"_monsterinsights_sitenote_note":"","_monsterinsights_sitenote_category":0,"_uf_show_specific_survey":0,"_uf_disable_surveys":false,"footnotes":""},"categories":[24],"tags":[],"class_list":["post-34686","post","type-post","status-publish","format-standard","has-post-thumbnail","hentry","category-not_gaesf"],"aioseo_notices":[],"_links":{"self":[{"href":"https:\/\/www.mpal.mp.br\/index.php?rest_route=\/wp\/v2\/posts\/34686","targetHints":{"allow":["GET"]}}],"collection":[{"href":"https:\/\/www.mpal.mp.br\/index.php?rest_route=\/wp\/v2\/posts"}],"about":[{"href":"https:\/\/www.mpal.mp.br\/index.php?rest_route=\/wp\/v2\/types\/post"}],"author":[{"embeddable":true,"href":"https:\/\/www.mpal.mp.br\/index.php?rest_route=\/wp\/v2\/users\/6"}],"replies":[{"embeddable":true,"href":"https:\/\/www.mpal.mp.br\/index.php?rest_route=%2Fwp%2Fv2%2Fcomments&post=34686"}],"version-history":[{"count":2,"href":"https:\/\/www.mpal.mp.br\/index.php?rest_route=\/wp\/v2\/posts\/34686\/revisions"}],"predecessor-version":[{"id":34689,"href":"https:\/\/www.mpal.mp.br\/index.php?rest_route=\/wp\/v2\/posts\/34686\/revisions\/34689"}],"wp:featuredmedia":[{"embeddable":true,"href":"https:\/\/www.mpal.mp.br\/index.php?rest_route=\/wp\/v2\/media\/34687"}],"wp:attachment":[{"href":"https:\/\/www.mpal.mp.br\/index.php?rest_route=%2Fwp%2Fv2%2Fmedia&parent=34686"}],"wp:term":[{"taxonomy":"category","embeddable":true,"href":"https:\/\/www.mpal.mp.br\/index.php?rest_route=%2Fwp%2Fv2%2Fcategories&post=34686"},{"taxonomy":"post_tag","embeddable":true,"href":"https:\/\/www.mpal.mp.br\/index.php?rest_route=%2Fwp%2Fv2%2Ftags&post=34686"}],"curies":[{"name":"wp","href":"https:\/\/api.w.org\/{rel}","templated":true}]}}