{"id":34538,"date":"2023-12-07T12:26:42","date_gmt":"2023-12-07T15:26:42","guid":{"rendered":"https:\/\/www.mpal.mp.br\/?p=34538"},"modified":"2023-12-07T13:56:56","modified_gmt":"2023-12-07T16:56:56","slug":"atencao-escola-superior-do-mpal-alerta-sobre-prazo-de-inscricoes-para-estagiarios","status":"publish","type":"post","link":"https:\/\/www.mpal.mp.br\/?p=34538","title":{"rendered":"ATEN\u00c7\u00c3O: Escola Superior do MPAL alerta sobre prazo de inscri\u00e7\u00f5es para estagi\u00e1rios"},"content":{"rendered":"<p align=\"justify\"><span style=\"font-family: helvetica, arial, sans-serif; font-size: 10pt;\">Refor\u00e7ando as informa\u00e7\u00f5es sobre a oportunidade de conquistar uma vaga para est\u00e1gio na institui\u00e7\u00e3o, a Escola Superior do Minist\u00e9rio P\u00fablico de Alagoas (ESMPAL) alerta para o prazo de encerramento das inscri\u00e7\u00f5es. Iniciado no dia 16 de novembro de 2023, ele se estende at\u00e9 o pr\u00f3ximo dia 11 de dezembro. J\u00e1 a publica\u00e7\u00e3o da lista de inscri\u00e7\u00f5es deferidas e convoca\u00e7\u00e3o para Prova Objetiva dar-se-\u00e1 em 15 de janeiro de 2024.<\/span><\/p>\n<p align=\"justify\"><span style=\"font-family: helvetica, arial, sans-serif; font-size: 10pt;\">O diretor da ESMPAL, Walber Valente de Lima, fala sobre a import\u00e2ncia de se oportunizar para aperfei\u00e7oar o conhecimento dentro das unidades ministeriais.<\/span><\/p>\n<p align=\"justify\"><span style=\"font-family: helvetica, arial, sans-serif; font-size: 10pt;\">\u201cRepublicamos o edital com essa altera\u00e7\u00e3o, prorrogando o prazo de encerramento das inscri\u00e7\u00f5es e decidimos ressaltar para que algum estudante que tenha pensado em se inscrever, e que possa ter ficado desatento, n\u00e3o perca a oportunidade de concorrer. O Minist\u00e9rio P\u00fablico \u00e9 uma grande escola para universit\u00e1rios de diversas \u00e1reas e temos sempre o prazer de recepcion\u00e1-los e dividir conhecimentos. Portanto, quem ainda n\u00e3o fez, ainda restam quatro dias para as inscri\u00e7\u00f5es\u201d, evidencia o diretor da ESMPAL.<\/span><\/p>\n<p align=\"justify\"><span style=\"font-family: helvetica, arial, sans-serif; font-size: 10pt;\">De acordo com o cronograma, os estudantes dever\u00e3o ser submetidos \u00e0 prova objetiva no dia 24 de janeiro de 2024. No per\u00edodo de 25 de janeiro a 8 de fevereiro acontecer\u00e1 a corre\u00e7\u00e3o e an\u00e1lise dos t\u00edtulos apresentados. No dia 9 de fevereiro ser\u00e1 apresentado um resultado preliminar da lista de classifica\u00e7\u00e3o.<\/span><\/p>\n<p align=\"justify\"><span style=\"font-family: helvetica, arial, sans-serif; font-size: 10pt;\">Cumpridas todas as normas do processo seletivo, o dia 12 de mar\u00e7o de 2024 foi definido para a publica\u00e7\u00e3o de respostas \u00e0s poss\u00edveis impugna\u00e7\u00f5es, simultaneamente para o resultado final elencando os classificados, por m\u00e9dia.<\/span><\/p>\n<p align=\"justify\"><span style=\"font-family: helvetica, arial, sans-serif; font-size: 10pt;\">Tamb\u00e9m h\u00e1 a previs\u00e3o de que a homologa\u00e7\u00e3o do processo seletivo aconte\u00e7a em at\u00e9 19 de abril de 2024.<\/span><\/p>\n","protected":false},"excerpt":{"rendered":"<p> [&hellip;]<\/p>\n","protected":false},"author":8,"featured_media":34586,"comment_status":"open","ping_status":"open","sticky":false,"template":"","format":"standard","meta":{"om_disable_all_campaigns":false,"_monsterinsights_skip_tracking":false,"_monsterinsights_sitenote_active":false,"_monsterinsights_sitenote_note":"","_monsterinsights_sitenote_category":0,"_uf_show_specific_survey":0,"_uf_disable_surveys":false,"footnotes":""},"categories":[19],"tags":[],"class_list":["post-34538","post","type-post","status-publish","format-standard","has-post-thumbnail","hentry","category-not_esmp"],"aioseo_notices":[],"_links":{"self":[{"href":"https:\/\/www.mpal.mp.br\/index.php?rest_route=\/wp\/v2\/posts\/34538","targetHints":{"allow":["GET"]}}],"collection":[{"href":"https:\/\/www.mpal.mp.br\/index.php?rest_route=\/wp\/v2\/posts"}],"about":[{"href":"https:\/\/www.mpal.mp.br\/index.php?rest_route=\/wp\/v2\/types\/post"}],"author":[{"embeddable":true,"href":"https:\/\/www.mpal.mp.br\/index.php?rest_route=\/wp\/v2\/users\/8"}],"replies":[{"embeddable":true,"href":"https:\/\/www.mpal.mp.br\/index.php?rest_route=%2Fwp%2Fv2%2Fcomments&post=34538"}],"version-history":[{"count":2,"href":"https:\/\/www.mpal.mp.br\/index.php?rest_route=\/wp\/v2\/posts\/34538\/revisions"}],"predecessor-version":[{"id":34541,"href":"https:\/\/www.mpal.mp.br\/index.php?rest_route=\/wp\/v2\/posts\/34538\/revisions\/34541"}],"wp:featuredmedia":[{"embeddable":true,"href":"https:\/\/www.mpal.mp.br\/index.php?rest_route=\/wp\/v2\/media\/34586"}],"wp:attachment":[{"href":"https:\/\/www.mpal.mp.br\/index.php?rest_route=%2Fwp%2Fv2%2Fmedia&parent=34538"}],"wp:term":[{"taxonomy":"category","embeddable":true,"href":"https:\/\/www.mpal.mp.br\/index.php?rest_route=%2Fwp%2Fv2%2Fcategories&post=34538"},{"taxonomy":"post_tag","embeddable":true,"href":"https:\/\/www.mpal.mp.br\/index.php?rest_route=%2Fwp%2Fv2%2Ftags&post=34538"}],"curies":[{"name":"wp","href":"https:\/\/api.w.org\/{rel}","templated":true}]}}