{"id":34399,"date":"2023-12-06T19:32:05","date_gmt":"2023-12-06T22:32:05","guid":{"rendered":"https:\/\/www.mpal.mp.br\/?p=34399"},"modified":"2023-12-06T19:32:38","modified_gmt":"2023-12-06T22:32:38","slug":"em-brasilia-pgj-marcio-roberto-discute-projeto-que-dissemina-boas-praticas-no-combate-a-corrupcao","status":"publish","type":"post","link":"https:\/\/www.mpal.mp.br\/?p=34399","title":{"rendered":"EM Bras\u00edlia, PGJ M\u00e1rcio Roberto discute projeto que dissemina boas pr\u00e1ticas no combate \u00e0 corrup\u00e7\u00e3o"},"content":{"rendered":"<p style=\"text-align: justify;\">O procurador-geral de Justi\u00e7a, M\u00e1rcio Roberto Ten\u00f3rio de Albuquerque, participou, nesta quarta-feira (6), da 10\u00aa reuni\u00e3o ordin\u00e1ria do Conselho Nacional de Procuradores-Gerais do Minist\u00e9rio P\u00fablico dos Estados e da Uni\u00e3o (CNPG). No encontro, os chefes dos MPs brasileiros discutiram temas de relev\u00e2ncia para as unidades ministeriais de todo o pa\u00eds, a exemplo do projeto \u201cAgentes da Cidadania\u201d, uma iniciativa do Minist\u00e9rio P\u00fablico do Paran\u00e1 (MPPR) para incentivar a\u00e7\u00f5es que colaborem com as boas pr\u00e1ticas na Administra\u00e7\u00e3o P\u00fablica, como forma de enfrentar a corrup\u00e7\u00e3o ou irregularidades na gest\u00e3o dos \u00f3rg\u00e3os p\u00fablicos. A ideia \u00e9 que iniciativas como essa possam ser replicadas nos demais estados.<\/p>\n<p style=\"text-align: justify;\">A abertura da reuni\u00e3o, ocorrida no Minist\u00e9rio P\u00fablico do Distrito Federal e Territ\u00f3rios foi feita pelo presidente do CNPG e procurador-geral de Justi\u00e7a do Minist\u00e9rio P\u00fablico do Par\u00e1 (MPPA), C\u00e9sar Mattar J\u00fanior, e pelo PGJ do MPDFT e vice-presidente do Minist\u00e9rio P\u00fablico da Uni\u00e3o (MPU) no CNPG, Georges Seigneur. Na sequ\u00eancia, foi apresentado o projeto institucional \u201cAgentes da Cidadania\u201d, elaborado pelo Minist\u00e9rio P\u00fablico do Paran\u00e1. O procurador-geral de Justi\u00e7a do MPPR, Gilberto Giac\u00f3ia, e o procurador de Justi\u00e7a Mateus Bertoncini falaram sobre a iniciativa, que \u00e9 aplicada por meio de um curso on-line desenvolvido para incentivar boas bem sucedidas no \u00e2mbito da gest\u00e3o p\u00fablica.<\/p>\n<p>Outra pauta do encontro girou em torno do artigo n\u00ba 226, \u00a71\u00ba, do Estatuto da Crian\u00e7a e do Adolescente (ECA), que trata sobre a impossibilidade de julgamento dos crimes cometidos contra crian\u00e7as e adolescentes \u2013 independentemente da pena prevista \u2013 por Juizados Especiais Criminais, bem como acerca da inaplicabilidade dos institutos despenalizadores previstos. A tem\u00e1tica foi conduzida pelo presidente do Grupo Nacional de Direitos Humanos (GNDH) do CNPG e procurador-geral de Justi\u00e7a do Minist\u00e9rio P\u00fablico do Amazonas, Alberto Rodrigues do Nascimento J\u00fanior.<\/p>\n<p>Por fim, foi discutida a aprova\u00e7\u00e3o do calend\u00e1rio de reuni\u00f5es do CNPG para o 1\u00ba Semestre de 2024.<\/p>\n<p>Foto: Ascom MPDFT<\/p>\n","protected":false},"excerpt":{"rendered":"<p> [&hellip;]<\/p>\n","protected":false},"author":17,"featured_media":34401,"comment_status":"open","ping_status":"open","sticky":false,"template":"","format":"standard","meta":{"om_disable_all_campaigns":false,"_monsterinsights_skip_tracking":false,"_monsterinsights_sitenote_active":false,"_monsterinsights_sitenote_note":"","_monsterinsights_sitenote_category":0,"_uf_show_specific_survey":0,"_uf_disable_surveys":false,"footnotes":""},"categories":[2,49],"tags":[],"class_list":["post-34399","post","type-post","status-publish","format-standard","has-post-thumbnail","hentry","category-not_mpal","category-not_pgj"],"aioseo_notices":[],"_links":{"self":[{"href":"https:\/\/www.mpal.mp.br\/index.php?rest_route=\/wp\/v2\/posts\/34399","targetHints":{"allow":["GET"]}}],"collection":[{"href":"https:\/\/www.mpal.mp.br\/index.php?rest_route=\/wp\/v2\/posts"}],"about":[{"href":"https:\/\/www.mpal.mp.br\/index.php?rest_route=\/wp\/v2\/types\/post"}],"author":[{"embeddable":true,"href":"https:\/\/www.mpal.mp.br\/index.php?rest_route=\/wp\/v2\/users\/17"}],"replies":[{"embeddable":true,"href":"https:\/\/www.mpal.mp.br\/index.php?rest_route=%2Fwp%2Fv2%2Fcomments&post=34399"}],"version-history":[{"count":3,"href":"https:\/\/www.mpal.mp.br\/index.php?rest_route=\/wp\/v2\/posts\/34399\/revisions"}],"predecessor-version":[{"id":34403,"href":"https:\/\/www.mpal.mp.br\/index.php?rest_route=\/wp\/v2\/posts\/34399\/revisions\/34403"}],"wp:featuredmedia":[{"embeddable":true,"href":"https:\/\/www.mpal.mp.br\/index.php?rest_route=\/wp\/v2\/media\/34401"}],"wp:attachment":[{"href":"https:\/\/www.mpal.mp.br\/index.php?rest_route=%2Fwp%2Fv2%2Fmedia&parent=34399"}],"wp:term":[{"taxonomy":"category","embeddable":true,"href":"https:\/\/www.mpal.mp.br\/index.php?rest_route=%2Fwp%2Fv2%2Fcategories&post=34399"},{"taxonomy":"post_tag","embeddable":true,"href":"https:\/\/www.mpal.mp.br\/index.php?rest_route=%2Fwp%2Fv2%2Ftags&post=34399"}],"curies":[{"name":"wp","href":"https:\/\/api.w.org\/{rel}","templated":true}]}}