{"id":34331,"date":"2023-11-30T13:00:46","date_gmt":"2023-11-30T16:00:46","guid":{"rendered":"https:\/\/www.mpal.mp.br\/?p=34331"},"modified":"2024-03-14T09:20:59","modified_gmt":"2024-03-14T12:20:59","slug":"mpal-mpf-e-dpu-obtem-liminar-que-determina-a-braskem-incluir-novos-imoveis-no-programa-de-compensacao","status":"publish","type":"post","link":"https:\/\/www.mpal.mp.br\/?p=34331","title":{"rendered":"MPAL, MPF e DPU obt\u00e9m liminar que determina \u00e0 Braskem incluir novos im\u00f3veis no Programa de Compensa\u00e7\u00e3o"},"content":{"rendered":"<p style=\"text-align: justify;\"><span style=\"font-family: Titillium Web, sans-serif;\"><span style=\"color: #4f4f4f;\">O Minist\u00e9rio P\u00fablico do Estado de Alagoas (MPAL), o Minist\u00e9rio P\u00fablico Federal (MPF) e a Defensoria P\u00fablica da Uni\u00e3o (DPU) obtiveram decis\u00e3o liminar em a\u00e7\u00e3o civil p\u00fablica ajuizada contra a Braskem e o Munic\u00edpio de Macei\u00f3\/AL. A Justi\u00e7a Federal determinou, na manh\u00e3 desta quinta-feira (30), que a Braskem adote provid\u00eancias em rela\u00e7\u00e3o ao novo mapa elaborado pela Defesa Civil Municipal.<\/span><\/span><\/p>\n<p style=\"text-align: justify;\"><span style=\"font-family: Titillium Web, sans-serif;\"><span style=\"color: #4f4f4f;\">As institui\u00e7\u00f5es \u2013 MPAL, MPF e DPU \u2013 foram informadas pela Defesa Civil Municipal sobre a elabora\u00e7\u00e3o de uma nova vers\u00e3o do mapa de risco, com a inclus\u00e3o de mais algumas \u00e1reas apenas para monitoramento. No entanto, considerando que o acordo de indeniza\u00e7\u00f5es, firmado em janeiro de 2020 e aditivado em dezembro de 2020, prev\u00ea a possibilidade de inclus\u00e3o de novos im\u00f3veis em caso de amplia\u00e7\u00e3o do mapa da Defesa Civil, independentemente do n\u00edvel de criticidade, as institui\u00e7\u00f5es buscaram a empresa para um novo aditivo.<\/span><\/span><\/p>\n<p style=\"text-align: justify;\"><span style=\"font-family: Titillium Web, sans-serif;\"><span style=\"color: #4f4f4f;\">Diante da disposi\u00e7\u00e3o da Braskem em negociar, mas sem uma pronta aceita\u00e7\u00e3o da situa\u00e7\u00e3o, e considerando que im\u00f3veis no bairro do Bom Parto est\u00e3o na nova vers\u00e3o do mapa em \u00e1rea de monitoramento, as institui\u00e7\u00f5es ajuizaram uma a\u00e7\u00e3o civil p\u00fablica contra a empresa e contra a Prefeitura.<\/span><\/span><\/p>\n<p style=\"text-align: justify;\"><span style=\"font-family: Titillium Web, sans-serif;\"><span style=\"color: #4f4f4f;\">Em rela\u00e7\u00e3o ao Munic\u00edpio de Macei\u00f3, MPF, MPAL e DPU pediram a divulga\u00e7\u00e3o da nova vers\u00e3o do mapa, devidamente acompanhado do plano de comunica\u00e7\u00e3o apto a garantir o direito de informa\u00e7\u00e3o adequado aos atingidos. As institui\u00e7\u00f5es tamb\u00e9m pediram que a Prefeitura elabore um plano de a\u00e7\u00f5es para a devida identifica\u00e7\u00e3o das vias e equipamentos p\u00fablicos situados na regi\u00e3o e outras situa\u00e7\u00f5es necess\u00e1rias.<\/span><\/span><\/p>\n<p style=\"text-align: justify;\"><span style=\"color: #000000;\"><span style=\"font-family: Titillium Web, sans-serif;\"><strong>Mapa de A\u00e7\u00f5es Priorit\u00e1rias \u00e9 atualizado e amplia \u00e1rea de monitoramento<\/strong><\/span><\/span><\/p>\n<p style=\"text-align: justify;\"><span style=\"color: #4f4f4f;\"><span style=\"font-family: Titillium Web, sans-serif;\"><strong>Criticidade 00<\/strong><\/span><\/span><span style=\"color: #4f4f4f;\"><span style=\"font-family: Titillium Web, sans-serif;\">\u00a0\u2013 Assim, atendendo a estes e todos os demais pedidos das institui\u00e7\u00f5es, a Justi\u00e7a Federal determinou que, em rela\u00e7\u00e3o aos atingidos em \u00e1rea de criticidade 00, a\u00a0 Braskem deve inclu\u00ed-los no Programa de Compensa\u00e7\u00e3o Financeira e Apoio \u00e0 Realoca\u00e7\u00e3o (PCF) da Braskem, cujos im\u00f3veis est\u00e3o localizados na \u00e1rea definida como criticidade 00 pelo Mapa de Linha de A\u00e7\u00f5es Priorit\u00e1rias &#8211; Vers\u00e3o 5, emitido pela Defesa Civil, no ano de 2023.<\/span><\/span><\/p>\n<p style=\"text-align: justify;\"><span style=\"color: #4f4f4f;\"><span style=\"font-family: Titillium Web, sans-serif;\"><strong>Criticidade 01<\/strong><\/span><\/span><span style=\"color: #4f4f4f;\"><span style=\"font-family: Titillium Web, sans-serif;\">\u00a0\u2013 E, tamb\u00e9m atendendo ao pleito das institui\u00e7\u00f5es, a Justi\u00e7a determinou que, em rela\u00e7\u00e3o aos im\u00f3veis em \u00e1rea de criticidade 01, os atingidos possam escolher entre:<\/span><\/span><\/p>\n<ol style=\"text-align: justify;\">\n<li><span style=\"color: #4f4f4f;\"> <span style=\"font-family: Titillium Web, sans-serif;\"><span style=\"font-size: medium;\">Inclus\u00e3o facultativa no Programa de Compensa\u00e7\u00e3o Financeira (PCF);\u00a0<\/span><\/span><\/span><\/li>\n<li><span style=\"font-family: Titillium Web, sans-serif;\"><span style=\"font-size: medium;\"><span style=\"color: #4f4f4f;\">Acesso a um Programa de Repara\u00e7\u00e3o do Dano Material, provocado pela desvaloriza\u00e7\u00e3o do im\u00f3vel, bem como o dano moral sofrido em decorr\u00eancia da inclus\u00e3o do im\u00f3vel na Mapa de Linha de A\u00e7\u00f5es Priorit\u00e1rias &#8211; Vers\u00e3o 5 e em raz\u00e3o do rebaixamento da qualidade de vida, em valor a ser definido em sede de liquida\u00e7\u00e3o de senten\u00e7a, sem a necessidade de desocupa\u00e7\u00e3o\/realoca\u00e7\u00e3o, cujo valor m\u00ednimo poder\u00e1 ser fixado por esse ju\u00edzo.\u00a0<\/span><\/span><\/span><\/li>\n<\/ol>\n<p style=\"text-align: justify;\"><span style=\"font-family: Titillium Web, sans-serif;\"><span style=\"color: #4f4f4f;\">Al\u00e9m disso, a Braskem tamb\u00e9m dever\u00e1 contratar empresa independente e especializada para a identifica\u00e7\u00e3o do dano material dos im\u00f3veis na hip\u00f3tese de decis\u00e3o do atingido de perman\u00eancia na regi\u00e3o com perfil de monitoramento (criticidade 01). A empresa tamb\u00e9m deve contratar assessoria t\u00e9cnica independente e especializada para dar suporte ao atingido na avalia\u00e7\u00e3o dos cen\u00e1rios e tomada de decis\u00e3o entre poss\u00edvel realoca\u00e7\u00e3o ou perman\u00eancia na \u00e1rea.<\/span><\/span><\/p>\n<p style=\"text-align: justify;\"><span style=\"color: #4f4f4f;\"><span style=\"font-family: Titillium Web, sans-serif;\"><strong>Decis\u00e3<\/strong><\/span><\/span><span style=\"color: #4f4f4f;\"><span style=\"font-family: Titillium Web, sans-serif;\"><strong>o<\/strong><\/span><\/span><\/p>\n<p style=\"text-align: justify;\"><span style=\"color: #4f4f4f;\"> <span style=\"font-family: Titillium Web, sans-serif;\">Entre as raz\u00f5es elencadas pelo juiz federal Angelo Cavalcanti Alves de Miranda Neto, em substitui\u00e7\u00e3o na 3\u00aa Vara Federal em Alagoas, est\u00e3o \u201cos fatos novos trazidos ao processo n<\/span><\/span><span style=\"color: #4f4f4f;\"><span style=\"font-family: Titillium Web, sans-serif;\">\u00ba<\/span><\/span><span style=\"color: #4f4f4f;\"><span style=\"font-family: Titillium Web, sans-serif;\"> 0808223-17.2022.4.05.8000 pela pr\u00f3pria empresa mineradora Braskem e a Defesa Civil, os quais indicam risco iminente de deslocamento abrupto do solo e poss\u00edvel sinkhole na regi\u00e3o\u201d.<\/span><\/span><\/p>\n<p style=\"text-align: justify;\"><span style=\"font-family: Titillium Web, sans-serif;\"><span style=\"color: #4f4f4f;\">Assim, o juiz resolveu \u201crever o posicionamento da decis\u00e3o do dia 27\/11\/2023, que havia deferido prazo de 72 horas para manifesta\u00e7\u00e3o antes de aprecia\u00e7\u00e3o do pedido, eis que proferida antes de serem conhecidos os novos fatos\u201d. <\/span><\/span><\/p>\n<p style=\"text-align: justify;\"><span style=\"font-family: Titillium Web, sans-serif;\"><span style=\"color: #4f4f4f;\">Com informa\u00e7\u00f5es da Ascom do MPF.\u00a0<\/span><\/span><\/p>\n","protected":false},"excerpt":{"rendered":"<p> [&hellip;]<\/p>\n","protected":false},"author":17,"featured_media":34336,"comment_status":"open","ping_status":"open","sticky":false,"template":"","format":"standard","meta":{"om_disable_all_campaigns":false,"_monsterinsights_skip_tracking":false,"_monsterinsights_sitenote_active":false,"_monsterinsights_sitenote_note":"","_monsterinsights_sitenote_category":0,"_uf_show_specific_survey":0,"_uf_disable_surveys":false,"footnotes":""},"categories":[56,2],"tags":[],"class_list":["post-34331","post","type-post","status-publish","format-standard","has-post-thumbnail","hentry","category-not_braskem","category-not_mpal"],"aioseo_notices":[],"_links":{"self":[{"href":"https:\/\/www.mpal.mp.br\/index.php?rest_route=\/wp\/v2\/posts\/34331","targetHints":{"allow":["GET"]}}],"collection":[{"href":"https:\/\/www.mpal.mp.br\/index.php?rest_route=\/wp\/v2\/posts"}],"about":[{"href":"https:\/\/www.mpal.mp.br\/index.php?rest_route=\/wp\/v2\/types\/post"}],"author":[{"embeddable":true,"href":"https:\/\/www.mpal.mp.br\/index.php?rest_route=\/wp\/v2\/users\/17"}],"replies":[{"embeddable":true,"href":"https:\/\/www.mpal.mp.br\/index.php?rest_route=%2Fwp%2Fv2%2Fcomments&post=34331"}],"version-history":[{"count":1,"href":"https:\/\/www.mpal.mp.br\/index.php?rest_route=\/wp\/v2\/posts\/34331\/revisions"}],"predecessor-version":[{"id":34332,"href":"https:\/\/www.mpal.mp.br\/index.php?rest_route=\/wp\/v2\/posts\/34331\/revisions\/34332"}],"wp:featuredmedia":[{"embeddable":true,"href":"https:\/\/www.mpal.mp.br\/index.php?rest_route=\/wp\/v2\/media\/34336"}],"wp:attachment":[{"href":"https:\/\/www.mpal.mp.br\/index.php?rest_route=%2Fwp%2Fv2%2Fmedia&parent=34331"}],"wp:term":[{"taxonomy":"category","embeddable":true,"href":"https:\/\/www.mpal.mp.br\/index.php?rest_route=%2Fwp%2Fv2%2Fcategories&post=34331"},{"taxonomy":"post_tag","embeddable":true,"href":"https:\/\/www.mpal.mp.br\/index.php?rest_route=%2Fwp%2Fv2%2Ftags&post=34331"}],"curies":[{"name":"wp","href":"https:\/\/api.w.org\/{rel}","templated":true}]}}