{"id":34141,"date":"2023-11-30T12:00:23","date_gmt":"2023-11-30T15:00:23","guid":{"rendered":"https:\/\/www.mpal.mp.br\/?p=34141"},"modified":"2023-12-06T13:49:01","modified_gmt":"2023-12-06T16:49:01","slug":"mpal-mpf-o-ministerio-publico-federal-mpf-em-alagoas-ministerio-publico-do-estado-de-alagoas-mpal-e-defensoria-publica-da-uniao-dpu-expediram-uma-recomendacao-de-urgencia-para-a-braskem-a-age","status":"publish","type":"post","link":"https:\/\/www.mpal.mp.br\/?p=34141","title":{"rendered":"MPAL, MPF e DPU recomendam a\u00e7\u00f5es imediatas \u00e0 Braskem, ANM e Defesas Civis de Macei\u00f3, Alagoas e Brasil"},"content":{"rendered":"<p style=\"text-align: justify;\">O Minist\u00e9rio P\u00fablico do Estado de Alagoas (MPAL), o Minist\u00e9rio P\u00fablico Federal (MPF) em Alagoas e a Defensoria Publica da Uni\u00e3o (DPU) expediram uma recomenda\u00e7\u00e3o de urg\u00eancia para a Braskem, a Ag\u00eancia Nacional de Minera\u00e7\u00e3o (ANM) e o Sistema de Defesa Civil, a fim de que sejam adotadas provid\u00eancias quanto ao monitoramento da regi\u00e3o afetada pelo afundamento do solo, bem como quanto ao atendimento psicossocial da popula\u00e7\u00e3o impactada pelo alerta de risco emitido nesta quarta-feira (29).<\/p>\n<p style=\"text-align: justify; padding-left: 40px;\"><strong>Monitoramento<\/strong>\u00a0\u2014 A recomenda\u00e7\u00e3o conjunta orienta que as Defesas Civis do Munic\u00edpio de Macei\u00f3, do Estado de Alagoas e Nacional atuem de forma integrada e coordenada em todos os n\u00edveis da Defesa Civil e que intensifiquem todas as provid\u00eancias para monitoramento adequado da regi\u00e3o do Mapa de Linhas de A\u00e7\u00f5es Priorit\u00e1rias e adjac\u00eancias, bem como da bacia do Complexo Lagunar Munda\u00fa-Manguaba (Celmm).<\/p>\n<p style=\"text-align: justify; padding-left: 40px;\"><strong>Comunica\u00e7\u00e3o<\/strong>\u00a0\u2014 O Sistema de Defesa Civil deve tamb\u00e9m adotar provid\u00eancias quanto \u00e0 intensifica\u00e7\u00e3o da comunica\u00e7\u00e3o adequada e respeitosa \u00e0 popula\u00e7\u00e3o em geral, indicando claramente as orienta\u00e7\u00f5es que devem ser seguidas pela popula\u00e7\u00e3o.<\/p>\n<p style=\"text-align: justify; padding-left: 40px;\"><strong>Atendimento social<\/strong>\u00a0\u2014 Tamb\u00e9m devem ser adotadas provid\u00eancias para atendimento social e psicol\u00f3gico das pessoas residentes nas adjac\u00eancias ao Mapa de Linhas de A\u00e7\u00f5es Priorit\u00e1rias, identificando vulnerabilidades f\u00edsicas e emocionais, promovendo o encaminhamento aos servi\u00e7os necess\u00e1rios.<\/p>\n<p style=\"text-align: justify; padding-left: 40px;\"><strong>Realoca\u00e7\u00e3o<\/strong>\u00a0\u2014 As Defesas Civis devem estar atentas que caso seja identificada a necessidade de evacua\u00e7\u00e3o da resid\u00eancia por risco \u00e0 vida e integridade f\u00edsica ou em raz\u00e3o das condi\u00e7\u00f5es socioemocionais, que sejam adotadas as provid\u00eancias necess\u00e1rias para encaminhamento a abrigo tempor\u00e1rio em condi\u00e7\u00f5es dignas.<\/p>\n<p style=\"text-align: justify;\">A ANM deve intensificar o monitoramento das cavidades e das atividades que est\u00e3o sendo realizadas em cumprimento aos planos de fechamento de minas elaborados e aprovados. E deve reexaminar os planos de fechamento de minas at\u00e9 aqui elaborados e aprovados, com indica\u00e7\u00e3o de eventuais novas exig\u00eancias que se mostrem necess\u00e1rias para garantir a seguran\u00e7a das pessoas e das atividades.<\/p>\n<p style=\"text-align: justify;\">Foi recomendado \u00e0 Braskem que arque com os custos necess\u00e1rios e decorrentes da ado\u00e7\u00e3o das medidas requisitadas pelas institui\u00e7\u00f5es.<\/p>\n<p style=\"text-align: justify;\"><strong>Reuni\u00e3o emergencial\u00a0<\/strong>\u2014 Braskem, ANM, Defesas Civis Nacional, Estadual e Municipal e Servi\u00e7o Geol\u00f3gico do Brasil (SGB\/CPRM) foram convocados para uma reuni\u00e3o emergencial pr\u00f3ximo dia 1\u00ba de dezembro, no pr\u00e9dio-sede do MPF em Alagoas, para discutir as causas dos sismos que v\u00eam ocorrendo na regi\u00e3o das frentes de lavra de sal-gema existentes no bairro Mutange e as medidas necess\u00e1rias \u00e0 resolu\u00e7\u00e3o da situa\u00e7\u00e3o.<\/p>\n<p style=\"text-align: justify;\">O Minist\u00e9rio P\u00fablico Federal, a Defensoria P\u00fablica da Uni\u00e3o e o Minist\u00e9rio P\u00fablico do Estado est\u00e3o juntos no acompanhamento da situa\u00e7\u00e3o e firmes no prop\u00f3sito de garantir a integridade f\u00edsica e psicol\u00f3gica das pessoas e o menor impacto ambiental poss\u00edvel.<\/p>\n<p style=\"text-align: justify;\"><sub><strong>Com informa\u00e7\u00f5es da Ascom\/MPF.<\/strong><\/sub><\/p>\n","protected":false},"excerpt":{"rendered":"<p> [&hellip;]<\/p>\n","protected":false},"author":17,"featured_media":34150,"comment_status":"closed","ping_status":"closed","sticky":false,"template":"","format":"standard","meta":{"om_disable_all_campaigns":false,"_monsterinsights_skip_tracking":false,"_monsterinsights_sitenote_active":false,"_monsterinsights_sitenote_note":"","_monsterinsights_sitenote_category":0,"_uf_show_specific_survey":0,"_uf_disable_surveys":false,"footnotes":""},"categories":[56,2],"tags":[],"class_list":["post-34141","post","type-post","status-publish","format-standard","has-post-thumbnail","hentry","category-not_braskem","category-not_mpal"],"aioseo_notices":[],"_links":{"self":[{"href":"https:\/\/www.mpal.mp.br\/index.php?rest_route=\/wp\/v2\/posts\/34141","targetHints":{"allow":["GET"]}}],"collection":[{"href":"https:\/\/www.mpal.mp.br\/index.php?rest_route=\/wp\/v2\/posts"}],"about":[{"href":"https:\/\/www.mpal.mp.br\/index.php?rest_route=\/wp\/v2\/types\/post"}],"author":[{"embeddable":true,"href":"https:\/\/www.mpal.mp.br\/index.php?rest_route=\/wp\/v2\/users\/17"}],"replies":[{"embeddable":true,"href":"https:\/\/www.mpal.mp.br\/index.php?rest_route=%2Fwp%2Fv2%2Fcomments&post=34141"}],"version-history":[{"count":6,"href":"https:\/\/www.mpal.mp.br\/index.php?rest_route=\/wp\/v2\/posts\/34141\/revisions"}],"predecessor-version":[{"id":34153,"href":"https:\/\/www.mpal.mp.br\/index.php?rest_route=\/wp\/v2\/posts\/34141\/revisions\/34153"}],"wp:featuredmedia":[{"embeddable":true,"href":"https:\/\/www.mpal.mp.br\/index.php?rest_route=\/wp\/v2\/media\/34150"}],"wp:attachment":[{"href":"https:\/\/www.mpal.mp.br\/index.php?rest_route=%2Fwp%2Fv2%2Fmedia&parent=34141"}],"wp:term":[{"taxonomy":"category","embeddable":true,"href":"https:\/\/www.mpal.mp.br\/index.php?rest_route=%2Fwp%2Fv2%2Fcategories&post=34141"},{"taxonomy":"post_tag","embeddable":true,"href":"https:\/\/www.mpal.mp.br\/index.php?rest_route=%2Fwp%2Fv2%2Ftags&post=34141"}],"curies":[{"name":"wp","href":"https:\/\/api.w.org\/{rel}","templated":true}]}}