{"id":34042,"date":"2023-11-29T09:10:46","date_gmt":"2023-11-29T12:10:46","guid":{"rendered":"https:\/\/www.mpal.mp.br\/?p=34042"},"modified":"2023-11-29T09:10:46","modified_gmt":"2023-11-29T12:10:46","slug":"ministerio-publico-aciona-a-justica-para-que-o-municipio-de-maceio-implante-mais-oito-residencias-terapeuticas","status":"publish","type":"post","link":"https:\/\/www.mpal.mp.br\/?p=34042","title":{"rendered":"Minist\u00e9rio P\u00fablico aciona a Justi\u00e7a para que o Munic\u00edpio de Macei\u00f3 implante mais oito resid\u00eancias terap\u00eauticas"},"content":{"rendered":"<p align=\"justify\"><span style=\"font-family: helvetica, arial, sans-serif; font-size: 10pt;\">Promover qualidade de vida, ofertar acolhimento indispens\u00e1vel como complemento ao atendimento psiqui\u00e1trico, auxiliar na recupera\u00e7\u00e3o, executar o que \u00e9 estabelecido pelo Minist\u00e9rio da Sa\u00fade. Convicto dessas necessidades, o Minist\u00e9rio P\u00fablico de Alagoas (MPAL), atrav\u00e9s da 67\u00aa de Justi\u00e7a da Capital (da Sa\u00fade Municipal), entrou com pedido judicial em desfavor do Munic\u00edpio de Macei\u00f3, pleiteando a implementa\u00e7\u00e3o de mais oito Resid\u00eancias Terap\u00eauticas ( RT\u2019s), al\u00e9m da manuten\u00e7\u00e3o das sete j\u00e1 existentes. Na peti\u00e7\u00e3o, o promotor de Justi\u00e7a Luciano Romero afirma que o Munic\u00edpio de Macei\u00f3 tem meios suficientes para arcar com a institui\u00e7\u00e3o e manuten\u00e7\u00e3o das unidades. <\/span><\/p>\n<p align=\"justify\"><span style=\"font-family: helvetica, arial, sans-serif; font-size: 10pt;\">No momento, em Macei\u00f3, existem quatro Resid\u00eancias Terap\u00eauticas para o p\u00fablico masculino e outras quatro para o feminino.<\/span><\/p>\n<p align=\"justify\"><span style=\"font-family: helvetica, arial, sans-serif; font-size: 10pt;\">\u201cElas devem dar suporte \u00e0s pessoas com doen\u00e7as mentais e que necessitam de interna\u00e7\u00e3o de longa perman\u00eancia. Esse acolhimento, que sequencia o atendimento hospitalar psiqui\u00e1trico, contribui para melhor recupera\u00e7\u00e3o e surte efeito preventivo pois, nesses espa\u00e7os, com o acompanhamento espec\u00edfico, os pacientes podem se distanciar das crises e ter uma nova vida. Em Macei\u00f3, as sete unidades est\u00e3o com capacidade m\u00e1xima e, por determina\u00e7\u00e3o do Minist\u00e9rio da Sa\u00fade, cada deve acomodar, no m\u00e1ximo, dez moradores\u201d, ressalta o promotor Luciano Romero.<\/span><\/p>\n<p align=\"justify\"><span style=\"font-family: helvetica, arial, sans-serif; font-size: 10pt;\">O titular da 67\u00aa Promotoria de Justi\u00e7a relata que, pela insufici\u00eancia de RT\u2019s na capital alagoana, neste momento, h\u00e1 15 pacientes de longa perman\u00eancia internados, provisoriamente, no Hospital Ulysses Pernambucano, e mais 18 no Hospital Escola Portugal Ramalho, al\u00e9m dos 15 pacientes registrados no banco de dados da Secretaria Municipal de Sa\u00fade aguardando a disponibiliza\u00e7\u00e3o dessas vagas. <\/span><\/p>\n<p align=\"justify\"><span style=\"font-family: helvetica, arial, sans-serif; font-size: 10pt;\"><b>Lei n\u00ba 10.216\/2021<\/b><\/span><\/p>\n<p align=\"justify\"><span style=\"font-family: helvetica, arial, sans-serif; font-size: 10pt;\">Preocupado com essa situa\u00e7\u00e3o, o Minist\u00e9rio P\u00fablico ainda adverte para a Pol\u00edtica de Desinstitucionaliza\u00e7\u00e3o, normatizada atrav\u00e9s da Lei n\u00ba 10.216\/2021, que estabelece um novo modelo de assist\u00eancia na \u00e1rea de sa\u00fade mental, baseado na desospitaliza\u00e7\u00e3o dos manic\u00f4mios.<\/span><\/p>\n<p align=\"justify\"><span style=\"font-family: helvetica, arial, sans-serif; font-size: 10pt;\">\u201cJ\u00e1 foi implementado um novo modelo de atendimento, inclusive para quem cumpre penas nos manic\u00f4mios judici\u00e1rios, porque houve o entendimento de que a assist\u00eancia domiciliar por profissionais de sa\u00fade \u00e9 mais humanizada. Vale salientar que custa menos aos cofres p\u00fablicos municipais manter interna\u00e7\u00f5es em Resid\u00eancias Terap\u00eauticas em detrimento de interna\u00e7\u00f5es em hospitais psiqui\u00e1tricos, nos termos da documenta\u00e7\u00e3o acostada ao pedido, resultando numa melhor aplica\u00e7\u00e3o dos recursos p\u00fablicos, conforme disp\u00f5e o princ\u00edpio da economicidade. Todavia, o Ente at\u00e9 agora n\u00e3o se manifestou sobre a problem\u00e1tica\u201d, esclarece o promotor.\u201d, esclarece o promotor.<\/span><\/p>\n<p align=\"justify\"><span style=\"font-family: helvetica, arial, sans-serif; font-size: 10pt;\">O Conselho Nacional de Justi\u00e7a, por interm\u00e9dio da Resolu\u00e7\u00e3o n\u00ba 487\/2023, estabeleceu diretrizes para a implementa\u00e7\u00e3o dessa Pol\u00edtica no \u00e2mbito do Poder Judici\u00e1rio, determinado que, at\u00e9 maio de 2024, os internos em centros psiqui\u00e1tricos sejam transferidos para Resid\u00eancias Terap\u00eauticas.<\/span><\/p>\n","protected":false},"excerpt":{"rendered":"<p> [&hellip;]<\/p>\n","protected":false},"author":8,"featured_media":29741,"comment_status":"open","ping_status":"open","sticky":false,"template":"","format":"standard","meta":{"om_disable_all_campaigns":false,"_monsterinsights_skip_tracking":false,"_monsterinsights_sitenote_active":false,"_monsterinsights_sitenote_note":"","_monsterinsights_sitenote_category":0,"_uf_show_specific_survey":0,"_uf_disable_surveys":false,"footnotes":""},"categories":[50],"tags":[],"class_list":["post-34042","post","type-post","status-publish","format-standard","has-post-thumbnail","hentry","category-not_saude"],"aioseo_notices":[],"_links":{"self":[{"href":"https:\/\/www.mpal.mp.br\/index.php?rest_route=\/wp\/v2\/posts\/34042","targetHints":{"allow":["GET"]}}],"collection":[{"href":"https:\/\/www.mpal.mp.br\/index.php?rest_route=\/wp\/v2\/posts"}],"about":[{"href":"https:\/\/www.mpal.mp.br\/index.php?rest_route=\/wp\/v2\/types\/post"}],"author":[{"embeddable":true,"href":"https:\/\/www.mpal.mp.br\/index.php?rest_route=\/wp\/v2\/users\/8"}],"replies":[{"embeddable":true,"href":"https:\/\/www.mpal.mp.br\/index.php?rest_route=%2Fwp%2Fv2%2Fcomments&post=34042"}],"version-history":[{"count":1,"href":"https:\/\/www.mpal.mp.br\/index.php?rest_route=\/wp\/v2\/posts\/34042\/revisions"}],"predecessor-version":[{"id":34043,"href":"https:\/\/www.mpal.mp.br\/index.php?rest_route=\/wp\/v2\/posts\/34042\/revisions\/34043"}],"wp:featuredmedia":[{"embeddable":true,"href":"https:\/\/www.mpal.mp.br\/index.php?rest_route=\/wp\/v2\/media\/29741"}],"wp:attachment":[{"href":"https:\/\/www.mpal.mp.br\/index.php?rest_route=%2Fwp%2Fv2%2Fmedia&parent=34042"}],"wp:term":[{"taxonomy":"category","embeddable":true,"href":"https:\/\/www.mpal.mp.br\/index.php?rest_route=%2Fwp%2Fv2%2Fcategories&post=34042"},{"taxonomy":"post_tag","embeddable":true,"href":"https:\/\/www.mpal.mp.br\/index.php?rest_route=%2Fwp%2Fv2%2Ftags&post=34042"}],"curies":[{"name":"wp","href":"https:\/\/api.w.org\/{rel}","templated":true}]}}