{"id":33375,"date":"2023-11-10T09:26:36","date_gmt":"2023-11-10T12:26:36","guid":{"rendered":"https:\/\/www.mpal.mp.br\/?p=33375"},"modified":"2023-11-10T16:50:23","modified_gmt":"2023-11-10T19:50:23","slug":"em-palmeira-dos-indios-suspeito-de-agredir-esposa-e-filha-tem-prisao-preventiva-decretada-apos-pedido-do-mpal","status":"publish","type":"post","link":"https:\/\/www.mpal.mp.br\/?p=33375","title":{"rendered":"Em Palmeira dos \u00cdndios, suspeito de agredir esposa e filha tem pris\u00e3o preventiva decretada ap\u00f3s pedido do MP"},"content":{"rendered":"<p style=\"text-align: justify;\">Nesta quinta-feira (09), o Minist\u00e9rio P\u00fablico de Alagoas requereu, durante audi\u00eancia de cust\u00f3dia, a convers\u00e3o da pris\u00e3o em flagrante em pris\u00e3o preventiva de homem suspeito de agredir sua esposa e filha, crime que teria ocorrido em Palmeira dos \u00cdndios. Por conta da gravidade dos fatos, o pedido do MP foi acatado pela Justi\u00e7a, destaca o promotor de Justi\u00e7a M\u00e1rcio D\u00f3ria.<\/p>\n<p style=\"text-align: justify;\">&#8220;Tomamos ci\u00eancia, inclusive, que as agress\u00f5es contra a mulher ocorreram com o uso de arma branca, que foi apreendida. Por conta desse cen\u00e1rio de viol\u00eancia, decidimos pedir pela convers\u00e3o da pris\u00e3o em flagrante em pris\u00e3o preventiva, garantindo, dessa forma, o bem-estar dessa fam\u00edlia&#8221;, afirmou o promotor de Justi\u00e7a.<\/p>\n<p style=\"text-align: justify;\">Os pr\u00f3prios policiais que atenderam a ocorr\u00eancia, no dia 08 de novembro, presenciaram o homem amea\u00e7ando a sua esposa. Ela e sua filha foram encaminhadas a uma Unidade de Pronto Atendimento para receber a aten\u00e7\u00e3o em sa\u00fade necess\u00e1ria.<\/p>\n","protected":false},"excerpt":{"rendered":"<p> [&hellip;]<\/p>\n","protected":false},"author":6,"featured_media":33383,"comment_status":"open","ping_status":"open","sticky":false,"template":"","format":"standard","meta":{"om_disable_all_campaigns":false,"_monsterinsights_skip_tracking":false,"_monsterinsights_sitenote_active":false,"_monsterinsights_sitenote_note":"","_monsterinsights_sitenote_category":0,"_uf_show_specific_survey":0,"_uf_disable_surveys":false,"footnotes":""},"categories":[2,52],"tags":[],"class_list":["post-33375","post","type-post","status-publish","format-standard","has-post-thumbnail","hentry","category-not_mpal","category-not_seguranca_publica"],"aioseo_notices":[],"_links":{"self":[{"href":"https:\/\/www.mpal.mp.br\/index.php?rest_route=\/wp\/v2\/posts\/33375","targetHints":{"allow":["GET"]}}],"collection":[{"href":"https:\/\/www.mpal.mp.br\/index.php?rest_route=\/wp\/v2\/posts"}],"about":[{"href":"https:\/\/www.mpal.mp.br\/index.php?rest_route=\/wp\/v2\/types\/post"}],"author":[{"embeddable":true,"href":"https:\/\/www.mpal.mp.br\/index.php?rest_route=\/wp\/v2\/users\/6"}],"replies":[{"embeddable":true,"href":"https:\/\/www.mpal.mp.br\/index.php?rest_route=%2Fwp%2Fv2%2Fcomments&post=33375"}],"version-history":[{"count":6,"href":"https:\/\/www.mpal.mp.br\/index.php?rest_route=\/wp\/v2\/posts\/33375\/revisions"}],"predecessor-version":[{"id":33402,"href":"https:\/\/www.mpal.mp.br\/index.php?rest_route=\/wp\/v2\/posts\/33375\/revisions\/33402"}],"wp:featuredmedia":[{"embeddable":true,"href":"https:\/\/www.mpal.mp.br\/index.php?rest_route=\/wp\/v2\/media\/33383"}],"wp:attachment":[{"href":"https:\/\/www.mpal.mp.br\/index.php?rest_route=%2Fwp%2Fv2%2Fmedia&parent=33375"}],"wp:term":[{"taxonomy":"category","embeddable":true,"href":"https:\/\/www.mpal.mp.br\/index.php?rest_route=%2Fwp%2Fv2%2Fcategories&post=33375"},{"taxonomy":"post_tag","embeddable":true,"href":"https:\/\/www.mpal.mp.br\/index.php?rest_route=%2Fwp%2Fv2%2Ftags&post=33375"}],"curies":[{"name":"wp","href":"https:\/\/api.w.org\/{rel}","templated":true}]}}