{"id":33285,"date":"2023-11-08T10:30:30","date_gmt":"2023-11-08T13:30:30","guid":{"rendered":"https:\/\/www.mpal.mp.br\/?p=33285"},"modified":"2023-11-09T09:23:18","modified_gmt":"2023-11-09T12:23:18","slug":"em-reuniao-mpal-discute-a-conferencia-nacional-de-educacao-2024","status":"publish","type":"post","link":"https:\/\/www.mpal.mp.br\/?p=33285","title":{"rendered":"Em reuni\u00e3o, MPAL discute a realiza\u00e7\u00e3o da Confer\u00eancia Nacional de Educa\u00e7\u00e3o 2024"},"content":{"rendered":"<p style=\"text-align: justify;\">O Minist\u00e9rio P\u00fablico de Alagoas (MPAL) realizou reuni\u00e3o nesta ter\u00e7a-feira (07) para tratar sobre a Confer\u00eancia Nacional Extraordin\u00e1ria de Educa\u00e7\u00e3o 2024. No encontro, os participantes discutiram a etapa estadual da confer\u00eancia, que ter\u00e1 como tema a implementa\u00e7\u00e3o do Plano Nacional de Educa\u00e7\u00e3o 2024-2034.<\/p>\n<p style=\"text-align: justify;\">A Confer\u00eancia Nacional tem car\u00e1ter deliberativo e, em 2024, dever\u00e1 resultar em um conjunto de propostas voltadas \u00e0 implementa\u00e7\u00e3o do novo Plano Nacional de Educa\u00e7\u00e3o (PNE) no contexto da cria\u00e7\u00e3o do Sistema Nacional de Educa\u00e7\u00e3o (SNE). Para isso, dever\u00e1 garantir a participa\u00e7\u00e3o social, a coopera\u00e7\u00e3o federativa e o regime de colabora\u00e7\u00e3o.<\/p>\n<p style=\"text-align: justify;\">\u201cA elabora\u00e7\u00e3o de um novo plano nacional precisa respeitar as suas etapas distintas, conferindo ao documento o car\u00e1ter democr\u00e1tico, previsto na Constitui\u00e7\u00e3o Federal. Nesse sentido, a atua\u00e7\u00e3o do Minist\u00e9rio P\u00fablico \u00e9 fundamental para que tenhamos um plano eficiente, sem retrocessos\u201d, destacou o promotor de Justi\u00e7a Kleber Valadares.<\/p>\n<p style=\"text-align: justify;\"><span style=\"font-size: 14pt;\"><strong>Fiscaliza\u00e7\u00e3o<\/strong><\/span><\/p>\n<p style=\"text-align: justify;\">Um dos pontos destacados durante a reuni\u00e3o foi a necessidade de monitoramento do novo Plano Nacional por parte do Minist\u00e9rio P\u00fablico, desde a sua elabora\u00e7\u00e3o at\u00e9 a implementa\u00e7\u00e3o. Para o promotor de Justi\u00e7a Lucas Sachsida, esse \u00e9 um fator essencial para que as metas trazidas pelo documento sejam cumpridas de fato.<\/p>\n<p style=\"text-align: justify;\">&#8220;\u00c9 dever do MP zelar para que a elabora\u00e7\u00e3o do novo PNE respeite o princ\u00edpio do n\u00e3o retrocesso e contenha normas claras de financiamento, fiscaliza\u00e7\u00e3o e responsabiliza\u00e7\u00e3o em caso de descumprimento. Esse, inclusive, foi um ponto trazido por n\u00f3s em audi\u00eancia p\u00fablica realizada no Senado em maio deste ano&#8221;, afirmou.<\/p>\n<p style=\"text-align: justify;\">Participaram da reuni\u00e3o os promotores de Justi\u00e7a Lucas Sachsida e Kleber Valadares, que integram o N\u00facleo de Defesa da Educa\u00e7\u00e3o do MPAL; Maria das Gra\u00e7as Correia Gomes, do F\u00f3rum Estadual Permanente de Educa\u00e7\u00e3o de Alagoas; e Sueleide Barbosa Duarte, secret\u00e1ria-executiva de Desenvolvimento da Educa\u00e7\u00e3o e Coopera\u00e7\u00e3o com os Munic\u00edpios.<\/p>\n","protected":false},"excerpt":{"rendered":"<p> [&hellip;]<\/p>\n","protected":false},"author":6,"featured_media":33327,"comment_status":"open","ping_status":"open","sticky":false,"template":"","format":"standard","meta":{"om_disable_all_campaigns":false,"_monsterinsights_skip_tracking":false,"_monsterinsights_sitenote_active":false,"_monsterinsights_sitenote_note":"","_monsterinsights_sitenote_category":0,"_uf_show_specific_survey":0,"_uf_disable_surveys":false,"footnotes":""},"categories":[51,2],"tags":[],"class_list":["post-33285","post","type-post","status-publish","format-standard","has-post-thumbnail","hentry","category-not_educacao","category-not_mpal"],"aioseo_notices":[],"_links":{"self":[{"href":"https:\/\/www.mpal.mp.br\/index.php?rest_route=\/wp\/v2\/posts\/33285","targetHints":{"allow":["GET"]}}],"collection":[{"href":"https:\/\/www.mpal.mp.br\/index.php?rest_route=\/wp\/v2\/posts"}],"about":[{"href":"https:\/\/www.mpal.mp.br\/index.php?rest_route=\/wp\/v2\/types\/post"}],"author":[{"embeddable":true,"href":"https:\/\/www.mpal.mp.br\/index.php?rest_route=\/wp\/v2\/users\/6"}],"replies":[{"embeddable":true,"href":"https:\/\/www.mpal.mp.br\/index.php?rest_route=%2Fwp%2Fv2%2Fcomments&post=33285"}],"version-history":[{"count":4,"href":"https:\/\/www.mpal.mp.br\/index.php?rest_route=\/wp\/v2\/posts\/33285\/revisions"}],"predecessor-version":[{"id":33328,"href":"https:\/\/www.mpal.mp.br\/index.php?rest_route=\/wp\/v2\/posts\/33285\/revisions\/33328"}],"wp:featuredmedia":[{"embeddable":true,"href":"https:\/\/www.mpal.mp.br\/index.php?rest_route=\/wp\/v2\/media\/33327"}],"wp:attachment":[{"href":"https:\/\/www.mpal.mp.br\/index.php?rest_route=%2Fwp%2Fv2%2Fmedia&parent=33285"}],"wp:term":[{"taxonomy":"category","embeddable":true,"href":"https:\/\/www.mpal.mp.br\/index.php?rest_route=%2Fwp%2Fv2%2Fcategories&post=33285"},{"taxonomy":"post_tag","embeddable":true,"href":"https:\/\/www.mpal.mp.br\/index.php?rest_route=%2Fwp%2Fv2%2Ftags&post=33285"}],"curies":[{"name":"wp","href":"https:\/\/api.w.org\/{rel}","templated":true}]}}