{"id":32963,"date":"2023-10-27T11:42:00","date_gmt":"2023-10-27T14:42:00","guid":{"rendered":"https:\/\/www.mpal.mp.br\/?p=32963"},"modified":"2024-08-06T10:29:18","modified_gmt":"2024-08-06T13:29:18","slug":"mpal-procurador-geral-de-justica-empossa-mais-duas-tecnicas-aprovadas-no-ultimo-concurso","status":"publish","type":"post","link":"https:\/\/www.mpal.mp.br\/?p=32963","title":{"rendered":"MPAL: Procurador-geral de Justi\u00e7a empossa mais duas t\u00e9cnicas aprovadas no \u00faltimo concurso"},"content":{"rendered":"<div class=\"fusion-fullwidth fullwidth-box fusion-builder-row-1 nonhundred-percent-fullwidth non-hundred-percent-height-scrolling\"  style='background-color: #ffffff;background-position: center center;background-repeat: no-repeat;padding-top:0px;padding-right:0px;padding-bottom:0px;padding-left:0px;'><div class=\"fusion-builder-row fusion-row \"><div  class=\"fusion-layout-column fusion_builder_column fusion_builder_column_1_1 fusion-builder-column-1 fusion-one-full fusion-column-first fusion-column-last 1_1\"  style='margin-top:0px;margin-bottom:0px;'>\n\t\t\t\t\t<div class=\"fusion-column-wrapper\" style=\"padding: 0px 0px 0px 0px;background-position:left top;background-repeat:no-repeat;-webkit-background-size:cover;-moz-background-size:cover;-o-background-size:cover;background-size:cover;\"   data-bg-url=\"\">\n\t\t\t\t\t\t<div class=\"fusion-text\"><p style=\"text-align: justify;\">No dia que antecede o do servidor, o procurador-geral de Justi\u00e7a, M\u00e1rcio Roberto Ten\u00f3rio de Albuquerque, recepciona e empossa, em seu gabinete, duas novas t\u00e9cnicas que, a partir de agora, integram a fam\u00edlia Minist\u00e9rio P\u00fablico de Alagoas (MPAL). A solenidade teve participa\u00e7\u00e3o do chefe de gabinete, promotor de Justi\u00e7a Humberto Bulh\u00f5es, do diretor-geral Carlos Eduardo \u00c1vila, e da diretora de Recursos Humanos, Dilma Alves de Queir\u00f3z.<\/p>\n<p style=\"text-align: justify;\">O chefe ministerial deu as boas-vindas \u00e0s novas integrantes enfatizando que a institui\u00e7\u00e3o \u00e9 um \u00f3rg\u00e3o importante para a sociedade, valoriza membros e servidores, no mesmo patamar, e que tem por obriga\u00e7\u00e3o tratar a todos com respeito, dos mais antigos aos rec\u00e9m-chegados e colocou-se \u00e0 disposi\u00e7\u00e3o.<\/p>\n<p style=\"text-align: justify;\">\u201cO que posso falar para ambas \u00e9 que o Minist\u00e9rio P\u00fablico prima pela democracia, somos uma institui\u00e7\u00e3o republicana onde impera o respeito e a dedica\u00e7\u00e3o ao trabalho. Temos procuradores e promotores de Justi\u00e7a e os servidores que s\u00e3o a base que sustenta a institui\u00e7\u00e3o nas suas atividades meio e, para n\u00f3s, n\u00e3o h\u00e1 diferen\u00e7a entre uns e outros, todos somos servidores do estado de Alagoas. Posso assegurar que n\u00e3o se admite aqui qualquer tipo de ass\u00e9dio, seja sexual ou moral, quanto ao procurador-geral, caso necessitem, a porta do gabinete estar\u00e1 sempre aberta. Dito isso, desejo a voc\u00eas prof\u00edcua estada em nossa institui\u00e7\u00e3o certo de que, com o tempo, voc\u00eas sentir\u00e3o o mesmo orgulho de a ela pertencerem\u201d, declarou o PGJ.<\/p>\n<p style=\"text-align: justify;\">M\u00e1rcio Roberto tamb\u00e9m falou sobre o Plano de Cargos e Carreira afirmando que dificilmente quem entra no Minist\u00e9rio P\u00fablico desiste de pertencer ao seu quadro. Antes da assinatura desejou sucesso \u00e0s novas t\u00e9cnicas.<\/p>\n<p style=\"text-align: justify;\">Larissa Lima Correia e Daniela Higino Costa ser\u00e3o designadas para auxiliar os promotores de Justi\u00e7a Alexandra Beurlen e Thiaho Riff. Elas tamb\u00e9m falaram da emo\u00e7\u00e3o vivida nesse momento que consideram importantes.<\/p>\n<p style=\"text-align: justify;\">\u201cEstou muito feliz, pois quando estava estudando para o concurso daqui tamb\u00e9m estudava para o concurso da Uni\u00e3o, mas me aprofundando sobre as fun\u00e7\u00f5es do MP , tomando mais conhecimento sobre suas a\u00e7\u00f5es, fiquei muito interessada . Percebi a import\u00e2ncia do Minist\u00e9rio P\u00fablico e meu interesse por ele cresceu. Sera um prazer enorme pertencer ao seu quadro, espero contribuir\u201d, disse Larissa Lima.<\/p>\n<p style=\"text-align: justify;\">\u201cAgrade\u00e7o primeiro a Deus, depois reconhe\u00e7o todo meu percurso de estudo. Hoje tenho a certeza de que vale a pena estudar, porque um dia se atinge os objetivos. Desde que saiu a nomea\u00e7\u00e3o no Di\u00e1rio, passado o per\u00edodo de exames admissionais, n\u00e3o via a hora de chegar esse momento da posse. E ele chegou. Estou aqui pra ser a servidora do Minist\u00e9rio P\u00fablico e com ele contribuir da melhor forma\u201d, afirmou Daniela.<\/p>\n<p style=\"text-align: justify;\"><sub><strong>Fotos: Claudemir Mota<\/strong><\/sub><\/p>\n<\/div><style type=\"text\/css\">.fusion-gallery-1 .fusion-gallery-image {border:0px solid #f6f6f6;-webkit-border-radius:5px;-moz-border-radius:5px;border-radius:5px;}<\/style><div class=\"fusion-gallery fusion-gallery-container fusion-grid-3 fusion-columns-total-0 fusion-gallery-layout-grid fusion-gallery-1\" style=\"margin:-5px;\"><div style=\"padding:5px;\" class=\"fusion-grid-column fusion-gallery-column fusion-gallery-column-3 hover-type-none\"><div class=\"fusion-gallery-image\"><a href=\"https:\/\/www.mpal.mp.br\/wp-content\/uploads\/2023\/10\/posse6.jpg\" rel=\"noreferrer\" data-rel=\"iLightbox[gallery_image_1]\" class=\"fusion-lightbox\" target=\"_self\"><img loading=\"lazy\" decoding=\"async\" src=\"https:\/\/www.mpal.mp.br\/wp-content\/uploads\/2023\/10\/posse6.jpg\" width=\"1170\" height=\"1600\" alt=\"\" title=\"posse6\" aria-label=\"posse6\" class=\"img-responsive wp-image-32968\" \/><\/a><\/div><\/div><div style=\"padding:5px;\" class=\"fusion-grid-column fusion-gallery-column fusion-gallery-column-3 hover-type-none\"><div class=\"fusion-gallery-image\"><a href=\"https:\/\/www.mpal.mp.br\/wp-content\/uploads\/2023\/10\/posse5.jpg\" rel=\"noreferrer\" data-rel=\"iLightbox[gallery_image_1]\" class=\"fusion-lightbox\" target=\"_self\"><img loading=\"lazy\" decoding=\"async\" src=\"https:\/\/www.mpal.mp.br\/wp-content\/uploads\/2023\/10\/posse5.jpg\" width=\"1300\" height=\"1599\" alt=\"\" title=\"posse5\" aria-label=\"posse5\" class=\"img-responsive wp-image-32967\" \/><\/a><\/div><\/div><div style=\"padding:5px;\" class=\"fusion-grid-column fusion-gallery-column fusion-gallery-column-3 hover-type-none\"><div class=\"fusion-gallery-image\"><a href=\"https:\/\/www.mpal.mp.br\/wp-content\/uploads\/2023\/10\/posse4.jpg\" rel=\"noreferrer\" data-rel=\"iLightbox[gallery_image_1]\" class=\"fusion-lightbox\" target=\"_self\"><img loading=\"lazy\" decoding=\"async\" src=\"https:\/\/www.mpal.mp.br\/wp-content\/uploads\/2023\/10\/posse4.jpg\" width=\"1200\" height=\"800\" alt=\"\" title=\"posse4\" aria-label=\"posse4\" class=\"img-responsive wp-image-32966\" \/><\/a><\/div><\/div><div class=\"clearfix\"><\/div><\/div><style type=\"text\/css\">.fusion-gallery-2 .fusion-gallery-image {border:0px solid #f6f6f6;-webkit-border-radius:5px;-moz-border-radius:5px;border-radius:5px;}<\/style><div class=\"fusion-gallery fusion-gallery-container fusion-grid-3 fusion-columns-total-0 fusion-gallery-layout-grid fusion-gallery-2\" style=\"margin:-5px;\"><div style=\"padding:5px;\" class=\"fusion-grid-column fusion-gallery-column fusion-gallery-column-3 hover-type-none\"><div class=\"fusion-gallery-image\"><a href=\"https:\/\/www.mpal.mp.br\/wp-content\/uploads\/2023\/10\/posse7.jpg\" rel=\"noreferrer\" data-rel=\"iLightbox[gallery_image_2]\" class=\"fusion-lightbox\" target=\"_self\"><img loading=\"lazy\" decoding=\"async\" src=\"https:\/\/www.mpal.mp.br\/wp-content\/uploads\/2023\/10\/posse7.jpg\" width=\"1600\" height=\"1223\" alt=\"\" title=\"posse7\" aria-label=\"posse7\" class=\"img-responsive wp-image-32969\" \/><\/a><\/div><\/div><div style=\"padding:5px;\" class=\"fusion-grid-column fusion-gallery-column fusion-gallery-column-3 hover-type-none\"><div class=\"fusion-gallery-image\"><a href=\"https:\/\/www.mpal.mp.br\/wp-content\/uploads\/2023\/10\/posse8.jpg\" rel=\"noreferrer\" data-rel=\"iLightbox[gallery_image_2]\" class=\"fusion-lightbox\" target=\"_self\"><img loading=\"lazy\" decoding=\"async\" src=\"https:\/\/www.mpal.mp.br\/wp-content\/uploads\/2023\/10\/posse8.jpg\" width=\"1200\" height=\"800\" alt=\"\" title=\"posse8\" aria-label=\"posse8\" class=\"img-responsive wp-image-32970\" \/><\/a><\/div><\/div><\/div><div class=\"fusion-clearfix\"><\/div>\n\n\t\t\t\t\t<\/div>\n\t\t\t\t<\/div><\/div><\/div>\n","protected":false},"excerpt":{"rendered":"","protected":false},"author":8,"featured_media":33198,"comment_status":"closed","ping_status":"closed","sticky":false,"template":"","format":"standard","meta":{"om_disable_all_campaigns":false,"_monsterinsights_skip_tracking":false,"_monsterinsights_sitenote_active":false,"_monsterinsights_sitenote_note":"","_monsterinsights_sitenote_category":0,"_uf_show_specific_survey":0,"_uf_disable_surveys":false,"footnotes":""},"categories":[18,2],"tags":[],"class_list":["post-32963","post","type-post","status-publish","format-standard","has-post-thumbnail","hentry","category-not_concursos","category-not_mpal"],"aioseo_notices":[],"_links":{"self":[{"href":"https:\/\/www.mpal.mp.br\/index.php?rest_route=\/wp\/v2\/posts\/32963","targetHints":{"allow":["GET"]}}],"collection":[{"href":"https:\/\/www.mpal.mp.br\/index.php?rest_route=\/wp\/v2\/posts"}],"about":[{"href":"https:\/\/www.mpal.mp.br\/index.php?rest_route=\/wp\/v2\/types\/post"}],"author":[{"embeddable":true,"href":"https:\/\/www.mpal.mp.br\/index.php?rest_route=\/wp\/v2\/users\/8"}],"replies":[{"embeddable":true,"href":"https:\/\/www.mpal.mp.br\/index.php?rest_route=%2Fwp%2Fv2%2Fcomments&post=32963"}],"version-history":[{"count":2,"href":"https:\/\/www.mpal.mp.br\/index.php?rest_route=\/wp\/v2\/posts\/32963\/revisions"}],"predecessor-version":[{"id":33199,"href":"https:\/\/www.mpal.mp.br\/index.php?rest_route=\/wp\/v2\/posts\/32963\/revisions\/33199"}],"wp:featuredmedia":[{"embeddable":true,"href":"https:\/\/www.mpal.mp.br\/index.php?rest_route=\/wp\/v2\/media\/33198"}],"wp:attachment":[{"href":"https:\/\/www.mpal.mp.br\/index.php?rest_route=%2Fwp%2Fv2%2Fmedia&parent=32963"}],"wp:term":[{"taxonomy":"category","embeddable":true,"href":"https:\/\/www.mpal.mp.br\/index.php?rest_route=%2Fwp%2Fv2%2Fcategories&post=32963"},{"taxonomy":"post_tag","embeddable":true,"href":"https:\/\/www.mpal.mp.br\/index.php?rest_route=%2Fwp%2Fv2%2Ftags&post=32963"}],"curies":[{"name":"wp","href":"https:\/\/api.w.org\/{rel}","templated":true}]}}