{"id":32748,"date":"2023-10-23T12:29:53","date_gmt":"2023-10-23T15:29:53","guid":{"rendered":"https:\/\/www.mpal.mp.br\/?p=32748"},"modified":"2023-10-27T10:43:17","modified_gmt":"2023-10-27T13:43:17","slug":"corregedoria-geral-campanha-esclarece-papel-de-orientacao-e-fiscalizacao-do-orgao-interno-do-ministerio-publico","status":"publish","type":"post","link":"https:\/\/www.mpal.mp.br\/?p=32748","title":{"rendered":"Corregedoria-Geral: campanha esclarece papel de orienta\u00e7\u00e3o e fiscaliza\u00e7\u00e3o do \u00f3rg\u00e3o interno do Minist\u00e9rio P\u00fablico"},"content":{"rendered":"<div class=\"fusion-fullwidth fullwidth-box fusion-builder-row-1 nonhundred-percent-fullwidth non-hundred-percent-height-scrolling\"  style='background-color: #ffffff;background-position: center center;background-repeat: no-repeat;padding-top:0px;padding-right:0px;padding-bottom:0px;padding-left:0px;'><div class=\"fusion-builder-row fusion-row \"><div  class=\"fusion-layout-column fusion_builder_column fusion_builder_column_1_1 fusion-builder-column-1 fusion-one-full fusion-column-first fusion-column-last 1_1\"  style='margin-top:0px;margin-bottom:0px;'>\n\t\t\t\t\t<div class=\"fusion-column-wrapper\" style=\"padding: 0px 0px 0px 0px;background-position:left top;background-repeat:no-repeat;-webkit-background-size:cover;-moz-background-size:cover;-o-background-size:cover;background-size:cover;\"   data-bg-url=\"\">\n\t\t\t\t\t\t<div class=\"fusion-text\"><p style=\"text-align: justify;\">Um dos papeis do Minist\u00e9rio P\u00fablico do Estado de Alagoas \u00e9 trabalhar para que o poder p\u00fablico cumpra, da melhor forma, aquilo que est\u00e1 previsto na lei, garantindo os direitos da popula\u00e7\u00e3o nas mais diversas \u00e1reas. E se o MPAL \u00e9 respons\u00e1vel por cuidar dos outros agentes p\u00fablicos, h\u00e1 um \u00f3rg\u00e3o interno que existe para verificar se procuradores e promotores de Justi\u00e7a est\u00e3o cumprindo com as atribui\u00e7\u00f5es que lhe s\u00e3o atribu\u00eddas constitucionalmente: \u00e9 a Corregedoria-Geral. Por isso, para explicar melhor o papel da CG, o Minist\u00e9rio P\u00fablico lan\u00e7a, nesta segunda-feira (23), uma campanha institucional para esclarecer o funcionamento da Corregedoria, falando sobre como ela atua, quem a integra e como a sociedade pode ter acesso ao colegiado.<\/p>\n<p style=\"text-align: justify;\">Para que a popula\u00e7\u00e3o possa entender de forma mais simples, a Corregedoria \u00e9 um \u00f3rg\u00e3o que faz o controle e fiscaliza as atividades internas do Minist\u00e9rio P\u00fablico, principalmente do trabalho realizado por promotores e procuradores de Justi\u00e7a. \u00c9 papel do \u00f3rg\u00e3o averiguar se os membros est\u00e3o cumprindo com as suas obriga\u00e7\u00f5es, atendendo a popula\u00e7\u00e3o quando ela procura o Minist\u00e9rio P\u00fablico para resolver algum problema.<\/p>\n<p style=\"text-align: justify;\">Caso encontre desvios na atua\u00e7\u00e3o dos membros, a Corregedoria-Geral deve buscar a solu\u00e7\u00e3o para isso, podendo se utilizar, por exemplo, de processos administrativos disciplinares se for o caso.<\/p>\n<p style=\"text-align: justify;\"><span style=\"font-size: 14pt;\"><strong>Trabalho de aperfei\u00e7oamento<\/strong><\/span><\/p>\n<p style=\"text-align: justify;\">\u00c9 fundamental tamb\u00e9m ressaltar que o Corregedoria n\u00e3o age t\u00e3o somente quando existe algo errado. \u201cComo \u00f3rg\u00e3o integrante da administra\u00e7\u00e3o superior do Minist\u00e9rio P\u00fablico, ela tem, sim, a miss\u00e3o de orientar e fiscalizar as atividades funcionais e a conduta dos membros do Minist\u00e9rio P\u00fablico, o que est\u00e1 disciplinado na Lei Complementar n\u00b0 15\/96, mas, para al\u00e9m disso, tamb\u00e9m tem como papel buscar o aperfei\u00e7oamento dos servi\u00e7os prestados pelo MPAL, tendo em vista que um dos princ\u00edpios que rege a administra\u00e7\u00e3o p\u00fablica \u00e9 a efici\u00eancia\u201d, explicou Maur\u00edcio Pitta, corregedor-geral do Minist\u00e9rio P\u00fablico.<\/p>\n<p style=\"text-align: justify;\">Segundo ele, \u00e9 importante n\u00e3o apenas que os membros realizem o seu trabalho, mas adotem as ferramentas adequadas para chegar a um resultado final positivo, prestando bons servi\u00e7os \u00e0 sociedade, principal destinat\u00e1ria das suas atividades. Por esse motivo, a Corregedoria-Geral pode propor, por meio de recomenda\u00e7\u00f5es, melhorias ou outras formas de agir que estejam mais alinhadas com as expectativas da sociedade. Essas melhorias s\u00e3o propostas a partir de dados coletados durante as inspe\u00e7\u00f5es e correi\u00e7\u00f5es realizadas pelo \u00f3rg\u00e3o.<\/p>\n<p style=\"text-align: justify;\"><span style=\"font-size: 14pt;\"><strong>Correi\u00e7\u00f5es<\/strong><\/span><\/p>\n<p style=\"text-align: justify;\">Periodicamente, a Corregedoria-Geral realiza correi\u00e7\u00f5es nas Promotorias e Procuradorias de Justi\u00e7a, de modo a avaliar como est\u00e1 sendo executado o trabalho de cada \u00f3rg\u00e3o de execu\u00e7\u00e3o do MPAL. Essa \u00e9 uma avalia\u00e7\u00e3o importante para que a institui\u00e7\u00e3o possa aferir como est\u00e1 a qualidade do servi\u00e7o ofertado pelos seus membros. E \u00e9 com base nessa coleta de dados que a Corregedoria apresenta relat\u00f3rios ao Conselho Nacional do Minist\u00e9rio P\u00fablico sobre a atua\u00e7\u00e3o do MPAL mensalmente. O procurador-geral de Justi\u00e7a tamb\u00e9m recebe, anualmente, um relat\u00f3rio com uma avalia\u00e7\u00e3o completa sobre o ano que passou.<\/p>\n<p style=\"text-align: justify;\">A campanha da Corregedoria-Geral ter\u00e1 tr\u00eas v\u00eddeos que ser\u00e3o disponibilizados nas redes sociais do Minist\u00e9rio P\u00fablico no <strong>YouTube<\/strong> <span style=\"color: #0000ff;\">(@MpdeAlagoas)<\/span> e <strong>Instagram<\/strong> <span style=\"color: #0000ff;\">(@mpealagoas)<\/span>.<\/p>\n<p style=\"text-align: justify;\">S\u00e3o anima\u00e7\u00f5es com linguagem simples e did\u00e1tica que permitem a f\u00e1cil compreens\u00e3o das atribui\u00e7\u00f5es da CG.<\/p>\n<p style=\"text-align: justify;\">Confira <a href=\"https:\/\/www.youtube.com\/watch?v=ptUHjjOJRhk\" target=\"_blank\" rel=\"noopener\"><span style=\"font-size: 14pt;\"><strong>aqui<\/strong><\/span><\/a> o v\u00eddeo!<\/p>\n<\/div><div class=\"fusion-clearfix\"><\/div>\n\n\t\t\t\t\t<\/div>\n\t\t\t\t<\/div><\/div><\/div>\n","protected":false},"excerpt":{"rendered":"","protected":false},"author":17,"featured_media":32958,"comment_status":"open","ping_status":"open","sticky":false,"template":"","format":"standard","meta":{"om_disable_all_campaigns":false,"_monsterinsights_skip_tracking":false,"_monsterinsights_sitenote_active":false,"_monsterinsights_sitenote_note":"","_monsterinsights_sitenote_category":0,"_uf_show_specific_survey":0,"_uf_disable_surveys":false,"footnotes":""},"categories":[48,2],"tags":[],"class_list":["post-32748","post","type-post","status-publish","format-standard","has-post-thumbnail","hentry","category-not_corregedoria","category-not_mpal"],"aioseo_notices":[],"_links":{"self":[{"href":"https:\/\/www.mpal.mp.br\/index.php?rest_route=\/wp\/v2\/posts\/32748","targetHints":{"allow":["GET"]}}],"collection":[{"href":"https:\/\/www.mpal.mp.br\/index.php?rest_route=\/wp\/v2\/posts"}],"about":[{"href":"https:\/\/www.mpal.mp.br\/index.php?rest_route=\/wp\/v2\/types\/post"}],"author":[{"embeddable":true,"href":"https:\/\/www.mpal.mp.br\/index.php?rest_route=\/wp\/v2\/users\/17"}],"replies":[{"embeddable":true,"href":"https:\/\/www.mpal.mp.br\/index.php?rest_route=%2Fwp%2Fv2%2Fcomments&post=32748"}],"version-history":[{"count":2,"href":"https:\/\/www.mpal.mp.br\/index.php?rest_route=\/wp\/v2\/posts\/32748\/revisions"}],"predecessor-version":[{"id":32959,"href":"https:\/\/www.mpal.mp.br\/index.php?rest_route=\/wp\/v2\/posts\/32748\/revisions\/32959"}],"wp:featuredmedia":[{"embeddable":true,"href":"https:\/\/www.mpal.mp.br\/index.php?rest_route=\/wp\/v2\/media\/32958"}],"wp:attachment":[{"href":"https:\/\/www.mpal.mp.br\/index.php?rest_route=%2Fwp%2Fv2%2Fmedia&parent=32748"}],"wp:term":[{"taxonomy":"category","embeddable":true,"href":"https:\/\/www.mpal.mp.br\/index.php?rest_route=%2Fwp%2Fv2%2Fcategories&post=32748"},{"taxonomy":"post_tag","embeddable":true,"href":"https:\/\/www.mpal.mp.br\/index.php?rest_route=%2Fwp%2Fv2%2Ftags&post=32748"}],"curies":[{"name":"wp","href":"https:\/\/api.w.org\/{rel}","templated":true}]}}