{"id":32526,"date":"2023-10-19T08:00:21","date_gmt":"2023-10-19T11:00:21","guid":{"rendered":"https:\/\/www.mpal.mp.br\/?p=32526"},"modified":"2023-10-19T10:36:28","modified_gmt":"2023-10-19T13:36:28","slug":"mpal-convoca-audiencia-para-discutir-migracao-de-usuarios-da-unimed-rio-que-moram-no-estado","status":"publish","type":"post","link":"https:\/\/www.mpal.mp.br\/?p=32526","title":{"rendered":"MPAL convoca audi\u00eancia para discutir migra\u00e7\u00e3o de usu\u00e1rios da Unimed Rio que moram no estado"},"content":{"rendered":"<div class=\"fusion-fullwidth fullwidth-box fusion-builder-row-1 nonhundred-percent-fullwidth non-hundred-percent-height-scrolling\"  style='background-color: #ffffff;background-position: center center;background-repeat: no-repeat;padding-top:0px;padding-right:0px;padding-bottom:0px;padding-left:0px;'><div class=\"fusion-builder-row fusion-row \"><div  class=\"fusion-layout-column fusion_builder_column fusion_builder_column_1_1 fusion-builder-column-1 fusion-one-full fusion-column-first fusion-column-last 1_1\"  style='margin-top:0px;margin-bottom:0px;'>\n\t\t\t\t\t<div class=\"fusion-column-wrapper\" style=\"padding: 0px 0px 0px 0px;background-position:left top;background-repeat:no-repeat;-webkit-background-size:cover;-moz-background-size:cover;-o-background-size:cover;background-size:cover;\"   data-bg-url=\"\">\n\t\t\t\t\t\t<div class=\"fusion-text\"><p style=\"text-align: justify;\">O Minist\u00e9rio P\u00fablico do Estado de Alagoas (MPAL), por interm\u00e9dio da Promotoria de Justi\u00e7a de Defesa do Consumidor, reuniu-se, em formato h\u00edbrido, nesta quarta-feira (18), com usu\u00e1rios da Unimed Rio e representantes do citado plano de sa\u00fade para tratar da garantia de assist\u00eancia para quem, atualmente, reside em Alagoas. A audi\u00eancia, conduzida pelo promotor de Justi\u00e7a Max Martins, teve participa\u00e7\u00e3o da Unimed Macei\u00f3 e da Ag\u00eancia Nacional de Sa\u00fade. Apesar de receber intima\u00e7\u00e3o, a Unimed Rio n\u00e3o compareceu, no entanto, uma nova audi\u00eancia foi marcada para o pr\u00f3ximo dia 1\u00ba de novembro.<\/p>\n<p style=\"text-align: justify;\">Segundo um dos reclamantes, desde o m\u00eas de junho deste ano ocorrera \u201cum verdadeiro apag\u00e3o de atendimento na rede credenciada da operadora no estado de Alagoas\u201d. Significando que usu\u00e1rios da Unimed Rio foram constrangidos em cl\u00ednicas, hospitais, laborat\u00f3rios e n\u00e3o logram \u00eaxito ao necessitarem de atendimento m\u00e9dico.<\/p>\n<p style=\"text-align: justify;\">\u201cV\u00e1rios usu\u00e1rios que residem em Alagoas, conveniados pela Unimed Rio, est\u00e3o sendo penalizados com a suspens\u00e3o de atendimentos cl\u00ednicos e hospitalares. Temos um n\u00famero consider\u00e1vel de reclamantes, convocamos uma reuni\u00e3o com a operadora, mas a reclamada n\u00e3o compareceu. Mesmo assim mantivemos as discuss\u00f5es, contando com a participa\u00e7\u00e3o de advogados e representantes da Unimed Macei\u00f3 O que tentaremos viabilizaremos \u00e9 que a ANS decrete a portabilidade extraordin\u00e1ria para que essas pessoas que moram aqui possam migrar, sem car\u00eancia ou qualquer tipo de , para outros planos de sa\u00fade\u201d, enfatiza o promotor Max Martins.<\/p>\n<p style=\"text-align: justify;\">A Unimed Macei\u00f3 justificou que desconhece as cl\u00e1usulas contratuais existentes no plano de sa\u00fade dos usu\u00e1rios que denunciaram a situa\u00e7\u00e3o ao Minist\u00e9rio P\u00fablico. Afirmou tamb\u00e9m que n\u00e3o teria como manter o atendimento diante da suspens\u00e3o de repasses pela Unimed Rio, \u00fanico meio que garante a presta\u00e7\u00e3o dos servi\u00e7os na capital alagoana.<\/p>\n<p style=\"text-align: justify;\">Como resultado da audi\u00eancia foi definido que a ANS solicitar\u00e1 a Unimed Rio rela\u00e7\u00e3o completa dos seus usu\u00e1rios que moram em Alagoas, incluindo os que est\u00e3o em atendimento , por meio de interc\u00e2mbio, junto \u00e0 Unimed Macei\u00f3. A Unimed Rio e a Unimed Nacional ser\u00e3o convocadas oficialmente para participar da nova reuni\u00e3o que ocorrer\u00e1, no dia 1\u00ba de novembro, \u00e0s 9h, na Promotoria de Justi\u00e7a de Defesa do Consumidor.<\/p>\n<p style=\"text-align: justify;\">H\u00e1 relatos de pessoas idosas com comorbidades e que, por tal motivo, necessitam de aten\u00e7\u00e3o m\u00e9dica e lutam contra a manuten\u00e7\u00e3o dessa falta de atendimento. Muitos tentaram lograr \u00eaxito fazendo exames pelo Sistema \u00danico de Sa\u00fade (SUS), mas pelo tamanho da demanda e, devido ao tempo do tr\u00e2mite, acabaram se sacrificando e pagando tudo particular para evitar complica\u00e7\u00f5es \u00e0 sa\u00fade.<\/p>\n<p style=\"text-align: justify;\"><strong><sub>Fotos: Cortesia<\/sub><\/strong><\/p>\n<\/div><style type=\"text\/css\">.fusion-gallery-1 .fusion-gallery-image {border:0px solid #f6f6f6;-webkit-border-radius:5px;-moz-border-radius:5px;border-radius:5px;}<\/style><div class=\"fusion-gallery fusion-gallery-container fusion-grid-3 fusion-columns-total-0 fusion-gallery-layout-grid fusion-gallery-1\" style=\"margin:-5px;\"><div style=\"padding:5px;\" class=\"fusion-grid-column fusion-gallery-column fusion-gallery-column-3 hover-type-none\"><div class=\"fusion-gallery-image\"><a href=\"https:\/\/www.mpal.mp.br\/wp-content\/uploads\/2023\/10\/audiencia-unimed.jpg\" rel=\"noreferrer\" data-rel=\"iLightbox[gallery_image_1]\" class=\"fusion-lightbox\" target=\"_self\"><img loading=\"lazy\" decoding=\"async\" src=\"https:\/\/www.mpal.mp.br\/wp-content\/uploads\/2023\/10\/audiencia-unimed.jpg\" width=\"1600\" height=\"1200\" alt=\"\" title=\"audiencia unimed\" aria-label=\"audiencia unimed\" class=\"img-responsive wp-image-32528\" \/><\/a><\/div><\/div><\/div><div class=\"fusion-clearfix\"><\/div>\n\n\t\t\t\t\t<\/div>\n\t\t\t\t<\/div><\/div><\/div>\n","protected":false},"excerpt":{"rendered":"","protected":false},"author":8,"featured_media":32531,"comment_status":"open","ping_status":"open","sticky":false,"template":"","format":"standard","meta":{"om_disable_all_campaigns":false,"_monsterinsights_skip_tracking":false,"_monsterinsights_sitenote_active":false,"_monsterinsights_sitenote_note":"","_monsterinsights_sitenote_category":0,"_uf_show_specific_survey":0,"_uf_disable_surveys":false,"footnotes":""},"categories":[24],"tags":[],"class_list":["post-32526","post","type-post","status-publish","format-standard","has-post-thumbnail","hentry","category-not_gaesf"],"aioseo_notices":[],"_links":{"self":[{"href":"https:\/\/www.mpal.mp.br\/index.php?rest_route=\/wp\/v2\/posts\/32526","targetHints":{"allow":["GET"]}}],"collection":[{"href":"https:\/\/www.mpal.mp.br\/index.php?rest_route=\/wp\/v2\/posts"}],"about":[{"href":"https:\/\/www.mpal.mp.br\/index.php?rest_route=\/wp\/v2\/types\/post"}],"author":[{"embeddable":true,"href":"https:\/\/www.mpal.mp.br\/index.php?rest_route=\/wp\/v2\/users\/8"}],"replies":[{"embeddable":true,"href":"https:\/\/www.mpal.mp.br\/index.php?rest_route=%2Fwp%2Fv2%2Fcomments&post=32526"}],"version-history":[{"count":3,"href":"https:\/\/www.mpal.mp.br\/index.php?rest_route=\/wp\/v2\/posts\/32526\/revisions"}],"predecessor-version":[{"id":32532,"href":"https:\/\/www.mpal.mp.br\/index.php?rest_route=\/wp\/v2\/posts\/32526\/revisions\/32532"}],"wp:featuredmedia":[{"embeddable":true,"href":"https:\/\/www.mpal.mp.br\/index.php?rest_route=\/wp\/v2\/media\/32531"}],"wp:attachment":[{"href":"https:\/\/www.mpal.mp.br\/index.php?rest_route=%2Fwp%2Fv2%2Fmedia&parent=32526"}],"wp:term":[{"taxonomy":"category","embeddable":true,"href":"https:\/\/www.mpal.mp.br\/index.php?rest_route=%2Fwp%2Fv2%2Fcategories&post=32526"},{"taxonomy":"post_tag","embeddable":true,"href":"https:\/\/www.mpal.mp.br\/index.php?rest_route=%2Fwp%2Fv2%2Ftags&post=32526"}],"curies":[{"name":"wp","href":"https:\/\/api.w.org\/{rel}","templated":true}]}}