{"id":31906,"date":"2023-10-03T08:02:50","date_gmt":"2023-10-03T11:02:50","guid":{"rendered":"https:\/\/www.mpal.mp.br\/?p=31906"},"modified":"2023-10-03T08:05:07","modified_gmt":"2023-10-03T11:05:07","slug":"mpal-recomenda-que-sala-lilas-de-delmiro-gouveia-continue-funcionando-no-cisp","status":"publish","type":"post","link":"https:\/\/www.mpal.mp.br\/?p=31906","title":{"rendered":"MPAL recomenda que Sala Lil\u00e1s de Delmiro Gouveia continue funcionando no CISP"},"content":{"rendered":"<p style=\"text-align: justify;\"><span style=\"font-size: 14pt; font-family: georgia, palatino, serif;\">Tendo em vista not\u00edcia de que a Sala Lil\u00e1s de Delmiro Gouveia, que funciona no CISP (Centro Integrado de Seguran\u00e7a P\u00fablica), passaria a atender no Hospital Regional Alto do Sert\u00e3o, o Minist\u00e9rio P\u00fablico de Alagoas emitiu uma recomenda\u00e7\u00e3o solicitando que a mudan\u00e7a de local n\u00e3o ocorra. A medida visa o melhor atendimento \u00e0s v\u00edtimas de viol\u00eancia dom\u00e9stica e familiar. A recomenda\u00e7\u00e3o foi publicada nesta segunda-feira (02).<\/span><\/p>\n<p style=\"text-align: justify;\"><span style=\"font-size: 14pt; font-family: georgia, palatino, serif;\">De acordo com o promotor de Justi\u00e7a Frederico Monteiro, o Centro Integrado de Seguran\u00e7a P\u00fablica \u00e9 o primeiro local onde a mulher v\u00edtima procura por ajuda, n\u00e3o sendo vi\u00e1vel a mudan\u00e7a da Sala Lil\u00e1s para o Hospital Regional sem, antes, a realiza\u00e7\u00e3o de uma audi\u00eancia p\u00fablica com a participa\u00e7\u00e3o da popula\u00e7\u00e3o, poder p\u00fablico e outros atores envolvidos.<\/span><\/p>\n<p style=\"text-align: justify;\"><span style=\"font-size: 14pt; font-family: georgia, palatino, serif;\">\u201cPrecisamos pensar no que \u00e9 melhor para a v\u00edtima. Por isso, sugerimos na recomenda\u00e7\u00e3o que seja realizada uma audi\u00eancia, ainda no m\u00eas de outubro, com a participa\u00e7\u00e3o da sociedade civil, CEAM-Delmiro Gouveia, Comando da Patrulha Selma Bandeira, Ju\u00edzo Especializado da Viol\u00eancia Dom\u00e9stica e Familiar contra a Mulher, autoridade policial e Defensoria P\u00fablica Estadual\u201d, explica o promotor.<\/span><\/p>\n<p><em><span style=\"font-size: 10pt; font-family: georgia, palatino, serif;\">Imagem: SSP<\/span><\/em><\/p>\n","protected":false},"excerpt":{"rendered":"<p> [&hellip;]<\/p>\n","protected":false},"author":6,"featured_media":31907,"comment_status":"open","ping_status":"open","sticky":false,"template":"","format":"standard","meta":{"om_disable_all_campaigns":false,"_monsterinsights_skip_tracking":false,"_monsterinsights_sitenote_active":false,"_monsterinsights_sitenote_note":"","_monsterinsights_sitenote_category":0,"_uf_show_specific_survey":0,"_uf_disable_surveys":false,"footnotes":""},"categories":[2,52],"tags":[],"class_list":["post-31906","post","type-post","status-publish","format-standard","has-post-thumbnail","hentry","category-not_mpal","category-not_seguranca_publica"],"aioseo_notices":[],"_links":{"self":[{"href":"https:\/\/www.mpal.mp.br\/index.php?rest_route=\/wp\/v2\/posts\/31906","targetHints":{"allow":["GET"]}}],"collection":[{"href":"https:\/\/www.mpal.mp.br\/index.php?rest_route=\/wp\/v2\/posts"}],"about":[{"href":"https:\/\/www.mpal.mp.br\/index.php?rest_route=\/wp\/v2\/types\/post"}],"author":[{"embeddable":true,"href":"https:\/\/www.mpal.mp.br\/index.php?rest_route=\/wp\/v2\/users\/6"}],"replies":[{"embeddable":true,"href":"https:\/\/www.mpal.mp.br\/index.php?rest_route=%2Fwp%2Fv2%2Fcomments&post=31906"}],"version-history":[{"count":5,"href":"https:\/\/www.mpal.mp.br\/index.php?rest_route=\/wp\/v2\/posts\/31906\/revisions"}],"predecessor-version":[{"id":31912,"href":"https:\/\/www.mpal.mp.br\/index.php?rest_route=\/wp\/v2\/posts\/31906\/revisions\/31912"}],"wp:featuredmedia":[{"embeddable":true,"href":"https:\/\/www.mpal.mp.br\/index.php?rest_route=\/wp\/v2\/media\/31907"}],"wp:attachment":[{"href":"https:\/\/www.mpal.mp.br\/index.php?rest_route=%2Fwp%2Fv2%2Fmedia&parent=31906"}],"wp:term":[{"taxonomy":"category","embeddable":true,"href":"https:\/\/www.mpal.mp.br\/index.php?rest_route=%2Fwp%2Fv2%2Fcategories&post=31906"},{"taxonomy":"post_tag","embeddable":true,"href":"https:\/\/www.mpal.mp.br\/index.php?rest_route=%2Fwp%2Fv2%2Ftags&post=31906"}],"curies":[{"name":"wp","href":"https:\/\/api.w.org\/{rel}","templated":true}]}}