{"id":31281,"date":"2023-09-21T09:49:38","date_gmt":"2023-09-21T12:49:38","guid":{"rendered":"https:\/\/www.mpal.mp.br\/?p=31281"},"modified":"2023-09-21T10:13:47","modified_gmt":"2023-09-21T13:13:47","slug":"situacao-de-animais-de-rua-em-arapiraca-e-assunto-de-tac-firmado-pelo-mpal","status":"publish","type":"post","link":"https:\/\/www.mpal.mp.br\/?p=31281","title":{"rendered":"Situa\u00e7\u00e3o de animais de rua em Arapiraca \u00e9 assunto de TAC firmado pelo MPAL"},"content":{"rendered":"<div class=\"fusion-fullwidth fullwidth-box fusion-builder-row-1 nonhundred-percent-fullwidth non-hundred-percent-height-scrolling\"  style='background-color: #ffffff;background-position: center center;background-repeat: no-repeat;padding-top:0px;padding-right:0px;padding-bottom:0px;padding-left:0px;'><div class=\"fusion-builder-row fusion-row \"><div  class=\"fusion-layout-column fusion_builder_column fusion_builder_column_1_1 fusion-builder-column-1 fusion-one-full fusion-column-first fusion-column-last 1_1\"  style='margin-top:0px;margin-bottom:0px;'>\n\t\t\t\t\t<div class=\"fusion-column-wrapper\" style=\"padding: 0px 0px 0px 0px;background-position:left top;background-repeat:no-repeat;-webkit-background-size:cover;-moz-background-size:cover;-o-background-size:cover;background-size:cover;\"   data-bg-url=\"\">\n\t\t\t\t\t\t<div class=\"fusion-text\"><p style=\"text-align: justify;\">Para tratar sobre uma quest\u00e3o de sa\u00fade p\u00fablica, o Minist\u00e9rio P\u00fablico de Alagoas firmou um termo de ajustamento de conduta (TAC) com a Prefeitura Municipal de Arapiraca. No documento, o Munic\u00edpio assume a responsabilidade de recolher, tratar e castrar animais em situa\u00e7\u00e3o de rua para que, em seguida, eles sejam colocados para a ado\u00e7\u00e3o.<\/p>\n<p style=\"text-align: justify;\">\u201cAp\u00f3s di\u00e1logo, chegamos a uma solu\u00e7\u00e3o que vai trazer benef\u00edcios \u00e0 popula\u00e7\u00e3o e garantir que os animais de rua tenham um destino adequado. O Munic\u00edpio assumiu o compromisso de recolher esses animais e realizar os procedimentos adequados para que eles sejam adotados. O processo de ado\u00e7\u00e3o ser\u00e1 conduzido por uma associa\u00e7\u00e3o competente, com o acompanhamento do MP\u201d, informou o promotor de Justi\u00e7a Cl\u00e1udio Jos\u00e9 Moreira Teles.<\/p>\n<p style=\"text-align: justify;\">Al\u00e9m do representante do Minist\u00e9rio P\u00fablico, que \u00e9 titular da 11\u00aa Promotoria de Justi\u00e7a de Arapiraca, participaram do TAC o secret\u00e1rio executivo de Governo do Munic\u00edpio, V\u00edtor Ferro; o secret\u00e1rio adjunto da Sa\u00fade, S\u00e9rgio Newton; e o presidente da OAB Arapiraca, Daniel Fernandes.<\/p>\n<\/div><div class=\"fusion-clearfix\"><\/div>\n\n\t\t\t\t\t<\/div>\n\t\t\t\t<\/div><\/div><\/div>\n","protected":false},"excerpt":{"rendered":"","protected":false},"author":6,"featured_media":31288,"comment_status":"open","ping_status":"open","sticky":false,"template":"","format":"standard","meta":{"om_disable_all_campaigns":false,"_monsterinsights_skip_tracking":false,"_monsterinsights_sitenote_active":false,"_monsterinsights_sitenote_note":"","_monsterinsights_sitenote_category":0,"_uf_show_specific_survey":0,"_uf_disable_surveys":false,"footnotes":""},"categories":[2,50],"tags":[],"class_list":["post-31281","post","type-post","status-publish","format-standard","has-post-thumbnail","hentry","category-not_mpal","category-not_saude"],"aioseo_notices":[],"_links":{"self":[{"href":"https:\/\/www.mpal.mp.br\/index.php?rest_route=\/wp\/v2\/posts\/31281","targetHints":{"allow":["GET"]}}],"collection":[{"href":"https:\/\/www.mpal.mp.br\/index.php?rest_route=\/wp\/v2\/posts"}],"about":[{"href":"https:\/\/www.mpal.mp.br\/index.php?rest_route=\/wp\/v2\/types\/post"}],"author":[{"embeddable":true,"href":"https:\/\/www.mpal.mp.br\/index.php?rest_route=\/wp\/v2\/users\/6"}],"replies":[{"embeddable":true,"href":"https:\/\/www.mpal.mp.br\/index.php?rest_route=%2Fwp%2Fv2%2Fcomments&post=31281"}],"version-history":[{"count":3,"href":"https:\/\/www.mpal.mp.br\/index.php?rest_route=\/wp\/v2\/posts\/31281\/revisions"}],"predecessor-version":[{"id":31289,"href":"https:\/\/www.mpal.mp.br\/index.php?rest_route=\/wp\/v2\/posts\/31281\/revisions\/31289"}],"wp:featuredmedia":[{"embeddable":true,"href":"https:\/\/www.mpal.mp.br\/index.php?rest_route=\/wp\/v2\/media\/31288"}],"wp:attachment":[{"href":"https:\/\/www.mpal.mp.br\/index.php?rest_route=%2Fwp%2Fv2%2Fmedia&parent=31281"}],"wp:term":[{"taxonomy":"category","embeddable":true,"href":"https:\/\/www.mpal.mp.br\/index.php?rest_route=%2Fwp%2Fv2%2Fcategories&post=31281"},{"taxonomy":"post_tag","embeddable":true,"href":"https:\/\/www.mpal.mp.br\/index.php?rest_route=%2Fwp%2Fv2%2Ftags&post=31281"}],"curies":[{"name":"wp","href":"https:\/\/api.w.org\/{rel}","templated":true}]}}