{"id":31088,"date":"2023-09-18T10:48:27","date_gmt":"2023-09-18T13:48:27","guid":{"rendered":"https:\/\/www.mpal.mp.br\/?p=31088"},"modified":"2023-12-07T10:57:27","modified_gmt":"2023-12-07T13:57:27","slug":"atuacao-do-mpal-no-caso-pinheiro-e-tema-de-artigo-selecionado-pelo-cnmp","status":"publish","type":"post","link":"https:\/\/www.mpal.mp.br\/?p=31088","title":{"rendered":"Atua\u00e7\u00e3o do MPAL no caso Pinheiro \u00e9 tema de artigo selecionado pelo CNMP"},"content":{"rendered":"<div class=\"fusion-fullwidth fullwidth-box fusion-builder-row-1 nonhundred-percent-fullwidth non-hundred-percent-height-scrolling\"  style='background-color: #ffffff;background-position: center center;background-repeat: no-repeat;padding-top:0px;padding-right:0px;padding-bottom:0px;padding-left:0px;'><div class=\"fusion-builder-row fusion-row \"><div  class=\"fusion-layout-column fusion_builder_column fusion_builder_column_1_1 fusion-builder-column-1 fusion-one-full fusion-column-first fusion-column-last 1_1\"  style='margin-top:0px;margin-bottom:0px;'>\n\t\t\t\t\t<div class=\"fusion-column-wrapper\" style=\"padding: 0px 0px 0px 0px;background-position:left top;background-repeat:no-repeat;-webkit-background-size:cover;-moz-background-size:cover;-o-background-size:cover;background-size:cover;\"   data-bg-url=\"\">\n\t\t\t\t\t\t<div class=\"fusion-text\"><p style=\"text-align: justify;\">&#8220;Caso Pinheiro: o afundamento do solo em bairros de Macei\u00f3\/AL&#8221;: este \u00e9 o t\u00edtulo de um dos trabalhos selecionados para compor uma publica\u00e7\u00e3o com artigos doutrin\u00e1rios sobre desastres socioambientais e mudan\u00e7as clim\u00e1ticas. O artigo \u00e9 de autoria do promotor de Justi\u00e7a Jorge D\u00f3ria e traz um relato sobre a atua\u00e7\u00e3o do Minist\u00e9rio P\u00fablico de Alagoas no caso Pinheiro, que afetou a vida muitos maceioenses.<\/p>\n<p style=\"text-align: justify;\">A obra \u00e9 organizada pelo Conselho Nacional do Minist\u00e9rio P\u00fablico (CNMP), que destacou a relev\u00e2ncia do tema abordado. &#8220;O artigo sob an\u00e1lise merece aprova\u00e7\u00e3o para a publica\u00e7\u00e3o em raz\u00e3o de sua pertin\u00eancia tem\u00e1tica e relev\u00e2ncia ao tema dos desastres j\u00e1 que se trata de um relato de caso que contou com atua\u00e7\u00e3o do MPAL e outras institui\u00e7\u00f5es para implementa\u00e7\u00e3o de medidas de afastamento de risco, recupera\u00e7\u00e3o do ambiente degradado e da ordem urban\u00edstica afetada por atividade de minera\u00e7\u00e3o\u201d, informou o Conselho Editorial do CNMP.<\/p>\n<p style=\"text-align: justify;\"><span style=\"font-size: 14pt;\"><strong>Artigo<\/strong><\/span><\/p>\n<p style=\"text-align: justify;\">De acordo com o autor, o trabalho faz uma retrospectiva sobre os fatos relacionados ao caso, que consistiu no afundamento do solo em cinco bairros da capital alagoana em decorr\u00eancia da extra\u00e7\u00e3o de sal-gema pela empresa Braskem, situa\u00e7\u00e3o que levou \u00e0 realoca\u00e7\u00e3o de mais de 60 mil pessoas de suas resid\u00eancias.<\/p>\n<p style=\"text-align: justify;\">No artigo, o promotor de Justi\u00e7a aborda o termo de acordo para apoio na desocupa\u00e7\u00e3o das \u00e1reas de risco e indeniza\u00e7\u00e3o dos residentes afetados, bem como os termos de acordo socioambiental e sociourban\u00edstico voltados \u00e0 recupera\u00e7\u00e3o do meio ambiente degradado e \u00e0 reurbaniza\u00e7\u00e3o. O trabalho traz ainda o acordo relacionado \u00e0 regi\u00e3o dos Flexais, que, apesar de n\u00e3o estar na zona de risco, sofre as consequ\u00eancias do ilhamento social.<\/p>\n<\/div><div class=\"fusion-clearfix\"><\/div>\n\n\t\t\t\t\t<\/div>\n\t\t\t\t<\/div><\/div><\/div>\n","protected":false},"excerpt":{"rendered":"","protected":false},"author":6,"featured_media":25843,"comment_status":"closed","ping_status":"closed","sticky":false,"template":"","format":"standard","meta":{"om_disable_all_campaigns":false,"_monsterinsights_skip_tracking":false,"_monsterinsights_sitenote_active":false,"_monsterinsights_sitenote_note":"","_monsterinsights_sitenote_category":0,"_uf_show_specific_survey":0,"_uf_disable_surveys":false,"footnotes":""},"categories":[56,2],"tags":[],"class_list":["post-31088","post","type-post","status-publish","format-standard","has-post-thumbnail","hentry","category-not_braskem","category-not_mpal"],"aioseo_notices":[],"_links":{"self":[{"href":"https:\/\/www.mpal.mp.br\/index.php?rest_route=\/wp\/v2\/posts\/31088","targetHints":{"allow":["GET"]}}],"collection":[{"href":"https:\/\/www.mpal.mp.br\/index.php?rest_route=\/wp\/v2\/posts"}],"about":[{"href":"https:\/\/www.mpal.mp.br\/index.php?rest_route=\/wp\/v2\/types\/post"}],"author":[{"embeddable":true,"href":"https:\/\/www.mpal.mp.br\/index.php?rest_route=\/wp\/v2\/users\/6"}],"replies":[{"embeddable":true,"href":"https:\/\/www.mpal.mp.br\/index.php?rest_route=%2Fwp%2Fv2%2Fcomments&post=31088"}],"version-history":[{"count":6,"href":"https:\/\/www.mpal.mp.br\/index.php?rest_route=\/wp\/v2\/posts\/31088\/revisions"}],"predecessor-version":[{"id":31103,"href":"https:\/\/www.mpal.mp.br\/index.php?rest_route=\/wp\/v2\/posts\/31088\/revisions\/31103"}],"wp:featuredmedia":[{"embeddable":true,"href":"https:\/\/www.mpal.mp.br\/index.php?rest_route=\/wp\/v2\/media\/25843"}],"wp:attachment":[{"href":"https:\/\/www.mpal.mp.br\/index.php?rest_route=%2Fwp%2Fv2%2Fmedia&parent=31088"}],"wp:term":[{"taxonomy":"category","embeddable":true,"href":"https:\/\/www.mpal.mp.br\/index.php?rest_route=%2Fwp%2Fv2%2Fcategories&post=31088"},{"taxonomy":"post_tag","embeddable":true,"href":"https:\/\/www.mpal.mp.br\/index.php?rest_route=%2Fwp%2Fv2%2Ftags&post=31088"}],"curies":[{"name":"wp","href":"https:\/\/api.w.org\/{rel}","templated":true}]}}