{"id":30785,"date":"2023-09-12T09:44:45","date_gmt":"2023-09-12T12:44:45","guid":{"rendered":"https:\/\/www.mpal.mp.br\/?p=30785"},"modified":"2023-09-12T12:11:30","modified_gmt":"2023-09-12T15:11:30","slug":"mpal-participa-de-debate-sobre-valorizacao-da-vida-e-prevencao-ao-suicidio","status":"publish","type":"post","link":"https:\/\/www.mpal.mp.br\/?p=30785","title":{"rendered":"MPAL participa de debate sobre valoriza\u00e7\u00e3o da vida e preven\u00e7\u00e3o ao suic\u00eddio"},"content":{"rendered":"<p><div class=\"fusion-fullwidth fullwidth-box fusion-builder-row-1 nonhundred-percent-fullwidth non-hundred-percent-height-scrolling\"  style='background-color: #ffffff;background-position: center center;background-repeat: no-repeat;padding-top:0px;padding-right:0px;padding-bottom:0px;padding-left:0px;'><div class=\"fusion-builder-row fusion-row \"><div  class=\"fusion-layout-column fusion_builder_column fusion_builder_column_1_1 fusion-builder-column-1 fusion-one-full fusion-column-first fusion-column-last 1_1\"  style='margin-top:0px;margin-bottom:0px;'>\n\t\t\t\t\t<div class=\"fusion-column-wrapper\" style=\"padding: 0px 0px 0px 0px;background-position:left top;background-repeat:no-repeat;-webkit-background-size:cover;-moz-background-size:cover;-o-background-size:cover;background-size:cover;\"   data-bg-url=\"\">\n\t\t\t\t\t\t<div class=\"fusion-text\"><p style=\"text-align: justify;\">O Minist\u00e9rio P\u00fablico de Alagoas participou de momento de di\u00e1logo na segunda-feira (11) na Assembleia Legislativa do Estado. Durante sess\u00e3o especial, a promotora de Justi\u00e7a Micheline Ten\u00f3rio falou sobre valoriza\u00e7\u00e3o da vida e preven\u00e7\u00e3o ao suic\u00eddio, em refer\u00eancia \u00e0 campanha Setembro Amarelo, destacando a necessidade de servi\u00e7os em sa\u00fade que efetivamente atendam a popula\u00e7\u00e3o.<\/p>\n<p style=\"text-align: justify;\">\u201cDebater \u00e9 importante, mas n\u00e3o \u00e9 apenas conversar. Precisamos agir, precisamos ter uma linha de cuidado muito bem estabelecida nos servi\u00e7os de sa\u00fade. Precisamos dialogar, sim, mas precisamos tamb\u00e9m de servi\u00e7os que possibilitem o acesso a tratamentos. Estamos falando de um tema que envolve quest\u00f5es de sa\u00fade p\u00fablica\u201d, ponderou a promotora, que tamb\u00e9m \u00e9 coordenadora do N\u00facleo de Sa\u00fade P\u00fablica do MP.<\/p>\n<p style=\"text-align: justify;\"><strong>Campanha<\/strong><\/p>\n<p style=\"text-align: justify;\">Aproveitando a oportunidade, ela divulgou a campanha de Setembro Amarelo do Minist\u00e9rio P\u00fablico, que, este ano, tem como tema \u201cSe precisar, n\u00e3o espere, pe\u00e7a ajuda\u201d. Ao longo do m\u00eas, ser\u00e3o disponibilizadas entrevistas em v\u00eddeo com especialistas para tratar sobre sa\u00fade mental. O projeto conta com a parceria da Unima.<\/p>\n<p style=\"text-align: justify;\">\u201c\u00c9 necess\u00e1rio que toda a sociedade esteja irmanada, preparada para enxergar o pr\u00f3ximo e a prestar o apoio necess\u00e1rio. \u00c9 important\u00edssimo esse olhar e esse agir em prol da valoriza\u00e7\u00e3o da vida e da promo\u00e7\u00e3o do autocuidado. Tudo isso propicia ao indiv\u00edduo se enxergar como um ser humano capaz e apto a lutar por seu futuro e a mudar sua hist\u00f3ria \u201d, comentou.<\/p>\n<p style=\"text-align: justify;\">O primeiro epis\u00f3dio da campanha j\u00e1 est\u00e1 no ar. Confira, abaixo, a entrevista completa com a psic\u00f3loga Micheline Falc\u00e3o.<\/p>\n<\/div><div class=\"fusion-sep-clear\"><\/div><div class=\"fusion-separator fusion-full-width-sep sep-none\" style=\"margin-left: auto;margin-right: auto;margin-top:10px;\"><\/div><div class=\"fusion-video fusion-youtube\" style=\"max-width:600px;max-height:360px;\"><div class=\"video-shortcode\"><iframe loading=\"lazy\" title=\"YouTube video player\" src=\"https:\/\/www.youtube.com\/embed\/Z5RzjnhPVHk?wmode=transparent&autoplay=0\" width=\"600\" height=\"360\" allowfullscreen allow=\"autoplay; fullscreen\"><\/iframe><\/div><\/div><div class=\"fusion-sep-clear\"><\/div><div class=\"fusion-separator fusion-full-width-sep sep-none\" style=\"margin-left: auto;margin-right: auto;margin-top:10px;\"><\/div><style type=\"text\/css\">.fusion-gallery-1 .fusion-gallery-image {border:0px solid #f6f6f6;-webkit-border-radius:5px;-moz-border-radius:5px;border-radius:5px;}<\/style><div class=\"fusion-gallery fusion-gallery-container fusion-grid-3 fusion-columns-total-0 fusion-gallery-layout-grid fusion-gallery-1\" style=\"margin:-5px;\"><div style=\"padding:5px;\" class=\"fusion-grid-column fusion-gallery-column fusion-gallery-column-3 hover-type-none\"><div class=\"fusion-gallery-image\"><a href=\"https:\/\/www.mpal.mp.br\/wp-content\/uploads\/2023\/09\/MICHELINE-ASSEMBLEIA-SETEMBRO-AMARELO-1.jpeg\" rel=\"noreferrer\" data-rel=\"iLightbox[gallery_image_1]\" class=\"fusion-lightbox\" target=\"_self\"><img loading=\"lazy\" decoding=\"async\" src=\"https:\/\/www.mpal.mp.br\/wp-content\/uploads\/2023\/09\/MICHELINE-ASSEMBLEIA-SETEMBRO-AMARELO-1.jpeg\" width=\"1600\" height=\"1066\" alt=\"\" title=\"MICHELINE ASSEMBLEIA SETEMBRO AMARELO (1)\" aria-label=\"MICHELINE ASSEMBLEIA SETEMBRO AMARELO (1)\" class=\"img-responsive wp-image-30786\" \/><\/a><\/div><\/div>\n<div style=\"padding:5px;\" class=\"fusion-grid-column fusion-gallery-column fusion-gallery-column-3 hover-type-none\"><div class=\"fusion-gallery-image\"><a href=\"https:\/\/www.mpal.mp.br\/wp-content\/uploads\/2023\/09\/MICHELINE-ASSEMBLEIA-SETEMBRO-AMARELO-2.jpeg\" rel=\"noreferrer\" data-rel=\"iLightbox[gallery_image_1]\" class=\"fusion-lightbox\" target=\"_self\"><img loading=\"lazy\" decoding=\"async\" src=\"https:\/\/www.mpal.mp.br\/wp-content\/uploads\/2023\/09\/MICHELINE-ASSEMBLEIA-SETEMBRO-AMARELO-2.jpeg\" width=\"1600\" height=\"1066\" alt=\"\" title=\"MICHELINE ASSEMBLEIA SETEMBRO AMARELO (2)\" aria-label=\"MICHELINE ASSEMBLEIA SETEMBRO AMARELO (2)\" class=\"img-responsive wp-image-30787\" \/><\/a><\/div><\/div><div style=\"padding:5px;\" class=\"fusion-grid-column fusion-gallery-column fusion-gallery-column-3 hover-type-none\"><div class=\"fusion-gallery-image\"><a href=\"https:\/\/www.mpal.mp.br\/wp-content\/uploads\/2023\/09\/MICHELINE-ASSEMBLEIA-SETEMBRO-AMARELO-3.jpeg\" rel=\"noreferrer\" data-rel=\"iLightbox[gallery_image_1]\" class=\"fusion-lightbox\" target=\"_self\"><img loading=\"lazy\" decoding=\"async\" src=\"https:\/\/www.mpal.mp.br\/wp-content\/uploads\/2023\/09\/MICHELINE-ASSEMBLEIA-SETEMBRO-AMARELO-3.jpeg\" width=\"1600\" height=\"1066\" alt=\"\" title=\"MICHELINE ASSEMBLEIA SETEMBRO AMARELO (3)\" aria-label=\"MICHELINE ASSEMBLEIA SETEMBRO AMARELO (3)\" class=\"img-responsive wp-image-30788\" \/><\/a><\/div><\/div><div class=\"clearfix\"><\/div><div style=\"padding:5px;\" class=\"fusion-grid-column fusion-gallery-column fusion-gallery-column-3 hover-type-none\"><div class=\"fusion-gallery-image\"><a href=\"https:\/\/www.mpal.mp.br\/wp-content\/uploads\/2023\/09\/MICHELINE-ASSEMBLEIA-SETEMBRO-AMARELO-4.jpeg\" rel=\"noreferrer\" data-rel=\"iLightbox[gallery_image_1]\" class=\"fusion-lightbox\" target=\"_self\"><img loading=\"lazy\" decoding=\"async\" src=\"https:\/\/www.mpal.mp.br\/wp-content\/uploads\/2023\/09\/MICHELINE-ASSEMBLEIA-SETEMBRO-AMARELO-4.jpeg\" width=\"1600\" height=\"1066\" alt=\"\" title=\"MICHELINE ASSEMBLEIA SETEMBRO AMARELO (4)\" aria-label=\"MICHELINE ASSEMBLEIA SETEMBRO AMARELO (4)\" class=\"img-responsive wp-image-30789\" \/><\/a><\/div><\/div><div style=\"padding:5px;\" class=\"fusion-grid-column fusion-gallery-column fusion-gallery-column-3 hover-type-none\"><div class=\"fusion-gallery-image\"><a href=\"https:\/\/www.mpal.mp.br\/wp-content\/uploads\/2023\/09\/MICHELINE-ASSEMBLEIA-SETEMBRO-AMARELO-5.jpeg\" rel=\"noreferrer\" data-rel=\"iLightbox[gallery_image_1]\" class=\"fusion-lightbox\" target=\"_self\"><img loading=\"lazy\" decoding=\"async\" src=\"https:\/\/www.mpal.mp.br\/wp-content\/uploads\/2023\/09\/MICHELINE-ASSEMBLEIA-SETEMBRO-AMARELO-5.jpeg\" width=\"1600\" height=\"1066\" alt=\"\" title=\"MICHELINE ASSEMBLEIA SETEMBRO AMARELO (5)\" aria-label=\"MICHELINE ASSEMBLEIA SETEMBRO AMARELO (5)\" class=\"img-responsive wp-image-30790\" \/><\/a><\/div><\/div><div style=\"padding:5px;\" class=\"fusion-grid-column fusion-gallery-column fusion-gallery-column-3 hover-type-none\"><div class=\"fusion-gallery-image\"><a href=\"https:\/\/www.mpal.mp.br\/wp-content\/uploads\/2023\/09\/MICHELINE-ASSEMBLEIA-SETEMBRO-AMARELO-6.jpeg\" rel=\"noreferrer\" data-rel=\"iLightbox[gallery_image_1]\" class=\"fusion-lightbox\" target=\"_self\"><img loading=\"lazy\" decoding=\"async\" src=\"https:\/\/www.mpal.mp.br\/wp-content\/uploads\/2023\/09\/MICHELINE-ASSEMBLEIA-SETEMBRO-AMARELO-6.jpeg\" width=\"1600\" height=\"1066\" alt=\"\" title=\"MICHELINE ASSEMBLEIA SETEMBRO AMARELO (6)\" aria-label=\"MICHELINE ASSEMBLEIA SETEMBRO AMARELO (6)\" class=\"img-responsive wp-image-30791\" \/><\/a><\/div><\/div><div class=\"clearfix\"><\/div><div style=\"padding:5px;\" class=\"fusion-grid-column fusion-gallery-column fusion-gallery-column-3 hover-type-none\"><div class=\"fusion-gallery-image\"><a href=\"https:\/\/www.mpal.mp.br\/wp-content\/uploads\/2023\/09\/MICHELINE-ASSEMBLEIA-SETEMBRO-AMARELO-7.jpeg\" rel=\"noreferrer\" data-rel=\"iLightbox[gallery_image_1]\" class=\"fusion-lightbox\" target=\"_self\"><img loading=\"lazy\" decoding=\"async\" src=\"https:\/\/www.mpal.mp.br\/wp-content\/uploads\/2023\/09\/MICHELINE-ASSEMBLEIA-SETEMBRO-AMARELO-7.jpeg\" width=\"1600\" height=\"1066\" alt=\"\" title=\"MICHELINE ASSEMBLEIA SETEMBRO AMARELO (7)\" aria-label=\"MICHELINE ASSEMBLEIA SETEMBRO AMARELO (7)\" class=\"img-responsive wp-image-30792\" \/><\/a><\/div><\/div><div style=\"padding:5px;\" class=\"fusion-grid-column fusion-gallery-column fusion-gallery-column-3 hover-type-none\"><div class=\"fusion-gallery-image\"><a href=\"https:\/\/www.mpal.mp.br\/wp-content\/uploads\/2023\/09\/MICHELINE-ASSEMBLEIA-SETEMBRO-AMARELO-8.jpeg\" rel=\"noreferrer\" data-rel=\"iLightbox[gallery_image_1]\" class=\"fusion-lightbox\" target=\"_self\"><img loading=\"lazy\" decoding=\"async\" src=\"https:\/\/www.mpal.mp.br\/wp-content\/uploads\/2023\/09\/MICHELINE-ASSEMBLEIA-SETEMBRO-AMARELO-8.jpeg\" width=\"1600\" height=\"1066\" alt=\"\" title=\"MICHELINE ASSEMBLEIA SETEMBRO AMARELO (8)\" aria-label=\"MICHELINE ASSEMBLEIA SETEMBRO AMARELO (8)\" class=\"img-responsive wp-image-30793\" \/><\/a><\/div><\/div><div style=\"padding:5px;\" class=\"fusion-grid-column fusion-gallery-column fusion-gallery-column-3 hover-type-none\"><div class=\"fusion-gallery-image\"><a href=\"https:\/\/www.mpal.mp.br\/wp-content\/uploads\/2023\/09\/MICHELINE-ASSEMBLEIA-SETEMBRO-AMARELO-9.jpeg\" rel=\"noreferrer\" data-rel=\"iLightbox[gallery_image_1]\" class=\"fusion-lightbox\" target=\"_self\"><img loading=\"lazy\" decoding=\"async\" src=\"https:\/\/www.mpal.mp.br\/wp-content\/uploads\/2023\/09\/MICHELINE-ASSEMBLEIA-SETEMBRO-AMARELO-9.jpeg\" width=\"1600\" height=\"1066\" alt=\"\" title=\"MICHELINE ASSEMBLEIA SETEMBRO AMARELO (9)\" aria-label=\"MICHELINE ASSEMBLEIA SETEMBRO AMARELO (9)\" class=\"img-responsive wp-image-30794\" \/><\/a><\/div><\/div><div class=\"clearfix\"><\/div><div style=\"padding:5px;\" class=\"fusion-grid-column fusion-gallery-column fusion-gallery-column-3 hover-type-none\"><div class=\"fusion-gallery-image\"><a href=\"https:\/\/www.mpal.mp.br\/wp-content\/uploads\/2023\/09\/MICHELINE-ASSEMBLEIA-SETEMBRO-AMARELO-10.jpeg\" rel=\"noreferrer\" data-rel=\"iLightbox[gallery_image_1]\" class=\"fusion-lightbox\" target=\"_self\"><img loading=\"lazy\" decoding=\"async\" src=\"https:\/\/www.mpal.mp.br\/wp-content\/uploads\/2023\/09\/MICHELINE-ASSEMBLEIA-SETEMBRO-AMARELO-10.jpeg\" width=\"1600\" height=\"1066\" alt=\"\" title=\"MICHELINE ASSEMBLEIA SETEMBRO AMARELO (10)\" aria-label=\"MICHELINE ASSEMBLEIA SETEMBRO AMARELO (10)\" class=\"img-responsive wp-image-30795\" \/><\/a><\/div><\/div><div style=\"padding:5px;\" class=\"fusion-grid-column fusion-gallery-column fusion-gallery-column-3 hover-type-none\"><div class=\"fusion-gallery-image\"><a href=\"https:\/\/www.mpal.mp.br\/wp-content\/uploads\/2023\/09\/MICHELINE-ASSEMBLEIA-SETEMBRO-AMARELO-11.jpeg\" rel=\"noreferrer\" data-rel=\"iLightbox[gallery_image_1]\" class=\"fusion-lightbox\" target=\"_self\"><img loading=\"lazy\" decoding=\"async\" src=\"https:\/\/www.mpal.mp.br\/wp-content\/uploads\/2023\/09\/MICHELINE-ASSEMBLEIA-SETEMBRO-AMARELO-11.jpeg\" width=\"1600\" height=\"1066\" alt=\"\" title=\"MICHELINE ASSEMBLEIA SETEMBRO AMARELO (11)\" aria-label=\"MICHELINE ASSEMBLEIA SETEMBRO AMARELO (11)\" class=\"img-responsive wp-image-30796\" \/><\/a><\/div><\/div><\/div><div class=\"fusion-clearfix\"><\/div>\n\n\t\t\t\t\t<\/div>\n\t\t\t\t<\/div><\/div><\/div><div class=\"fusion-fullwidth fullwidth-box fusion-builder-row-2 nonhundred-percent-fullwidth non-hundred-percent-height-scrolling\"  style='background-color: #ffffff;background-position: center center;background-repeat: no-repeat;padding-top:0px;padding-right:0px;padding-bottom:0px;padding-left:0px;'><div class=\"fusion-builder-row fusion-row \"><div  class=\"fusion-layout-column fusion_builder_column fusion_builder_column_1_1 fusion-builder-column-2 fusion-one-full fusion-column-first fusion-column-last 1_1\"  style='margin-top:0px;margin-bottom:0px;'>\n\t\t\t\t\t<div class=\"fusion-column-wrapper\" style=\"padding: 0px 0px 0px 0px;background-position:left top;background-repeat:no-repeat;-webkit-background-size:cover;-moz-background-size:cover;-o-background-size:cover;background-size:cover;\"   data-bg-url=\"\">\n\t\t\t\t\t\t<div class=\"fusion-text\"><p><span style=\"font-size: 10pt;\"><em>Imagens: Claudemir Mota<\/em><\/span><\/p>\n<\/div><div class=\"fusion-clearfix\"><\/div>\n\n\t\t\t\t\t<\/div>\n\t\t\t\t<\/div><\/div><\/div><\/p>\n","protected":false},"excerpt":{"rendered":"","protected":false},"author":6,"featured_media":30820,"comment_status":"open","ping_status":"open","sticky":false,"template":"","format":"standard","meta":{"om_disable_all_campaigns":false,"_monsterinsights_skip_tracking":false,"_monsterinsights_sitenote_active":false,"_monsterinsights_sitenote_note":"","_monsterinsights_sitenote_category":0,"_uf_show_specific_survey":0,"_uf_disable_surveys":false,"footnotes":""},"categories":[2,50],"tags":[],"class_list":["post-30785","post","type-post","status-publish","format-standard","has-post-thumbnail","hentry","category-not_mpal","category-not_saude"],"aioseo_notices":[],"_links":{"self":[{"href":"https:\/\/www.mpal.mp.br\/index.php?rest_route=\/wp\/v2\/posts\/30785","targetHints":{"allow":["GET"]}}],"collection":[{"href":"https:\/\/www.mpal.mp.br\/index.php?rest_route=\/wp\/v2\/posts"}],"about":[{"href":"https:\/\/www.mpal.mp.br\/index.php?rest_route=\/wp\/v2\/types\/post"}],"author":[{"embeddable":true,"href":"https:\/\/www.mpal.mp.br\/index.php?rest_route=\/wp\/v2\/users\/6"}],"replies":[{"embeddable":true,"href":"https:\/\/www.mpal.mp.br\/index.php?rest_route=%2Fwp%2Fv2%2Fcomments&post=30785"}],"version-history":[{"count":5,"href":"https:\/\/www.mpal.mp.br\/index.php?rest_route=\/wp\/v2\/posts\/30785\/revisions"}],"predecessor-version":[{"id":30822,"href":"https:\/\/www.mpal.mp.br\/index.php?rest_route=\/wp\/v2\/posts\/30785\/revisions\/30822"}],"wp:featuredmedia":[{"embeddable":true,"href":"https:\/\/www.mpal.mp.br\/index.php?rest_route=\/wp\/v2\/media\/30820"}],"wp:attachment":[{"href":"https:\/\/www.mpal.mp.br\/index.php?rest_route=%2Fwp%2Fv2%2Fmedia&parent=30785"}],"wp:term":[{"taxonomy":"category","embeddable":true,"href":"https:\/\/www.mpal.mp.br\/index.php?rest_route=%2Fwp%2Fv2%2Fcategories&post=30785"},{"taxonomy":"post_tag","embeddable":true,"href":"https:\/\/www.mpal.mp.br\/index.php?rest_route=%2Fwp%2Fv2%2Ftags&post=30785"}],"curies":[{"name":"wp","href":"https:\/\/api.w.org\/{rel}","templated":true}]}}