{"id":30720,"date":"2023-09-11T12:14:51","date_gmt":"2023-09-11T15:14:51","guid":{"rendered":"https:\/\/www.mpal.mp.br\/?p=30720"},"modified":"2023-09-12T13:00:03","modified_gmt":"2023-09-12T16:00:03","slug":"setembro-amarelo-ministerio-publico-trara-entrevistas-com-especialistas-sobre-enfrentamento-ao-suicidio","status":"publish","type":"post","link":"https:\/\/www.mpal.mp.br\/?p=30720","title":{"rendered":"Setembro Amarelo: MPAL trar\u00e1 entrevistas com especialistas sobre enfrentamento ao suic\u00eddio"},"content":{"rendered":"<div class=\"fusion-fullwidth fullwidth-box fusion-builder-row-1 nonhundred-percent-fullwidth non-hundred-percent-height-scrolling\"  style='background-color: #ffffff;background-position: center center;background-repeat: no-repeat;padding-top:0px;padding-right:0px;padding-bottom:0px;padding-left:0px;'><div class=\"fusion-builder-row fusion-row \"><div  class=\"fusion-layout-column fusion_builder_column fusion_builder_column_1_1 fusion-builder-column-1 fusion-one-full fusion-column-first fusion-column-last 1_1\"  style='margin-top:0px;margin-bottom:0px;'>\n\t\t\t\t\t<div class=\"fusion-column-wrapper\" style=\"padding: 0px 0px 0px 0px;background-position:left top;background-repeat:no-repeat;-webkit-background-size:cover;-moz-background-size:cover;-o-background-size:cover;background-size:cover;\"   data-bg-url=\"\">\n\t\t\t\t\t\t<div class=\"fusion-text\"><p style=\"text-align: justify;\">Durante este m\u00eas, institui\u00e7\u00f5es de todo o mundo se unem em prol de uma causa em comum: a preven\u00e7\u00e3o ao suic\u00eddio. Para tratar sobre essa quest\u00e3o de sa\u00fade p\u00fablica, o Minist\u00e9rio P\u00fablico de Alagoas convidou v\u00e1rios profissionais para participar de uma s\u00e9rie especial que ser\u00e1 disponibilizada no canal do MP no YouTube. O projeto conta com a parceria da Unima.<\/p>\n<p style=\"text-align: justify;\">Ao longo de setembro, o MPAL vai trazer <em>videocasts<\/em> com especialistas que atuam na \u00e1rea da sa\u00fade mental, a exemplo de psiquiatras, psic\u00f3logos e terapeutas. Eles foram convidados para bater um papo sobre v\u00e1rios assuntos, como ansiedade, depress\u00e3o, automutila\u00e7\u00e3o, al\u00e9m de boas pr\u00e1ticas na promo\u00e7\u00e3o da sa\u00fade e bem-estar.<\/p>\n<p style=\"text-align: justify;\"><strong>Campanha<\/strong><\/p>\n<p style=\"text-align: justify;\">Com tema \u201cSe precisar, n\u00e3o espere, pe\u00e7a ajuda\u201d, a campanha deste ano busca alertar a popula\u00e7\u00e3o sobre a import\u00e2ncia do apoio de profissionais da sa\u00fade na valoriza\u00e7\u00e3o da vida e no enfrentamento a doen\u00e7as que podem levar ao suic\u00eddio, a exemplo da depress\u00e3o. \u00c9 o que explica a promotora de Justi\u00e7a Micheline Ten\u00f3rio, coordenadora do N\u00facleo de Defesa da Sa\u00fade P\u00fablica do MP.<\/p>\n<p style=\"text-align: justify;\">\u201c\u00c9 necess\u00e1rio que toda a sociedade esteja irmanada, preparada para enxergar o pr\u00f3ximo e a prestar o apoio necess\u00e1rio. Os gestores, por sua vez, precisam disponibilizar servi\u00e7os de sa\u00fade para o tratamento e cuidados com a sa\u00fade mental suficientes para a demanda. Dessa forma, a pessoa adoecida poder\u00e1 sair desse lugar onde impera a dor, a ang\u00fastia, a desilus\u00e3o e o desespero e passe a se enxergar como um ser humano com possibilidades reais e habilidades positivas. \u00c9 important\u00edssimo esse olhar e esse agir em prol da valoriza\u00e7\u00e3o da vida e da promo\u00e7\u00e3o do autocuidado. Tudo isso propicia ao indiv\u00edduo se enxergar como um ser humano capaz e apto a lutar por seu futuro e a mudar sua hist\u00f3ria \u201d, afirma.<\/p>\n<p style=\"text-align: justify;\"><strong>S\u00e9rie<\/strong><\/p>\n<p style=\"text-align: justify;\">O primeiro epis\u00f3dio da s\u00e9rie j\u00e1 est\u00e1 no ar. Nele, a psic\u00f3loga Micheline Falc\u00e3o destaca a import\u00e2ncia do cuidado da sa\u00fade de forma integral, processo que envolve mente, corpo e esp\u00edrito. \u201cA aten\u00e7\u00e3o a esses tr\u00eas pilares pode ajudar na preven\u00e7\u00e3o de muitas situa\u00e7\u00f5es. Sem o autoconhecimento, podemos ter muitos preju\u00edzos. Por isso, a terapia \u00e9 t\u00e3o importante\u201d, explica.<\/p>\n<p style=\"text-align: justify;\">Confira, abaixo, a entrevista completa!<\/p>\n<\/div><div class=\"fusion-video fusion-youtube\" style=\"max-width:600px;max-height:360px;\"><div class=\"video-shortcode\"><iframe loading=\"lazy\" title=\"YouTube video player\" src=\"https:\/\/www.youtube.com\/embed\/Z5RzjnhPVHk?wmode=transparent&autoplay=0\" width=\"600\" height=\"360\" allowfullscreen allow=\"autoplay; fullscreen\"><\/iframe><\/div><\/div><div class=\"fusion-clearfix\"><\/div>\n\n\t\t\t\t\t<\/div>\n\t\t\t\t<\/div><\/div><\/div>\n","protected":false},"excerpt":{"rendered":"","protected":false},"author":6,"featured_media":30841,"comment_status":"open","ping_status":"open","sticky":false,"template":"","format":"standard","meta":{"om_disable_all_campaigns":false,"_monsterinsights_skip_tracking":false,"_monsterinsights_sitenote_active":false,"_monsterinsights_sitenote_note":"","_monsterinsights_sitenote_category":0,"_uf_show_specific_survey":0,"_uf_disable_surveys":false,"footnotes":""},"categories":[2,50],"tags":[],"class_list":["post-30720","post","type-post","status-publish","format-standard","has-post-thumbnail","hentry","category-not_mpal","category-not_saude"],"aioseo_notices":[],"_links":{"self":[{"href":"https:\/\/www.mpal.mp.br\/index.php?rest_route=\/wp\/v2\/posts\/30720","targetHints":{"allow":["GET"]}}],"collection":[{"href":"https:\/\/www.mpal.mp.br\/index.php?rest_route=\/wp\/v2\/posts"}],"about":[{"href":"https:\/\/www.mpal.mp.br\/index.php?rest_route=\/wp\/v2\/types\/post"}],"author":[{"embeddable":true,"href":"https:\/\/www.mpal.mp.br\/index.php?rest_route=\/wp\/v2\/users\/6"}],"replies":[{"embeddable":true,"href":"https:\/\/www.mpal.mp.br\/index.php?rest_route=%2Fwp%2Fv2%2Fcomments&post=30720"}],"version-history":[{"count":15,"href":"https:\/\/www.mpal.mp.br\/index.php?rest_route=\/wp\/v2\/posts\/30720\/revisions"}],"predecessor-version":[{"id":30824,"href":"https:\/\/www.mpal.mp.br\/index.php?rest_route=\/wp\/v2\/posts\/30720\/revisions\/30824"}],"wp:featuredmedia":[{"embeddable":true,"href":"https:\/\/www.mpal.mp.br\/index.php?rest_route=\/wp\/v2\/media\/30841"}],"wp:attachment":[{"href":"https:\/\/www.mpal.mp.br\/index.php?rest_route=%2Fwp%2Fv2%2Fmedia&parent=30720"}],"wp:term":[{"taxonomy":"category","embeddable":true,"href":"https:\/\/www.mpal.mp.br\/index.php?rest_route=%2Fwp%2Fv2%2Fcategories&post=30720"},{"taxonomy":"post_tag","embeddable":true,"href":"https:\/\/www.mpal.mp.br\/index.php?rest_route=%2Fwp%2Fv2%2Ftags&post=30720"}],"curies":[{"name":"wp","href":"https:\/\/api.w.org\/{rel}","templated":true}]}}