{"id":30584,"date":"2023-09-06T07:45:40","date_gmt":"2023-09-06T10:45:40","guid":{"rendered":"https:\/\/www.mpal.mp.br\/?p=30584"},"modified":"2023-09-06T13:58:57","modified_gmt":"2023-09-06T16:58:57","slug":"ministerio-publico-realizara-capacitacao-com-as-forcas-de-seguranca-do-estado","status":"publish","type":"post","link":"https:\/\/www.mpal.mp.br\/?p=30584","title":{"rendered":"Minist\u00e9rio P\u00fablico realizar\u00e1 capacita\u00e7\u00e3o com as for\u00e7as de seguran\u00e7a do estado"},"content":{"rendered":"<div class=\"fusion-fullwidth fullwidth-box fusion-builder-row-1 nonhundred-percent-fullwidth non-hundred-percent-height-scrolling\"  style='background-color: #ffffff;background-position: center center;background-repeat: no-repeat;padding-top:0px;padding-right:0px;padding-bottom:0px;padding-left:0px;'><div class=\"fusion-builder-row fusion-row \"><div  class=\"fusion-layout-column fusion_builder_column fusion_builder_column_1_1 fusion-builder-column-1 fusion-one-full fusion-column-first fusion-column-last 1_1\"  style='margin-top:0px;margin-bottom:0px;'>\n\t\t\t\t\t<div class=\"fusion-column-wrapper\" style=\"padding: 0px 0px 0px 0px;background-position:left top;background-repeat:no-repeat;-webkit-background-size:cover;-moz-background-size:cover;-o-background-size:cover;background-size:cover;\"   data-bg-url=\"\">\n\t\t\t\t\t\t<div class=\"fusion-text\"><p style=\"text-align: justify;\">Na pr\u00f3xima semana, o Minist\u00e9rio P\u00fablico de Alagoas realizar\u00e1 o II Workshop de Capacita\u00e7\u00e3o das For\u00e7as de Seguran\u00e7a do Estado de Alagoas. Ao todo, ser\u00e3o dois encontros: o primeiro no dia 11 de setembro e o outro no dia 18. As capacita\u00e7\u00f5es ser\u00e3o no munic\u00edpio de Penedo, no Teatro Sete de Setembro, Centro Hist\u00f3rico.<\/p>\n<p style=\"text-align: justify;\">Nesta edi\u00e7\u00e3o, o evento vai tratar sobre os desafios da atividade policial ostensiva frente ao pacote anticrime na regi\u00e3o de Coruripe e Baixo S\u00e3o Francisco. As inscri\u00e7\u00f5es para a capacita\u00e7\u00e3o do <strong>dia 11<\/strong> s\u00e3o neste link: <strong><a href=\"https:\/\/ead.mpal.mp.br\/login\/index.php\" target=\"_blank\" rel=\"noopener\">clique aqui<\/a><\/strong>.\u00a0 Para o <strong>dia 18<\/strong>, <strong><a href=\"https:\/\/ead.mpal.mp.br\/login\/index.php\" target=\"_blank\" rel=\"noopener\">clique aqui<\/a><\/strong>. O evento tem como p\u00fablico o 11\u00ba Batalh\u00e3o de Pol\u00edcia Militar.<\/p>\n<p style=\"text-align: justify;\">Confira, abaixo, a programa\u00e7\u00e3o:<\/p>\n<p style=\"text-align: justify; padding-left: 40px;\"><strong>8h<\/strong> &#8211; Credenciamento<br \/>\n<strong>9h<\/strong> &#8211; Abertura oficial<br \/>\n<strong>10h<\/strong> &#8211; <span style=\"text-decoration: underline;\">Eixo Tem\u00e1tico 1<\/span>: A Audi\u00eancia de Cust\u00f3dia &#8211; Crimes de Abuso de Autoridade<br \/>\n<strong>10h40<\/strong> &#8211; <span style=\"text-decoration: underline;\">Eixo tem\u00e1tico 2<\/span>: Reflexos da Audi\u00eancia de Cust\u00f3dia da Imputa\u00e7\u00e3o de Conduta Ilegal no Ex\u00e9rcito da Atividade Policial<br \/>\n<strong>11h20<\/strong> &#8211; <span style=\"text-decoration: underline;\">Eixo tem\u00e1tico 3<\/span>: Abordagens e Ingresso em Domic\u00edlio pelas For\u00e7as Policiais: Contornos para uma Adequa\u00e7\u00e3o Atua\u00e7\u00e3o<br \/>\n<strong>12h<\/strong> &#8211; <span style=\"text-decoration: underline;\">Eixo Tem\u00e1tico 4<\/span>: A Dignifica\u00e7\u00e3o dos Agentes das For\u00e7as de Seguran\u00e7a P\u00fablica<\/p>\n<p style=\"text-align: justify;\">As palestras ser\u00e3o de 9h \u00e0s 13h e ficar\u00e3o a cargo das promotoras de Justi\u00e7a Silvana Almeida Abreu, Mirya Ferro e L\u00eddia Malta, contando tamb\u00e9m com a participa\u00e7\u00e3o do corregedor-geral da PM, cel. Jefferson Clayton Nascimento de Assun\u00e7\u00e3o.<\/p>\n<p style=\"text-align: justify;\">Realizada pelo CAOP, atrav\u00e9s do NUDDH e do NUCC, a capacita\u00e7\u00e3o conta com o apoio da PM, Escola Superior do Minist\u00e9rio P\u00fablico, Nudemp e Promotorias de Justi\u00e7a de Coruripe, Feliz Deserto, Igreja Nova, Penedo, Pia\u00e7abu\u00e7u, Porto Real do Col\u00e9gio e S\u00e3o Br\u00e1s.<\/p>\n<p style=\"text-align: justify;\"><strong>Mais informa\u00e7\u00f5es no banner abaixo:<\/strong><\/p>\n<\/div><style type=\"text\/css\">.fusion-gallery-1 .fusion-gallery-image {border:0px solid #f6f6f6;-webkit-border-radius:5px;-moz-border-radius:5px;border-radius:5px;}<\/style><div class=\"fusion-gallery fusion-gallery-container fusion-grid-3 fusion-columns-total-0 fusion-gallery-layout-grid fusion-gallery-1\" style=\"margin:-5px;\"><div style=\"padding:5px;\" class=\"fusion-grid-column fusion-gallery-column fusion-gallery-column-3 hover-type-none\"><div class=\"fusion-gallery-image\"><a href=\"https:\/\/www.mpal.mp.br\/wp-content\/uploads\/2023\/09\/WhatsApp-Image-2023-09-06-at-10.28.29.jpeg\" rel=\"noreferrer\" data-rel=\"iLightbox[gallery_image_1]\" class=\"fusion-lightbox\" target=\"_self\"><img loading=\"lazy\" decoding=\"async\" src=\"https:\/\/www.mpal.mp.br\/wp-content\/uploads\/2023\/09\/WhatsApp-Image-2023-09-06-at-10.28.29.jpeg\" width=\"1130\" height=\"1600\" alt=\"\" title=\"WhatsApp Image 2023-09-06 at 10.28.29\" aria-label=\"WhatsApp Image 2023-09-06 at 10.28.29\" class=\"img-responsive wp-image-30603\" \/><\/a><\/div><\/div><\/div><div class=\"fusion-clearfix\"><\/div>\n\n\t\t\t\t\t<\/div>\n\t\t\t\t<\/div><\/div><\/div>\n","protected":false},"excerpt":{"rendered":"","protected":false},"author":6,"featured_media":30585,"comment_status":"open","ping_status":"open","sticky":false,"template":"","format":"standard","meta":{"om_disable_all_campaigns":false,"_monsterinsights_skip_tracking":false,"_monsterinsights_sitenote_active":false,"_monsterinsights_sitenote_note":"","_monsterinsights_sitenote_category":0,"_uf_show_specific_survey":0,"_uf_disable_surveys":false,"footnotes":""},"categories":[2,52],"tags":[],"class_list":["post-30584","post","type-post","status-publish","format-standard","has-post-thumbnail","hentry","category-not_mpal","category-not_seguranca_publica"],"aioseo_notices":[],"_links":{"self":[{"href":"https:\/\/www.mpal.mp.br\/index.php?rest_route=\/wp\/v2\/posts\/30584","targetHints":{"allow":["GET"]}}],"collection":[{"href":"https:\/\/www.mpal.mp.br\/index.php?rest_route=\/wp\/v2\/posts"}],"about":[{"href":"https:\/\/www.mpal.mp.br\/index.php?rest_route=\/wp\/v2\/types\/post"}],"author":[{"embeddable":true,"href":"https:\/\/www.mpal.mp.br\/index.php?rest_route=\/wp\/v2\/users\/6"}],"replies":[{"embeddable":true,"href":"https:\/\/www.mpal.mp.br\/index.php?rest_route=%2Fwp%2Fv2%2Fcomments&post=30584"}],"version-history":[{"count":22,"href":"https:\/\/www.mpal.mp.br\/index.php?rest_route=\/wp\/v2\/posts\/30584\/revisions"}],"predecessor-version":[{"id":30642,"href":"https:\/\/www.mpal.mp.br\/index.php?rest_route=\/wp\/v2\/posts\/30584\/revisions\/30642"}],"wp:featuredmedia":[{"embeddable":true,"href":"https:\/\/www.mpal.mp.br\/index.php?rest_route=\/wp\/v2\/media\/30585"}],"wp:attachment":[{"href":"https:\/\/www.mpal.mp.br\/index.php?rest_route=%2Fwp%2Fv2%2Fmedia&parent=30584"}],"wp:term":[{"taxonomy":"category","embeddable":true,"href":"https:\/\/www.mpal.mp.br\/index.php?rest_route=%2Fwp%2Fv2%2Fcategories&post=30584"},{"taxonomy":"post_tag","embeddable":true,"href":"https:\/\/www.mpal.mp.br\/index.php?rest_route=%2Fwp%2Fv2%2Ftags&post=30584"}],"curies":[{"name":"wp","href":"https:\/\/api.w.org\/{rel}","templated":true}]}}