{"id":30438,"date":"2023-08-31T13:05:10","date_gmt":"2023-08-31T16:05:10","guid":{"rendered":"https:\/\/www.mpal.mp.br\/?p=30438"},"modified":"2023-08-31T13:17:42","modified_gmt":"2023-08-31T16:17:42","slug":"escuta-protegida-e-tema-de-palestra-realizada-pelo-mpal-em-sao-miguel-dos-campos","status":"publish","type":"post","link":"https:\/\/www.mpal.mp.br\/?p=30438","title":{"rendered":"Escuta protegida \u00e9 tema de palestra realizada pelo MPAL em S\u00e3o Miguel dos Campos"},"content":{"rendered":"<p style=\"text-align: justify;\"><span style=\"font-size: 14pt; font-family: georgia, palatino, serif;\">Nesta quinta-feira (31), o Minist\u00e9rio P\u00fablico de Alagoas realizou palestra sobre a import\u00e2ncia da escuta protegida na garantia dos direitos de crian\u00e7as e adolescentes. O evento foi voltado \u00e0 rede de prote\u00e7\u00e3o \u00e0 inf\u00e2ncia de S\u00e3o Miguel dos Campos, Roteiro e Jequi\u00e1.<\/span><\/p>\n<p style=\"text-align: justify;\"><span style=\"font-size: 14pt; font-family: georgia, palatino, serif;\">\u201cNa manh\u00e3 de hoje, conversei com os profissionais que atuam na \u00e1rea da inf\u00e2ncia sobre a escuta protegida. Falei sobre no\u00e7\u00f5es gerais, cautelas a serem adotadas e o papel dos profissionais de cada \u00e1rea\u201d, destaca o promotor de Justi\u00e7a Marllisson Andrade.<\/span><\/p>\n<p style=\"text-align: justify;\"><span style=\"font-size: 14pt; font-family: georgia, palatino, serif;\">Visando a prote\u00e7\u00e3o de crian\u00e7as e adolescentes, a Lei 13.431, de 2017, estabelece alguns mecanismos para a realiza\u00e7\u00e3o da escuta de meninos e meninas que tenham sido v\u00edtimas ou testemunhas de algum tipo de viol\u00eancia.<\/span><\/p>\n<p><strong><span style=\"font-size: 14pt; font-family: georgia, palatino, serif;\">Saiba mais<\/span><\/strong><\/p>\n<p style=\"text-align: justify;\"><span style=\"font-size: 14pt; font-family: georgia, palatino, serif;\">Um desses mecanismos \u00e9 a escuta especializada, procedimento de entrevista sobre situa\u00e7\u00e3o de viol\u00eancia com crian\u00e7a ou adolescente feita por \u00f3rg\u00e3o da rede de prote\u00e7\u00e3o, limitado o relato estritamente ao necess\u00e1rio para o cumprimento de sua finalidade.<\/span><\/p>\n<p style=\"text-align: justify;\"><span style=\"font-size: 14pt; font-family: georgia, palatino, serif;\">A lei traz tamb\u00e9m o depoimento especial, procedimento de oitiva de crian\u00e7a ou adolescente v\u00edtima ou testemunha de viol\u00eancia realizado por autoridade policial ou judici\u00e1ria.<\/span><\/p>\n<p style=\"text-align: justify;\"><span style=\"font-size: 14pt; font-family: georgia, palatino, serif;\">&#8220;Conversamos sobre esse assunto hoje com profissionais de v\u00e1rias \u00e1reas: psicologia, assist\u00eancia social, educa\u00e7\u00e3o e sa\u00fade. Conhecer esses procedimentos \u00e9 de extrema import\u00e2ncia para todos que atuam na rede de prote\u00e7\u00e3o da inf\u00e2ncia\u201d, relata o promotor.<\/span><\/p>\n","protected":false},"excerpt":{"rendered":"<p> [&hellip;]<\/p>\n","protected":false},"author":6,"featured_media":30439,"comment_status":"open","ping_status":"open","sticky":false,"template":"","format":"standard","meta":{"om_disable_all_campaigns":false,"_monsterinsights_skip_tracking":false,"_monsterinsights_sitenote_active":false,"_monsterinsights_sitenote_note":"","_monsterinsights_sitenote_category":0,"_uf_show_specific_survey":0,"_uf_disable_surveys":false,"footnotes":""},"categories":[51,2,50],"tags":[],"class_list":["post-30438","post","type-post","status-publish","format-standard","has-post-thumbnail","hentry","category-not_educacao","category-not_mpal","category-not_saude"],"aioseo_notices":[],"_links":{"self":[{"href":"https:\/\/www.mpal.mp.br\/index.php?rest_route=\/wp\/v2\/posts\/30438","targetHints":{"allow":["GET"]}}],"collection":[{"href":"https:\/\/www.mpal.mp.br\/index.php?rest_route=\/wp\/v2\/posts"}],"about":[{"href":"https:\/\/www.mpal.mp.br\/index.php?rest_route=\/wp\/v2\/types\/post"}],"author":[{"embeddable":true,"href":"https:\/\/www.mpal.mp.br\/index.php?rest_route=\/wp\/v2\/users\/6"}],"replies":[{"embeddable":true,"href":"https:\/\/www.mpal.mp.br\/index.php?rest_route=%2Fwp%2Fv2%2Fcomments&post=30438"}],"version-history":[{"count":16,"href":"https:\/\/www.mpal.mp.br\/index.php?rest_route=\/wp\/v2\/posts\/30438\/revisions"}],"predecessor-version":[{"id":30455,"href":"https:\/\/www.mpal.mp.br\/index.php?rest_route=\/wp\/v2\/posts\/30438\/revisions\/30455"}],"wp:featuredmedia":[{"embeddable":true,"href":"https:\/\/www.mpal.mp.br\/index.php?rest_route=\/wp\/v2\/media\/30439"}],"wp:attachment":[{"href":"https:\/\/www.mpal.mp.br\/index.php?rest_route=%2Fwp%2Fv2%2Fmedia&parent=30438"}],"wp:term":[{"taxonomy":"category","embeddable":true,"href":"https:\/\/www.mpal.mp.br\/index.php?rest_route=%2Fwp%2Fv2%2Fcategories&post=30438"},{"taxonomy":"post_tag","embeddable":true,"href":"https:\/\/www.mpal.mp.br\/index.php?rest_route=%2Fwp%2Fv2%2Ftags&post=30438"}],"curies":[{"name":"wp","href":"https:\/\/api.w.org\/{rel}","templated":true}]}}