{"id":30202,"date":"2023-08-24T13:48:49","date_gmt":"2023-08-24T16:48:49","guid":{"rendered":"https:\/\/www.mpal.mp.br\/?p=30202"},"modified":"2024-08-06T10:29:10","modified_gmt":"2024-08-06T13:29:10","slug":"ministerio-publico-de-alagoas-empossa-nova-servidora-aprovado-em-concurso-publico","status":"publish","type":"post","link":"https:\/\/www.mpal.mp.br\/?p=30202","title":{"rendered":"Minist\u00e9rio P\u00fablico de Alagoas empossa nova servidora aprovado em concurso p\u00fablico"},"content":{"rendered":"<div class=\"fusion-fullwidth fullwidth-box fusion-builder-row-1 nonhundred-percent-fullwidth non-hundred-percent-height-scrolling\"  style='background-color: #ffffff;background-position: center center;background-repeat: no-repeat;padding-top:0px;padding-right:0px;padding-bottom:0px;padding-left:0px;'><div class=\"fusion-builder-row fusion-row \"><div  class=\"fusion-layout-column fusion_builder_column fusion_builder_column_1_1 fusion-builder-column-1 fusion-one-full fusion-column-first fusion-column-last 1_1\"  style='margin-top:0px;margin-bottom:0px;'>\n\t\t\t\t\t<div class=\"fusion-column-wrapper\" style=\"padding: 0px 0px 0px 0px;background-position:left top;background-repeat:no-repeat;-webkit-background-size:cover;-moz-background-size:cover;-o-background-size:cover;background-size:cover;\"   data-bg-url=\"\">\n\t\t\t\t\t\t<div class=\"fusion-text\"><p style=\"text-align: justify;\">O Minist\u00e9rio P\u00fablico do Estado de Alagoas, por meio do procurador-geral de Justi\u00e7a em exerc\u00edcio, Lean Ara\u00fajo, deu posse, nesta quinta-feira (24), a mais uma servidora aprovada no \u00faltimo concurso p\u00fablico realizado pela institui\u00e7\u00e3o. Cynthia Calheiros Leite vai desempenhar suas atividades na \u00e1rea administrativa.<\/p>\n<p style=\"text-align: justify;\">Com o ato solene de posse realizado, a nova funcion\u00e1ria p\u00fablica j\u00e1 entrar\u00e1 em exerc\u00edcio imediatamente. Ela vai ocupar a fun\u00e7\u00e3o de t\u00e9cnica do Minist\u00e9rio P\u00fablico do quadro de servi\u00e7os auxiliares de apoio t\u00e9cnico e administrativo, desempenhando suas atividades na 62\u00aa Promotoria de Justi\u00e7a da capital.<\/p>\n<p style=\"text-align: justify;\">Ap\u00f3s assinar o ato de nomea\u00e7\u00e3o, Lean Ara\u00fajo deu boas-vindas a Cynthia Calheiros Leite e afirmou que ter a certeza de que a servidora ajudar\u00e1 o MPAL a prestar grandes servi\u00e7os \u00e0 popula\u00e7\u00e3o: \u201cNossos esfor\u00e7os s\u00e3o no sentindo de preencher os cargos vagos para que a institui\u00e7\u00e3o, com o trabalho e dedica\u00e7\u00e3o de cada novo integrante que chega, possa atender os anseios da sociedade com ainda mais efici\u00eancia e compromisso. Voc\u00ea ser\u00e1 bem acolhida por nossa institui\u00e7\u00e3o e sentir\u00e1 que, aqui, somos uma fam\u00edlia\u201d, disse ele.<\/p>\n<p style=\"text-align: justify;\">A solenidade de posse foi prestigiada pela servidora Dilma Queir\u00f3s, diretora de Pessoal do Minist\u00e9rio P\u00fablico do Estado de Alagoas.<\/p>\n<p style=\"text-align: justify;\">Cynthia Calheiros Leite teve seu ato de nomea\u00e7\u00e3o n\u00ba 81\/2023 publicado no di\u00e1rio oficial do dia 19 de julho deste ano.<\/p>\n<p style=\"text-align: justify;\"><sub><strong>Foto: Claudemir Mota.\u00a0<\/strong><\/sub><\/p>\n<\/div><div class=\"fusion-clearfix\"><\/div>\n\n\t\t\t\t\t<\/div>\n\t\t\t\t<\/div><\/div><\/div>\n","protected":false},"excerpt":{"rendered":"","protected":false},"author":17,"featured_media":30391,"comment_status":"closed","ping_status":"closed","sticky":false,"template":"","format":"standard","meta":{"om_disable_all_campaigns":false,"_monsterinsights_skip_tracking":false,"_monsterinsights_sitenote_active":false,"_monsterinsights_sitenote_note":"","_monsterinsights_sitenote_category":0,"_uf_show_specific_survey":0,"_uf_disable_surveys":false,"footnotes":""},"categories":[18,2],"tags":[],"class_list":["post-30202","post","type-post","status-publish","format-standard","has-post-thumbnail","hentry","category-not_concursos","category-not_mpal"],"aioseo_notices":[],"_links":{"self":[{"href":"https:\/\/www.mpal.mp.br\/index.php?rest_route=\/wp\/v2\/posts\/30202","targetHints":{"allow":["GET"]}}],"collection":[{"href":"https:\/\/www.mpal.mp.br\/index.php?rest_route=\/wp\/v2\/posts"}],"about":[{"href":"https:\/\/www.mpal.mp.br\/index.php?rest_route=\/wp\/v2\/types\/post"}],"author":[{"embeddable":true,"href":"https:\/\/www.mpal.mp.br\/index.php?rest_route=\/wp\/v2\/users\/17"}],"replies":[{"embeddable":true,"href":"https:\/\/www.mpal.mp.br\/index.php?rest_route=%2Fwp%2Fv2%2Fcomments&post=30202"}],"version-history":[{"count":4,"href":"https:\/\/www.mpal.mp.br\/index.php?rest_route=\/wp\/v2\/posts\/30202\/revisions"}],"predecessor-version":[{"id":30392,"href":"https:\/\/www.mpal.mp.br\/index.php?rest_route=\/wp\/v2\/posts\/30202\/revisions\/30392"}],"wp:featuredmedia":[{"embeddable":true,"href":"https:\/\/www.mpal.mp.br\/index.php?rest_route=\/wp\/v2\/media\/30391"}],"wp:attachment":[{"href":"https:\/\/www.mpal.mp.br\/index.php?rest_route=%2Fwp%2Fv2%2Fmedia&parent=30202"}],"wp:term":[{"taxonomy":"category","embeddable":true,"href":"https:\/\/www.mpal.mp.br\/index.php?rest_route=%2Fwp%2Fv2%2Fcategories&post=30202"},{"taxonomy":"post_tag","embeddable":true,"href":"https:\/\/www.mpal.mp.br\/index.php?rest_route=%2Fwp%2Fv2%2Ftags&post=30202"}],"curies":[{"name":"wp","href":"https:\/\/api.w.org\/{rel}","templated":true}]}}