{"id":30200,"date":"2023-08-24T13:25:05","date_gmt":"2023-08-24T16:25:05","guid":{"rendered":"https:\/\/www.mpal.mp.br\/?p=30200"},"modified":"2023-08-24T13:25:05","modified_gmt":"2023-08-24T16:25:05","slug":"mpal-recomenda-aquisicao-de-instrumentos-de-menor-potencial-ofensivo-pela-pm","status":"publish","type":"post","link":"https:\/\/www.mpal.mp.br\/?p=30200","title":{"rendered":"MPAL recomenda aquisi\u00e7\u00e3o de instrumentos de menor potencial ofensivo pela PM"},"content":{"rendered":"<p style=\"text-align: justify;\"><span style=\"font-size: 14pt;\">Em recomenda\u00e7\u00e3o, o Minist\u00e9rio P\u00fablico de Alagoas sugere a aquisi\u00e7\u00e3o pela Pol\u00edcia Militar de instrumentos de seguran\u00e7a de menor potencial ofensivo, material a ser disponibilizado aos militares que atuam em Macei\u00f3. O objetivo da medida \u00e9 diminuir os riscos \u00e0 integridade de todos, policiais e popula\u00e7\u00e3o.<\/span><\/p>\n<p style=\"text-align: justify;\"><span style=\"font-size: 14pt;\">Na recomenda\u00e7\u00e3o, o MP solicita o aparelhamento de todas as guarni\u00e7\u00f5es da Pol\u00edcia Militar da capital com, pelo menos, uma arma de eletrochoque, uma espingarda de calibre 12 e spray de pimenta, devendo ser realizada a orienta\u00e7\u00e3o dos policiais para que se equipem com, no m\u00ednimo, dois petrechos de baixo potencial lesivo.<\/span><\/p>\n<p style=\"text-align: justify;\"><strong><span style=\"font-size: 14pt;\">Outras medidas<\/span><\/strong><\/p>\n<p style=\"text-align: justify;\"><span style=\"font-size: 14pt;\">Ao equipar os batalh\u00f5es da PM da capital, o Minist\u00e9rio P\u00fablico sugere que o Comando-Geral leve em considera\u00e7\u00e3o o n\u00famero de guarni\u00e7\u00f5es atuando em cada unidade, propondo tamb\u00e9m o treinamento do efetivo para o correto uso do material.<\/span><\/p>\n<p style=\"text-align: justify;\"><span style=\"font-size: 14pt;\">O Minist\u00e9rio P\u00fablico solicita a edi\u00e7\u00e3o de atos normativos em Procedimentos Operacionais Padr\u00e3o, disciplinando sobre o uso o progressivo da for\u00e7a por militares, com indica\u00e7\u00e3o sobre quais equipamentos s\u00e3o mais adequados para cada situa\u00e7\u00e3o. Por fim, o Comando-Geral da PM deve ainda publicar os termos da recomenda\u00e7\u00e3o no Boletim Geral Ostensivo.<\/span><\/p>\n<p style=\"text-align: justify;\"><strong><span style=\"font-size: 14pt;\">Implementa\u00e7\u00e3o<\/span><\/strong><\/p>\n<p style=\"text-align: justify;\"><span style=\"font-size: 14pt;\">A sugest\u00e3o trazida pelo Minist\u00e9rio P\u00fablico \u00e9 que a SSP (Secretaria de Estado da Seguran\u00e7a P\u00fablica) acompanhe a aquisi\u00e7\u00e3o e a distribui\u00e7\u00e3o dos instrumentos, assim como a elabora\u00e7\u00e3o dos atos normativos citados acima.<\/span><\/p>\n","protected":false},"excerpt":{"rendered":"<p> [&hellip;]<\/p>\n","protected":false},"author":6,"featured_media":28677,"comment_status":"open","ping_status":"open","sticky":false,"template":"","format":"standard","meta":{"om_disable_all_campaigns":false,"_monsterinsights_skip_tracking":false,"_monsterinsights_sitenote_active":false,"_monsterinsights_sitenote_note":"","_monsterinsights_sitenote_category":0,"_uf_show_specific_survey":0,"_uf_disable_surveys":false,"footnotes":""},"categories":[2,52],"tags":[],"class_list":["post-30200","post","type-post","status-publish","format-standard","has-post-thumbnail","hentry","category-not_mpal","category-not_seguranca_publica"],"aioseo_notices":[],"_links":{"self":[{"href":"https:\/\/www.mpal.mp.br\/index.php?rest_route=\/wp\/v2\/posts\/30200","targetHints":{"allow":["GET"]}}],"collection":[{"href":"https:\/\/www.mpal.mp.br\/index.php?rest_route=\/wp\/v2\/posts"}],"about":[{"href":"https:\/\/www.mpal.mp.br\/index.php?rest_route=\/wp\/v2\/types\/post"}],"author":[{"embeddable":true,"href":"https:\/\/www.mpal.mp.br\/index.php?rest_route=\/wp\/v2\/users\/6"}],"replies":[{"embeddable":true,"href":"https:\/\/www.mpal.mp.br\/index.php?rest_route=%2Fwp%2Fv2%2Fcomments&post=30200"}],"version-history":[{"count":1,"href":"https:\/\/www.mpal.mp.br\/index.php?rest_route=\/wp\/v2\/posts\/30200\/revisions"}],"predecessor-version":[{"id":30201,"href":"https:\/\/www.mpal.mp.br\/index.php?rest_route=\/wp\/v2\/posts\/30200\/revisions\/30201"}],"wp:featuredmedia":[{"embeddable":true,"href":"https:\/\/www.mpal.mp.br\/index.php?rest_route=\/wp\/v2\/media\/28677"}],"wp:attachment":[{"href":"https:\/\/www.mpal.mp.br\/index.php?rest_route=%2Fwp%2Fv2%2Fmedia&parent=30200"}],"wp:term":[{"taxonomy":"category","embeddable":true,"href":"https:\/\/www.mpal.mp.br\/index.php?rest_route=%2Fwp%2Fv2%2Fcategories&post=30200"},{"taxonomy":"post_tag","embeddable":true,"href":"https:\/\/www.mpal.mp.br\/index.php?rest_route=%2Fwp%2Fv2%2Ftags&post=30200"}],"curies":[{"name":"wp","href":"https:\/\/api.w.org\/{rel}","templated":true}]}}